

{"id":69469,"date":"2026-04-29T14:01:31","date_gmt":"2026-04-29T11:01:31","guid":{"rendered":"https:\/\/zeytinburnu.istanbul\/?p=69469"},"modified":"2026-04-29T14:02:33","modified_gmt":"2026-04-29T11:02:33","slug":"uluslararasi-gonullulerden-bahcede-renkli-atolye-calismalari","status":"publish","type":"post","link":"https:\/\/zeytinburnu.istanbul\/haberler\/uluslararasi-gonullulerden-bahcede-renkli-atolye-calismalari\/","title":{"rendered":"Uluslararas\u0131 G\u00f6n\u00fcll\u00fclerden Bah\u00e7ede Renkli At\u00f6lye \u00c7al\u0131\u015fmalar\u0131"},"content":{"rendered":"<p>G\u00f6n\u00fcll\u00fc \u00e7al\u0131\u015fmalar kapsam\u0131nda Romanya\u2019dan gelen Erasmus grubu \u00f6\u011frencileri, y\u00fcr\u00fct\u00fclen bah\u00e7e \u00e7al\u0131\u015fmalar\u0131na kat\u0131larak \u00e7evre d\u00fczenleme faaliyetlerinde g\u00f6rev ald\u0131. Toplam 18 \u00f6\u011frenciden olu\u015fan grup, yakla\u015f\u0131k 8 g\u00fcnd\u00fcr devam eden \u00e7al\u0131\u015fmalarda aktif rol \u00fcstleniyor.<\/p>\n<p>\u00d6\u011frenciler, bah\u00e7e d\u00fczenleme \u00e7al\u0131\u015fmalar\u0131n\u0131n yan\u0131 s\u0131ra \u201cKu\u015f Evi Yap\u0131m\u0131\u201d ve \u201cAt\u0131klar Geri D\u00f6n\u00fcyor\u201d at\u00f6lyeleri de ger\u00e7ekle\u015ftirdi. At\u0131k malzemelerin yeniden de\u011ferlendirilerek farkl\u0131 \u00fcr\u00fcnlere d\u00f6n\u00fc\u015ft\u00fcr\u00fcld\u00fc\u011f\u00fc etkinliklerde \u00f6\u011frenciler hem \u00fcretmenin hem de \u00e7evre bilincinin \u00f6nemini deneyimleme f\u0131rsat\u0131 buldu.<\/p>\n<p>Ku\u015f evi yap\u0131m at\u00f6lyesinde haz\u0131rlanan \u00e7al\u0131\u015fmalarla do\u011faya katk\u0131 sa\u011flan\u0131rken, geri d\u00f6n\u00fc\u015f\u00fcm temal\u0131 etkinliklerde s\u00fcrd\u00fcr\u00fclebilir ya\u015fam konusunda fark\u0131ndal\u0131k olu\u015fturuldu. Farkl\u0131 k\u00fclt\u00fcrlerden gen\u00e7leri bir araya getiren \u00e7al\u0131\u015fmalar, dayan\u0131\u015fma ve ortak \u00fcretim ruhuyla renkli g\u00f6r\u00fcnt\u00fclere sahne oldu.<\/p>\n<p>Yetkililer, g\u00f6n\u00fcll\u00fcl\u00fck esas\u0131na dayal\u0131 uluslararas\u0131 projelerin gen\u00e7lerin sosyal sorumluluk bilincini g\u00fc\u00e7lendirdi\u011fini ve k\u00fclt\u00fcrel etkile\u015fime \u00f6nemli katk\u0131 sundu\u011funu belirtti.<\/p>\n","protected":false},"excerpt":{"rendered":"<p>G\u00f6n\u00fcll\u00fc \u00e7al\u0131\u015fmalar kapsam\u0131nda Romanya\u2019dan gelen Erasmus grubu \u00f6\u011frencileri, y\u00fcr\u00fct\u00fclen bah\u00e7e \u00e7al\u0131\u015fmalar\u0131na kat\u0131larak \u00e7evre d\u00fczenleme faaliyetlerinde g\u00f6rev ald\u0131. Toplam 18 \u00f6\u011frenciden olu\u015fan grup, yakla\u015f\u0131k 8 g\u00fcnd\u00fcr devam eden \u00e7al\u0131\u015fmalarda aktif rol \u00fcstleniyor. \u00d6\u011frenciler, bah\u00e7e d\u00fczenleme \u00e7al\u0131\u015fmalar\u0131n\u0131n yan\u0131 s\u0131ra \u201cKu\u015f Evi Yap\u0131m\u0131\u201d ve \u201cAt\u0131klar Geri D\u00f6n\u00fcyor\u201d at\u00f6lyeleri de ger\u00e7ekle\u015ftirdi. At\u0131k malzemelerin yeniden de\u011ferlendirilerek farkl\u0131 \u00fcr\u00fcnlere d\u00f6n\u00fc\u015ft\u00fcr\u00fcld\u00fc\u011f\u00fc etkinliklerde [&hellip;]<\/p>\n","protected":false},"author":6,"featured_media":69470,"comment_status":"closed","ping_status":"closed","sticky":false,"template":"","format":"standard","meta":{"inline_featured_image":false,"footnotes":""},"categories":[1],"tags":[],"acf":[],"yoast_head":"<!-- This site is optimized with the Yoast SEO plugin v21.5 - https:\/\/yoast.com\/wordpress\/plugins\/seo\/ -->\n<title>Uluslararas\u0131 G\u00f6n\u00fcll\u00fclerden Bah\u00e7ede Renkli At\u00f6lye \u00c7al\u0131\u015fmalar\u0131 - Zeytinburnu Belediyesi<\/title>\n<meta name=\"robots\" content=\"index, follow, max-snippet:-1, max-image-preview:large, max-video-preview:-1\" \/>\n<link rel=\"canonical\" href=\"https:\/\/zeytinburnu.istanbul\/haberler\/uluslararasi-gonullulerden-bahcede-renkli-atolye-calismalari\/\" \/>\n<meta property=\"og:locale\" content=\"tr_TR\" \/>\n<meta property=\"og:type\" content=\"article\" \/>\n<meta property=\"og:title\" content=\"Uluslararas\u0131 G\u00f6n\u00fcll\u00fclerden Bah\u00e7ede Renkli At\u00f6lye \u00c7al\u0131\u015fmalar\u0131 - Zeytinburnu Belediyesi\" \/>\n<meta property=\"og:description\" content=\"G\u00f6n\u00fcll\u00fc \u00e7al\u0131\u015fmalar kapsam\u0131nda Romanya\u2019dan gelen Erasmus grubu \u00f6\u011frencileri, y\u00fcr\u00fct\u00fclen bah\u00e7e \u00e7al\u0131\u015fmalar\u0131na kat\u0131larak \u00e7evre d\u00fczenleme faaliyetlerinde g\u00f6rev ald\u0131. Toplam 18 \u00f6\u011frenciden olu\u015fan grup, yakla\u015f\u0131k 8 g\u00fcnd\u00fcr devam eden \u00e7al\u0131\u015fmalarda aktif rol \u00fcstleniyor. \u00d6\u011frenciler, bah\u00e7e d\u00fczenleme \u00e7al\u0131\u015fmalar\u0131n\u0131n yan\u0131 s\u0131ra \u201cKu\u015f Evi Yap\u0131m\u0131\u201d ve \u201cAt\u0131klar Geri D\u00f6n\u00fcyor\u201d at\u00f6lyeleri de ger\u00e7ekle\u015ftirdi. At\u0131k malzemelerin yeniden de\u011ferlendirilerek farkl\u0131 \u00fcr\u00fcnlere d\u00f6n\u00fc\u015ft\u00fcr\u00fcld\u00fc\u011f\u00fc etkinliklerde [&hellip;]\" \/>\n<meta property=\"og:url\" content=\"https:\/\/zeytinburnu.istanbul\/haberler\/uluslararasi-gonullulerden-bahcede-renkli-atolye-calismalari\/\" \/>\n<meta property=\"og:site_name\" content=\"Zeytinburnu Belediyesi\" \/>\n<meta property=\"article:publisher\" content=\"https:\/\/web.facebook.com\/zeytinburnubld\/\" \/>\n<meta property=\"article:published_time\" content=\"2026-04-29T11:01:31+00:00\" \/>\n<meta property=\"article:modified_time\" content=\"2026-04-29T11:02:33+00:00\" \/>\n<meta property=\"og:image\" content=\"https:\/\/zeytinburnu.istanbul\/wp-content\/uploads\/2026\/04\/tbb-01.jpg\" \/>\n\t<meta property=\"og:image:width\" content=\"615\" \/>\n\t<meta property=\"og:image:height\" content=\"413\" \/>\n\t<meta property=\"og:image:type\" content=\"image\/jpeg\" \/>\n<meta name=\"author\" content=\"Nihan K\u00fc\u00e7\u00fck\" \/>\n<meta name=\"twitter:card\" content=\"summary_large_image\" \/>\n<meta name=\"twitter:creator\" content=\"@zeytinburnubld\" \/>\n<meta name=\"twitter:site\" content=\"@zeytinburnubld\" \/>\n<meta name=\"twitter:label1\" content=\"Yazan:\" \/>\n\t<meta name=\"twitter:data1\" content=\"Nihan K\u00fc\u00e7\u00fck\" \/>\n\t<meta name=\"twitter:label2\" content=\"Tahmini okuma s\u00fcresi\" \/>\n\t<meta name=\"twitter:data2\" content=\"1 dakika\" \/>\n<script type=\"application\/ld+json\" class=\"yoast-schema-graph\">{\"@context\":\"https:\/\/schema.org\",\"@graph\":[{\"@type\":\"WebPage\",\"@id\":\"https:\/\/zeytinburnu.istanbul\/haberler\/uluslararasi-gonullulerden-bahcede-renkli-atolye-calismalari\/\",\"url\":\"https:\/\/zeytinburnu.istanbul\/haberler\/uluslararasi-gonullulerden-bahcede-renkli-atolye-calismalari\/\",\"name\":\"Uluslararas\u0131 G\u00f6n\u00fcll\u00fclerden Bah\u00e7ede Renkli At\u00f6lye \u00c7al\u0131\u015fmalar\u0131 - Zeytinburnu Belediyesi\",\"isPartOf\":{\"@id\":\"https:\/\/zeytinburnu.istanbul\/#website\"},\"datePublished\":\"2026-04-29T11:01:31+00:00\",\"dateModified\":\"2026-04-29T11:02:33+00:00\",\"author\":{\"@id\":\"https:\/\/zeytinburnu.istanbul\/#\/schema\/person\/fa9b36b4d792e5aec0a8718c19538adc\"},\"breadcrumb\":{\"@id\":\"https:\/\/zeytinburnu.istanbul\/haberler\/uluslararasi-gonullulerden-bahcede-renkli-atolye-calismalari\/#breadcrumb\"},\"inLanguage\":\"tr\",\"potentialAction\":[{\"@type\":\"ReadAction\",\"target\":[\"https:\/\/zeytinburnu.istanbul\/haberler\/uluslararasi-gonullulerden-bahcede-renkli-atolye-calismalari\/\"]}]},{\"@type\":\"BreadcrumbList\",\"@id\":\"https:\/\/zeytinburnu.istanbul\/haberler\/uluslararasi-gonullulerden-bahcede-renkli-atolye-calismalari\/#breadcrumb\",\"itemListElement\":[{\"@type\":\"ListItem\",\"position\":1,\"name\":\"Anasayfa\",\"item\":\"https:\/\/zeytinburnu.istanbul\/\"},{\"@type\":\"ListItem\",\"position\":2,\"name\":\"Uluslararas\u0131 G\u00f6n\u00fcll\u00fclerden Bah\u00e7ede Renkli At\u00f6lye \u00c7al\u0131\u015fmalar\u0131\"}]},{\"@type\":\"WebSite\",\"@id\":\"https:\/\/zeytinburnu.istanbul\/#website\",\"url\":\"https:\/\/zeytinburnu.istanbul\/\",\"name\":\"Zeytinburnu Belediyesi\",\"description\":\"\",\"potentialAction\":[{\"@type\":\"SearchAction\",\"target\":{\"@type\":\"EntryPoint\",\"urlTemplate\":\"https:\/\/zeytinburnu.istanbul\/?s={search_term_string}\"},\"query-input\":\"required name=search_term_string\"}],\"inLanguage\":\"tr\"},{\"@type\":\"Person\",\"@id\":\"https:\/\/zeytinburnu.istanbul\/#\/schema\/person\/fa9b36b4d792e5aec0a8718c19538adc\",\"name\":\"Nihan K\u00fc\u00e7\u00fck\",\"image\":{\"@type\":\"ImageObject\",\"inLanguage\":\"tr\",\"@id\":\"https:\/\/zeytinburnu.istanbul\/#\/schema\/person\/image\/\",\"url\":\"https:\/\/secure.gravatar.com\/avatar\/f5a876a005c2831c9c4939c10af65fe7?s=96&d=mm&r=g\",\"contentUrl\":\"https:\/\/secure.gravatar.com\/avatar\/f5a876a005c2831c9c4939c10af65fe7?s=96&d=mm&r=g\",\"caption\":\"Nihan K\u00fc\u00e7\u00fck\"},\"url\":\"https:\/\/zeytinburnu.istanbul\/author\/nihankucuk\/\"}]}<\/script>\n<!-- \/ Yoast SEO plugin. -->","yoast_head_json":{"title":"Uluslararas\u0131 G\u00f6n\u00fcll\u00fclerden Bah\u00e7ede Renkli At\u00f6lye \u00c7al\u0131\u015fmalar\u0131 - Zeytinburnu Belediyesi","robots":{"index":"index","follow":"follow","max-snippet":"max-snippet:-1","max-image-preview":"max-image-preview:large","max-video-preview":"max-video-preview:-1"},"canonical":"https:\/\/zeytinburnu.istanbul\/haberler\/uluslararasi-gonullulerden-bahcede-renkli-atolye-calismalari\/","og_locale":"tr_TR","og_type":"article","og_title":"Uluslararas\u0131 G\u00f6n\u00fcll\u00fclerden Bah\u00e7ede Renkli At\u00f6lye \u00c7al\u0131\u015fmalar\u0131 - Zeytinburnu Belediyesi","og_description":"G\u00f6n\u00fcll\u00fc \u00e7al\u0131\u015fmalar kapsam\u0131nda Romanya\u2019dan gelen Erasmus grubu \u00f6\u011frencileri, y\u00fcr\u00fct\u00fclen bah\u00e7e \u00e7al\u0131\u015fmalar\u0131na kat\u0131larak \u00e7evre d\u00fczenleme faaliyetlerinde g\u00f6rev ald\u0131. Toplam 18 \u00f6\u011frenciden olu\u015fan grup, yakla\u015f\u0131k 8 g\u00fcnd\u00fcr devam eden \u00e7al\u0131\u015fmalarda aktif rol \u00fcstleniyor. \u00d6\u011frenciler, bah\u00e7e d\u00fczenleme \u00e7al\u0131\u015fmalar\u0131n\u0131n yan\u0131 s\u0131ra \u201cKu\u015f Evi Yap\u0131m\u0131\u201d ve \u201cAt\u0131klar Geri D\u00f6n\u00fcyor\u201d at\u00f6lyeleri de ger\u00e7ekle\u015ftirdi. At\u0131k malzemelerin yeniden de\u011ferlendirilerek farkl\u0131 \u00fcr\u00fcnlere d\u00f6n\u00fc\u015ft\u00fcr\u00fcld\u00fc\u011f\u00fc etkinliklerde [&hellip;]","og_url":"https:\/\/zeytinburnu.istanbul\/haberler\/uluslararasi-gonullulerden-bahcede-renkli-atolye-calismalari\/","og_site_name":"Zeytinburnu Belediyesi","article_publisher":"https:\/\/web.facebook.com\/zeytinburnubld\/","article_published_time":"2026-04-29T11:01:31+00:00","article_modified_time":"2026-04-29T11:02:33+00:00","og_image":[{"width":615,"height":413,"url":"https:\/\/zeytinburnu.istanbul\/wp-content\/uploads\/2026\/04\/tbb-01.jpg","type":"image\/jpeg"}],"author":"Nihan K\u00fc\u00e7\u00fck","twitter_card":"summary_large_image","twitter_creator":"@zeytinburnubld","twitter_site":"@zeytinburnubld","twitter_misc":{"Yazan:":"Nihan K\u00fc\u00e7\u00fck","Tahmini okuma s\u00fcresi":"1 dakika"},"schema":{"@context":"https:\/\/schema.org","@graph":[{"@type":"WebPage","@id":"https:\/\/zeytinburnu.istanbul\/haberler\/uluslararasi-gonullulerden-bahcede-renkli-atolye-calismalari\/","url":"https:\/\/zeytinburnu.istanbul\/haberler\/uluslararasi-gonullulerden-bahcede-renkli-atolye-calismalari\/","name":"Uluslararas\u0131 G\u00f6n\u00fcll\u00fclerden Bah\u00e7ede Renkli At\u00f6lye \u00c7al\u0131\u015fmalar\u0131 - Zeytinburnu Belediyesi","isPartOf":{"@id":"https:\/\/zeytinburnu.istanbul\/#website"},"datePublished":"2026-04-29T11:01:31+00:00","dateModified":"2026-04-29T11:02:33+00:00","author":{"@id":"https:\/\/zeytinburnu.istanbul\/#\/schema\/person\/fa9b36b4d792e5aec0a8718c19538adc"},"breadcrumb":{"@id":"https:\/\/zeytinburnu.istanbul\/haberler\/uluslararasi-gonullulerden-bahcede-renkli-atolye-calismalari\/#breadcrumb"},"inLanguage":"tr","potentialAction":[{"@type":"ReadAction","target":["https:\/\/zeytinburnu.istanbul\/haberler\/uluslararasi-gonullulerden-bahcede-renkli-atolye-calismalari\/"]}]},{"@type":"BreadcrumbList","@id":"https:\/\/zeytinburnu.istanbul\/haberler\/uluslararasi-gonullulerden-bahcede-renkli-atolye-calismalari\/#breadcrumb","itemListElement":[{"@type":"ListItem","position":1,"name":"Anasayfa","item":"https:\/\/zeytinburnu.istanbul\/"},{"@type":"ListItem","position":2,"name":"Uluslararas\u0131 G\u00f6n\u00fcll\u00fclerden Bah\u00e7ede Renkli At\u00f6lye \u00c7al\u0131\u015fmalar\u0131"}]},{"@type":"WebSite","@id":"https:\/\/zeytinburnu.istanbul\/#website","url":"https:\/\/zeytinburnu.istanbul\/","name":"Zeytinburnu Belediyesi","description":"","potentialAction":[{"@type":"SearchAction","target":{"@type":"EntryPoint","urlTemplate":"https:\/\/zeytinburnu.istanbul\/?s={search_term_string}"},"query-input":"required name=search_term_string"}],"inLanguage":"tr"},{"@type":"Person","@id":"https:\/\/zeytinburnu.istanbul\/#\/schema\/person\/fa9b36b4d792e5aec0a8718c19538adc","name":"Nihan K\u00fc\u00e7\u00fck","image":{"@type":"ImageObject","inLanguage":"tr","@id":"https:\/\/zeytinburnu.istanbul\/#\/schema\/person\/image\/","url":"https:\/\/secure.gravatar.com\/avatar\/f5a876a005c2831c9c4939c10af65fe7?s=96&d=mm&r=g","contentUrl":"https:\/\/secure.gravatar.com\/avatar\/f5a876a005c2831c9c4939c10af65fe7?s=96&d=mm&r=g","caption":"Nihan K\u00fc\u00e7\u00fck"},"url":"https:\/\/zeytinburnu.istanbul\/author\/nihankucuk\/"}]}},"meta_data":{"spot_ozet_metin":"Romanya\u2019dan gelen Erasmus \u00f6\u011frencileri, g\u00f6n\u00fcll\u00fc \u00e7al\u0131\u015fmalar kapsam\u0131nda hem bah\u00e7e d\u00fczenleme \u00e7al\u0131\u015fmalar\u0131na kat\u0131ld\u0131 hem de geri d\u00f6n\u00fc\u015f\u00fcm ve ku\u015f evi yap\u0131m\u0131 at\u00f6lyeleri ger\u00e7ekle\u015ftirdi.","sidebar_tipi":"varsayilan","ikincil_gorsel":{"ID":69471,"id":69471,"title":"tbb 02","filename":"tbb-02.jpg","filesize":496919,"url":"https:\/\/zeytinburnu.istanbul\/wp-content\/uploads\/2026\/04\/tbb-02.jpg","link":"https:\/\/zeytinburnu.istanbul\/haberler\/uluslararasi-gonullulerden-bahcede-renkli-atolye-calismalari\/attachment\/tbb-02\/","alt":"","author":"6","description":"","caption":"","name":"tbb-02","status":"inherit","uploaded_to":69469,"date":"2026-04-29 11:01:15","modified":"2026-04-29 11:01:15","menu_order":0,"mime_type":"image\/jpeg","type":"image","subtype":"jpeg","icon":"https:\/\/zeytinburnu.istanbul\/wp-includes\/images\/media\/default.png","width":641,"height":406,"sizes":{"thumbnail":"https:\/\/zeytinburnu.istanbul\/wp-content\/uploads\/2026\/04\/tbb-02.jpg","thumbnail-width":641,"thumbnail-height":406,"medium":"https:\/\/zeytinburnu.istanbul\/wp-content\/uploads\/2026\/04\/tbb-02.jpg","medium-width":641,"medium-height":406,"medium_large":"https:\/\/zeytinburnu.istanbul\/wp-content\/uploads\/2026\/04\/tbb-02.jpg","medium_large-width":641,"medium_large-height":406,"large":"https:\/\/zeytinburnu.istanbul\/wp-content\/uploads\/2026\/04\/tbb-02.jpg","large-width":641,"large-height":406,"1536x1536":"https:\/\/zeytinburnu.istanbul\/wp-content\/uploads\/2026\/04\/tbb-02.jpg","1536x1536-width":641,"1536x1536-height":406,"2048x2048":"https:\/\/zeytinburnu.istanbul\/wp-content\/uploads\/2026\/04\/tbb-02.jpg","2048x2048-width":641,"2048x2048-height":406}},"haber_tarihi":"29 Nisan 2026","haber_saati":"13:00","yayindan_cikis_tarihi":"","youtube_video_id":"","vimeo_video_id":"","video_dosya":false,"ekler":false,"galeri_basligi":"GALER\u0130","galeri":false,"image_details":{"thumbnail":{"url":"https:\/\/zeytinburnu.istanbul\/wp-content\/uploads\/2026\/04\/tbb-01.jpg"},"full":{"file":"2026\/04\/tbb-01.jpg","width":615,"height":413,"mime_type":"image\/jpeg","url":"https:\/\/zeytinburnu.istanbul\/wp-content\/uploads\/2026\/04\/tbb-01.jpg"}}},"_links":{"self":[{"href":"https:\/\/zeytinburnu.istanbul\/api\/wp\/v2\/posts\/69469"}],"collection":[{"href":"https:\/\/zeytinburnu.istanbul\/api\/wp\/v2\/posts"}],"about":[{"href":"https:\/\/zeytinburnu.istanbul\/api\/wp\/v2\/types\/post"}],"author":[{"embeddable":true,"href":"https:\/\/zeytinburnu.istanbul\/api\/wp\/v2\/users\/6"}],"replies":[{"embeddable":true,"href":"https:\/\/zeytinburnu.istanbul\/api\/wp\/v2\/comments?post=69469"}],"version-history":[{"count":2,"href":"https:\/\/zeytinburnu.istanbul\/api\/wp\/v2\/posts\/69469\/revisions"}],"predecessor-version":[{"id":69473,"href":"https:\/\/zeytinburnu.istanbul\/api\/wp\/v2\/posts\/69469\/revisions\/69473"}],"wp:featuredmedia":[{"embeddable":true,"href":"https:\/\/zeytinburnu.istanbul\/api\/wp\/v2\/media\/69470"}],"wp:attachment":[{"href":"https:\/\/zeytinburnu.istanbul\/api\/wp\/v2\/media?parent=69469"}],"wp:term":[{"taxonomy":"category","embeddable":true,"href":"https:\/\/zeytinburnu.istanbul\/api\/wp\/v2\/categories?post=69469"},{"taxonomy":"post_tag","embeddable":true,"href":"https:\/\/zeytinburnu.istanbul\/api\/wp\/v2\/tags?post=69469"}],"curies":[{"name":"wp","href":"https:\/\/api.w.org\/{rel}","templated":true}]}}