

{"id":69458,"date":"2026-04-27T13:34:28","date_gmt":"2026-04-27T10:34:28","guid":{"rendered":"https:\/\/zeytinburnu.istanbul\/?p=69458"},"modified":"2026-04-27T14:00:42","modified_gmt":"2026-04-27T11:00:42","slug":"20-geleneksel-kitap-okuma-yarismasinin-sinavi-yapildi","status":"publish","type":"post","link":"https:\/\/zeytinburnu.istanbul\/haberler\/20-geleneksel-kitap-okuma-yarismasinin-sinavi-yapildi\/","title":{"rendered":"20. Geleneksel Kitap Okuma Yar\u0131\u015fmas\u0131\u2019n\u0131n S\u0131nav\u0131 Yap\u0131ld\u0131!"},"content":{"rendered":"<p>Okumaya te\u015fvik etmek i\u00e7in, ilkokul \u00f6\u011frencilerinden ba\u015flamak \u00fczere ortaokul, lise \u00f6\u011frencileri ve yeti\u015fkinlerin de d\u00e2hil oldu\u011fu yar\u0131\u015fmaya kat\u0131l\u0131mc\u0131lar b\u00fcy\u00fck ilgi g\u00f6sterdi. \u00a0Kitap okuma al\u0131\u015fkanl\u0131\u011f\u0131 kazand\u0131r\u0131lmas\u0131na katk\u0131 sa\u011flamak okuma sevgisi olu\u015fturarak merak eden, ara\u015ft\u0131ran, sorgulayan; olaylara ele\u015ftirel yakla\u015fan, neden sonu\u00e7 ili\u015fkisi kuran, bireylerin topluma kazand\u0131r\u0131lmas\u0131n\u0131n ama\u00e7land\u0131\u011f\u0131 yar\u0131\u015fman\u0131n s\u0131nav\u0131 ba\u015far\u0131yla sonland\u0131r\u0131ld\u0131.<\/p>\n<p>25 Nisan Cumartesi g\u00fcn\u00fc ger\u00e7ekle\u015ftirilen 20. Geleneksel Kitap Okuma Yar\u0131\u015fmas\u0131 S\u0131nav\u0131, Zeytinburnu Haluk \u00dcnde\u011fer \u0130lkokulu ve Lisesinde yap\u0131ld\u0131. Bilgi Evleri ile Gen\u00e7lik Merkezine kay\u0131tl\u0131 7 bin 968 \u00fcyenin ba\u015fvurdu\u011fu yar\u0131\u015fman\u0131n s\u0131nav\u0131, ilkokul \u00f6\u011frencilerinin olu\u015fturdu\u011fu 1. ve 2. gruplar i\u00e7in sabah saat 10.00&#8217;da, lise \u00f6\u011frencileri ve yeti\u015fkinlerin olu\u015fturdu\u011fu 3. ve 4. gruplar i\u00e7in ise \u00f6\u011fleden sonra saat 14.00&#8217;te ger\u00e7ekle\u015ftirildi. Sabah ve \u00f6\u011fleden sonra olmak \u00fczere iki oturum halinde ger\u00e7ekle\u015ftirilen s\u0131nav\u0131n her oturumu 100 dakika s\u00fcrd\u00fc. E\u011fitimciler taraf\u0131ndan haz\u0131rlanan ve her bir kategori i\u00e7in belirlenmi\u015f kitaplardan toplam 100 sorunun soruldu\u011fu s\u0131nav test \u015feklinde yap\u0131ld\u0131.<\/p>\n<p>Ba\u015fkan \u00d6mer Ar\u0131soy\u2019un kat\u0131l\u0131m\u0131 ile 9 May\u0131s\u2019ta Zeytinburnu K\u00fclt\u00fcr Sanat Merkezinde ger\u00e7ekle\u015fecek \u00f6d\u00fcl t\u00f6reninde dereceye giren kat\u0131l\u0131mc\u0131lar belli olacak. Yar\u0131\u015fman\u0131n birincilerine 50 bin, ikincilerine 35 bin, \u00fc\u00e7\u00fcnc\u00fclerine 25 bin, d\u00f6rd\u00fcnc\u00fclerine 15 bin, be\u015fincilerine 10 bin TL \u00f6d\u00fcl verilirken; 6, 7, 8, 9 ve 10\u2019unculara ise 7 bin 500 TL para \u00f6d\u00fcl\u00fc verilecek. \u0130lk \u00fc\u00e7 dereceye girenler ayr\u0131ca ailelerinden iki ki\u015fi ile birlikte \u00c7anakkale Do\u011fa ve Tarih Kamp\u0131\u2019na gidebilecek.<\/p>\n<p>S\u0131nav sorular\u0131n\u0131n yan\u0131tlar\u0131n\u0131 merakla bekleyen kitapseverler bilgievi.org sitesinden cevap anahtarlar\u0131na ula\u015fabilirler.<\/p>\n<p>&nbsp;<\/p>\n<p>&nbsp;<\/p>\n","protected":false},"excerpt":{"rendered":"<p>Okumaya te\u015fvik etmek i\u00e7in, ilkokul \u00f6\u011frencilerinden ba\u015flamak \u00fczere ortaokul, lise \u00f6\u011frencileri ve yeti\u015fkinlerin de d\u00e2hil oldu\u011fu yar\u0131\u015fmaya kat\u0131l\u0131mc\u0131lar b\u00fcy\u00fck ilgi g\u00f6sterdi. \u00a0Kitap okuma al\u0131\u015fkanl\u0131\u011f\u0131 kazand\u0131r\u0131lmas\u0131na katk\u0131 sa\u011flamak okuma sevgisi olu\u015fturarak merak eden, ara\u015ft\u0131ran, sorgulayan; olaylara ele\u015ftirel yakla\u015fan, neden sonu\u00e7 ili\u015fkisi kuran, bireylerin topluma kazand\u0131r\u0131lmas\u0131n\u0131n ama\u00e7land\u0131\u011f\u0131 yar\u0131\u015fman\u0131n s\u0131nav\u0131 ba\u015far\u0131yla sonland\u0131r\u0131ld\u0131. 25 Nisan Cumartesi g\u00fcn\u00fc ger\u00e7ekle\u015ftirilen 20. [&hellip;]<\/p>\n","protected":false},"author":6,"featured_media":69459,"comment_status":"closed","ping_status":"closed","sticky":false,"template":"","format":"standard","meta":{"inline_featured_image":false,"footnotes":""},"categories":[1],"tags":[],"acf":[],"yoast_head":"<!-- This site is optimized with the Yoast SEO plugin v21.5 - https:\/\/yoast.com\/wordpress\/plugins\/seo\/ -->\n<title>20. Geleneksel Kitap Okuma Yar\u0131\u015fmas\u0131\u2019n\u0131n S\u0131nav\u0131 Yap\u0131ld\u0131! - Zeytinburnu Belediyesi<\/title>\n<meta name=\"robots\" content=\"index, follow, max-snippet:-1, max-image-preview:large, max-video-preview:-1\" \/>\n<link rel=\"canonical\" href=\"https:\/\/zeytinburnu.istanbul\/haberler\/20-geleneksel-kitap-okuma-yarismasinin-sinavi-yapildi\/\" \/>\n<meta property=\"og:locale\" content=\"tr_TR\" \/>\n<meta property=\"og:type\" content=\"article\" \/>\n<meta property=\"og:title\" content=\"20. Geleneksel Kitap Okuma Yar\u0131\u015fmas\u0131\u2019n\u0131n S\u0131nav\u0131 Yap\u0131ld\u0131! - Zeytinburnu Belediyesi\" \/>\n<meta property=\"og:description\" content=\"Okumaya te\u015fvik etmek i\u00e7in, ilkokul \u00f6\u011frencilerinden ba\u015flamak \u00fczere ortaokul, lise \u00f6\u011frencileri ve yeti\u015fkinlerin de d\u00e2hil oldu\u011fu yar\u0131\u015fmaya kat\u0131l\u0131mc\u0131lar b\u00fcy\u00fck ilgi g\u00f6sterdi. \u00a0Kitap okuma al\u0131\u015fkanl\u0131\u011f\u0131 kazand\u0131r\u0131lmas\u0131na katk\u0131 sa\u011flamak okuma sevgisi olu\u015fturarak merak eden, ara\u015ft\u0131ran, sorgulayan; olaylara ele\u015ftirel yakla\u015fan, neden sonu\u00e7 ili\u015fkisi kuran, bireylerin topluma kazand\u0131r\u0131lmas\u0131n\u0131n ama\u00e7land\u0131\u011f\u0131 yar\u0131\u015fman\u0131n s\u0131nav\u0131 ba\u015far\u0131yla sonland\u0131r\u0131ld\u0131. 25 Nisan Cumartesi g\u00fcn\u00fc ger\u00e7ekle\u015ftirilen 20. [&hellip;]\" \/>\n<meta property=\"og:url\" content=\"https:\/\/zeytinburnu.istanbul\/haberler\/20-geleneksel-kitap-okuma-yarismasinin-sinavi-yapildi\/\" \/>\n<meta property=\"og:site_name\" content=\"Zeytinburnu Belediyesi\" \/>\n<meta property=\"article:publisher\" content=\"https:\/\/web.facebook.com\/zeytinburnubld\/\" \/>\n<meta property=\"article:published_time\" content=\"2026-04-27T10:34:28+00:00\" \/>\n<meta property=\"article:modified_time\" content=\"2026-04-27T11:00:42+00:00\" \/>\n<meta property=\"og:image\" content=\"https:\/\/zeytinburnu.istanbul\/wp-content\/uploads\/2026\/04\/haber-kitap-01.jpg\" \/>\n\t<meta property=\"og:image:width\" content=\"615\" \/>\n\t<meta property=\"og:image:height\" content=\"413\" \/>\n\t<meta property=\"og:image:type\" content=\"image\/jpeg\" \/>\n<meta name=\"author\" content=\"Nihan K\u00fc\u00e7\u00fck\" \/>\n<meta name=\"twitter:card\" content=\"summary_large_image\" \/>\n<meta name=\"twitter:creator\" content=\"@zeytinburnubld\" \/>\n<meta name=\"twitter:site\" content=\"@zeytinburnubld\" \/>\n<meta name=\"twitter:label1\" content=\"Yazan:\" \/>\n\t<meta name=\"twitter:data1\" content=\"Nihan K\u00fc\u00e7\u00fck\" \/>\n\t<meta name=\"twitter:label2\" content=\"Tahmini okuma s\u00fcresi\" \/>\n\t<meta name=\"twitter:data2\" content=\"2 dakika\" \/>\n<script type=\"application\/ld+json\" class=\"yoast-schema-graph\">{\"@context\":\"https:\/\/schema.org\",\"@graph\":[{\"@type\":\"WebPage\",\"@id\":\"https:\/\/zeytinburnu.istanbul\/haberler\/20-geleneksel-kitap-okuma-yarismasinin-sinavi-yapildi\/\",\"url\":\"https:\/\/zeytinburnu.istanbul\/haberler\/20-geleneksel-kitap-okuma-yarismasinin-sinavi-yapildi\/\",\"name\":\"20. Geleneksel Kitap Okuma Yar\u0131\u015fmas\u0131\u2019n\u0131n S\u0131nav\u0131 Yap\u0131ld\u0131! - Zeytinburnu Belediyesi\",\"isPartOf\":{\"@id\":\"https:\/\/zeytinburnu.istanbul\/#website\"},\"datePublished\":\"2026-04-27T10:34:28+00:00\",\"dateModified\":\"2026-04-27T11:00:42+00:00\",\"author\":{\"@id\":\"https:\/\/zeytinburnu.istanbul\/#\/schema\/person\/fa9b36b4d792e5aec0a8718c19538adc\"},\"breadcrumb\":{\"@id\":\"https:\/\/zeytinburnu.istanbul\/haberler\/20-geleneksel-kitap-okuma-yarismasinin-sinavi-yapildi\/#breadcrumb\"},\"inLanguage\":\"tr\",\"potentialAction\":[{\"@type\":\"ReadAction\",\"target\":[\"https:\/\/zeytinburnu.istanbul\/haberler\/20-geleneksel-kitap-okuma-yarismasinin-sinavi-yapildi\/\"]}]},{\"@type\":\"BreadcrumbList\",\"@id\":\"https:\/\/zeytinburnu.istanbul\/haberler\/20-geleneksel-kitap-okuma-yarismasinin-sinavi-yapildi\/#breadcrumb\",\"itemListElement\":[{\"@type\":\"ListItem\",\"position\":1,\"name\":\"Anasayfa\",\"item\":\"https:\/\/zeytinburnu.istanbul\/\"},{\"@type\":\"ListItem\",\"position\":2,\"name\":\"20. Geleneksel Kitap Okuma Yar\u0131\u015fmas\u0131\u2019n\u0131n S\u0131nav\u0131 Yap\u0131ld\u0131!\"}]},{\"@type\":\"WebSite\",\"@id\":\"https:\/\/zeytinburnu.istanbul\/#website\",\"url\":\"https:\/\/zeytinburnu.istanbul\/\",\"name\":\"Zeytinburnu Belediyesi\",\"description\":\"\",\"potentialAction\":[{\"@type\":\"SearchAction\",\"target\":{\"@type\":\"EntryPoint\",\"urlTemplate\":\"https:\/\/zeytinburnu.istanbul\/?s={search_term_string}\"},\"query-input\":\"required name=search_term_string\"}],\"inLanguage\":\"tr\"},{\"@type\":\"Person\",\"@id\":\"https:\/\/zeytinburnu.istanbul\/#\/schema\/person\/fa9b36b4d792e5aec0a8718c19538adc\",\"name\":\"Nihan K\u00fc\u00e7\u00fck\",\"image\":{\"@type\":\"ImageObject\",\"inLanguage\":\"tr\",\"@id\":\"https:\/\/zeytinburnu.istanbul\/#\/schema\/person\/image\/\",\"url\":\"https:\/\/secure.gravatar.com\/avatar\/f5a876a005c2831c9c4939c10af65fe7?s=96&d=mm&r=g\",\"contentUrl\":\"https:\/\/secure.gravatar.com\/avatar\/f5a876a005c2831c9c4939c10af65fe7?s=96&d=mm&r=g\",\"caption\":\"Nihan K\u00fc\u00e7\u00fck\"},\"url\":\"https:\/\/zeytinburnu.istanbul\/author\/nihankucuk\/\"}]}<\/script>\n<!-- \/ Yoast SEO plugin. -->","yoast_head_json":{"title":"20. Geleneksel Kitap Okuma Yar\u0131\u015fmas\u0131\u2019n\u0131n S\u0131nav\u0131 Yap\u0131ld\u0131! - Zeytinburnu Belediyesi","robots":{"index":"index","follow":"follow","max-snippet":"max-snippet:-1","max-image-preview":"max-image-preview:large","max-video-preview":"max-video-preview:-1"},"canonical":"https:\/\/zeytinburnu.istanbul\/haberler\/20-geleneksel-kitap-okuma-yarismasinin-sinavi-yapildi\/","og_locale":"tr_TR","og_type":"article","og_title":"20. Geleneksel Kitap Okuma Yar\u0131\u015fmas\u0131\u2019n\u0131n S\u0131nav\u0131 Yap\u0131ld\u0131! - Zeytinburnu Belediyesi","og_description":"Okumaya te\u015fvik etmek i\u00e7in, ilkokul \u00f6\u011frencilerinden ba\u015flamak \u00fczere ortaokul, lise \u00f6\u011frencileri ve yeti\u015fkinlerin de d\u00e2hil oldu\u011fu yar\u0131\u015fmaya kat\u0131l\u0131mc\u0131lar b\u00fcy\u00fck ilgi g\u00f6sterdi. \u00a0Kitap okuma al\u0131\u015fkanl\u0131\u011f\u0131 kazand\u0131r\u0131lmas\u0131na katk\u0131 sa\u011flamak okuma sevgisi olu\u015fturarak merak eden, ara\u015ft\u0131ran, sorgulayan; olaylara ele\u015ftirel yakla\u015fan, neden sonu\u00e7 ili\u015fkisi kuran, bireylerin topluma kazand\u0131r\u0131lmas\u0131n\u0131n ama\u00e7land\u0131\u011f\u0131 yar\u0131\u015fman\u0131n s\u0131nav\u0131 ba\u015far\u0131yla sonland\u0131r\u0131ld\u0131. 25 Nisan Cumartesi g\u00fcn\u00fc ger\u00e7ekle\u015ftirilen 20. [&hellip;]","og_url":"https:\/\/zeytinburnu.istanbul\/haberler\/20-geleneksel-kitap-okuma-yarismasinin-sinavi-yapildi\/","og_site_name":"Zeytinburnu Belediyesi","article_publisher":"https:\/\/web.facebook.com\/zeytinburnubld\/","article_published_time":"2026-04-27T10:34:28+00:00","article_modified_time":"2026-04-27T11:00:42+00:00","og_image":[{"width":615,"height":413,"url":"https:\/\/zeytinburnu.istanbul\/wp-content\/uploads\/2026\/04\/haber-kitap-01.jpg","type":"image\/jpeg"}],"author":"Nihan K\u00fc\u00e7\u00fck","twitter_card":"summary_large_image","twitter_creator":"@zeytinburnubld","twitter_site":"@zeytinburnubld","twitter_misc":{"Yazan:":"Nihan K\u00fc\u00e7\u00fck","Tahmini okuma s\u00fcresi":"2 dakika"},"schema":{"@context":"https:\/\/schema.org","@graph":[{"@type":"WebPage","@id":"https:\/\/zeytinburnu.istanbul\/haberler\/20-geleneksel-kitap-okuma-yarismasinin-sinavi-yapildi\/","url":"https:\/\/zeytinburnu.istanbul\/haberler\/20-geleneksel-kitap-okuma-yarismasinin-sinavi-yapildi\/","name":"20. Geleneksel Kitap Okuma Yar\u0131\u015fmas\u0131\u2019n\u0131n S\u0131nav\u0131 Yap\u0131ld\u0131! - Zeytinburnu Belediyesi","isPartOf":{"@id":"https:\/\/zeytinburnu.istanbul\/#website"},"datePublished":"2026-04-27T10:34:28+00:00","dateModified":"2026-04-27T11:00:42+00:00","author":{"@id":"https:\/\/zeytinburnu.istanbul\/#\/schema\/person\/fa9b36b4d792e5aec0a8718c19538adc"},"breadcrumb":{"@id":"https:\/\/zeytinburnu.istanbul\/haberler\/20-geleneksel-kitap-okuma-yarismasinin-sinavi-yapildi\/#breadcrumb"},"inLanguage":"tr","potentialAction":[{"@type":"ReadAction","target":["https:\/\/zeytinburnu.istanbul\/haberler\/20-geleneksel-kitap-okuma-yarismasinin-sinavi-yapildi\/"]}]},{"@type":"BreadcrumbList","@id":"https:\/\/zeytinburnu.istanbul\/haberler\/20-geleneksel-kitap-okuma-yarismasinin-sinavi-yapildi\/#breadcrumb","itemListElement":[{"@type":"ListItem","position":1,"name":"Anasayfa","item":"https:\/\/zeytinburnu.istanbul\/"},{"@type":"ListItem","position":2,"name":"20. Geleneksel Kitap Okuma Yar\u0131\u015fmas\u0131\u2019n\u0131n S\u0131nav\u0131 Yap\u0131ld\u0131!"}]},{"@type":"WebSite","@id":"https:\/\/zeytinburnu.istanbul\/#website","url":"https:\/\/zeytinburnu.istanbul\/","name":"Zeytinburnu Belediyesi","description":"","potentialAction":[{"@type":"SearchAction","target":{"@type":"EntryPoint","urlTemplate":"https:\/\/zeytinburnu.istanbul\/?s={search_term_string}"},"query-input":"required name=search_term_string"}],"inLanguage":"tr"},{"@type":"Person","@id":"https:\/\/zeytinburnu.istanbul\/#\/schema\/person\/fa9b36b4d792e5aec0a8718c19538adc","name":"Nihan K\u00fc\u00e7\u00fck","image":{"@type":"ImageObject","inLanguage":"tr","@id":"https:\/\/zeytinburnu.istanbul\/#\/schema\/person\/image\/","url":"https:\/\/secure.gravatar.com\/avatar\/f5a876a005c2831c9c4939c10af65fe7?s=96&d=mm&r=g","contentUrl":"https:\/\/secure.gravatar.com\/avatar\/f5a876a005c2831c9c4939c10af65fe7?s=96&d=mm&r=g","caption":"Nihan K\u00fc\u00e7\u00fck"},"url":"https:\/\/zeytinburnu.istanbul\/author\/nihankucuk\/"}]}},"meta_data":{"spot_ozet_metin":"Zeytinburnu Belediyesi Bilgi Evleri ve Gen\u00e7lik Merkezinin 20\u2019ncisini d\u00fczenledi\u011fi Kitap Okuma Yar\u0131\u015fmas\u0131\u2019n\u0131n s\u0131nav\u0131 yap\u0131ld\u0131. ","sidebar_tipi":"varsayilan","ikincil_gorsel":{"ID":69460,"id":69460,"title":"haber kitap 02","filename":"haber-kitap-02.jpg","filesize":93518,"url":"https:\/\/zeytinburnu.istanbul\/wp-content\/uploads\/2026\/04\/haber-kitap-02.jpg","link":"https:\/\/zeytinburnu.istanbul\/haberler\/20-geleneksel-kitap-okuma-yarismasinin-sinavi-yapildi\/attachment\/haber-kitap-02\/","alt":"","author":"6","description":"","caption":"","name":"haber-kitap-02","status":"inherit","uploaded_to":69458,"date":"2026-04-27 10:34:06","modified":"2026-04-27 10:34:06","menu_order":0,"mime_type":"image\/jpeg","type":"image","subtype":"jpeg","icon":"https:\/\/zeytinburnu.istanbul\/wp-includes\/images\/media\/default.png","width":641,"height":406,"sizes":{"thumbnail":"https:\/\/zeytinburnu.istanbul\/wp-content\/uploads\/2026\/04\/haber-kitap-02.jpg","thumbnail-width":641,"thumbnail-height":406,"medium":"https:\/\/zeytinburnu.istanbul\/wp-content\/uploads\/2026\/04\/haber-kitap-02.jpg","medium-width":641,"medium-height":406,"medium_large":"https:\/\/zeytinburnu.istanbul\/wp-content\/uploads\/2026\/04\/haber-kitap-02.jpg","medium_large-width":641,"medium_large-height":406,"large":"https:\/\/zeytinburnu.istanbul\/wp-content\/uploads\/2026\/04\/haber-kitap-02.jpg","large-width":641,"large-height":406,"1536x1536":"https:\/\/zeytinburnu.istanbul\/wp-content\/uploads\/2026\/04\/haber-kitap-02.jpg","1536x1536-width":641,"1536x1536-height":406,"2048x2048":"https:\/\/zeytinburnu.istanbul\/wp-content\/uploads\/2026\/04\/haber-kitap-02.jpg","2048x2048-width":641,"2048x2048-height":406}},"haber_tarihi":"27 Nisan 2026","haber_saati":"13:00","yayindan_cikis_tarihi":"","youtube_video_id":"","vimeo_video_id":"","video_dosya":false,"ekler":false,"galeri_basligi":"GALER\u0130","galeri":false,"image_details":{"thumbnail":{"url":"https:\/\/zeytinburnu.istanbul\/wp-content\/uploads\/2026\/04\/haber-kitap-01.jpg"},"full":{"file":"2026\/04\/haber-kitap-01.jpg","width":615,"height":413,"mime_type":"image\/jpeg","url":"https:\/\/zeytinburnu.istanbul\/wp-content\/uploads\/2026\/04\/haber-kitap-01.jpg"}}},"_links":{"self":[{"href":"https:\/\/zeytinburnu.istanbul\/api\/wp\/v2\/posts\/69458"}],"collection":[{"href":"https:\/\/zeytinburnu.istanbul\/api\/wp\/v2\/posts"}],"about":[{"href":"https:\/\/zeytinburnu.istanbul\/api\/wp\/v2\/types\/post"}],"author":[{"embeddable":true,"href":"https:\/\/zeytinburnu.istanbul\/api\/wp\/v2\/users\/6"}],"replies":[{"embeddable":true,"href":"https:\/\/zeytinburnu.istanbul\/api\/wp\/v2\/comments?post=69458"}],"version-history":[{"count":2,"href":"https:\/\/zeytinburnu.istanbul\/api\/wp\/v2\/posts\/69458\/revisions"}],"predecessor-version":[{"id":69463,"href":"https:\/\/zeytinburnu.istanbul\/api\/wp\/v2\/posts\/69458\/revisions\/69463"}],"wp:featuredmedia":[{"embeddable":true,"href":"https:\/\/zeytinburnu.istanbul\/api\/wp\/v2\/media\/69459"}],"wp:attachment":[{"href":"https:\/\/zeytinburnu.istanbul\/api\/wp\/v2\/media?parent=69458"}],"wp:term":[{"taxonomy":"category","embeddable":true,"href":"https:\/\/zeytinburnu.istanbul\/api\/wp\/v2\/categories?post=69458"},{"taxonomy":"post_tag","embeddable":true,"href":"https:\/\/zeytinburnu.istanbul\/api\/wp\/v2\/tags?post=69458"}],"curies":[{"name":"wp","href":"https:\/\/api.w.org\/{rel}","templated":true}]}}