

{"id":69454,"date":"2026-04-27T13:03:52","date_gmt":"2026-04-27T10:03:52","guid":{"rendered":"https:\/\/zeytinburnu.istanbul\/?p=69454"},"modified":"2026-04-27T13:03:52","modified_gmt":"2026-04-27T10:03:52","slug":"zeytinburnunda-23-nisan-coskusu-pedallarla-yasandi","status":"publish","type":"post","link":"https:\/\/zeytinburnu.istanbul\/haberler\/zeytinburnunda-23-nisan-coskusu-pedallarla-yasandi\/","title":{"rendered":"Zeytinburnu\u2019nda 23 Nisan Co\u015fkusu Pedallarla Ya\u015fand\u0131"},"content":{"rendered":"<p>23 Nisan Ulusal Egemenlik ve \u00c7ocuk Bayram\u0131 kapsam\u0131nda Zeytinburnu\u2019nda d\u00fczenlenen \u201cMektepten Meclise Pedal\u201d bisiklet turu, renkli g\u00f6r\u00fcnt\u00fclere sahne oldu. \u0130l\u00e7edeki 72 okuldan toplam bin 710 ki\u015finin kat\u0131ld\u0131\u011f\u0131 etkinlikte \u00e7ocuklar, bayram co\u015fkusunu pedal \u00e7evirerek kutlad\u0131.<\/p>\n<p>Etkinlik, Zeytinburnu Atat\u00fcrk \u0130lkokulu \u00f6n\u00fcnden ba\u015flad\u0131. \u00d6\u011frenciler, veliler ve \u00f6\u011fretmenler i\u00e7in trafi\u011fe kapat\u0131lan g\u00fcvenli g\u00fczerg\u00e2hta ilerleyen kortej, yakla\u015f\u0131k 2,5 kilometrelik parkurun ard\u0131ndan Zeytinburnu Millet Bah\u00e7esi\u2019nde sona erdi. Organizasyona bin 250 ilkokul \u00f6\u011frencisinin yan\u0131 s\u0131ra 360 veli ve refakat\u00e7i ile 100 \u00f6\u011fretmen kat\u0131ld\u0131. Program sonunda ger\u00e7ekle\u015ftirilen \u00e7ekili\u015fle 10 \u00f6\u011frenciye bisiklet hediye edildi.<\/p>\n<p>Programa Zeytinburnu Kaymakam\u0131 Dr. Adem Uslu, Zeytinburnu Belediye Ba\u015fkan\u0131 Dr. \u00d6mer Ar\u0131soy ve Zeytinburnu \u0130l\u00e7e Milli E\u011fitim M\u00fcd\u00fcr\u00fc \u0130smail \u00c7etinkaya da kat\u0131larak \u00f6\u011frencilerin heyecan\u0131na ortak oldu.<\/p>\n<p>Zeytinburnu Belediye Ba\u015fkan\u0131 Dr. \u00d6mer Ar\u0131soy, etkinli\u011fe g\u00f6sterilen yo\u011fun ilgiden memnuniyet duyduklar\u0131n\u0131 belirterek \u015fu ifadeleri kulland\u0131:<\/p>\n<p>\u201cT\u00fcrkiye B\u00fcy\u00fck Millet Meclisi\u2019nin a\u00e7\u0131l\u0131\u015f\u0131n\u0131n 106\u2019nc\u0131 y\u0131l\u0131nda \u00e7ocuklar\u0131m\u0131zla birlikte pedal \u00e7evirmenin mutlulu\u011funu ya\u015f\u0131yoruz. Kaymakaml\u0131\u011f\u0131m\u0131z ve \u0130l\u00e7e Milli E\u011fitim M\u00fcd\u00fcrl\u00fc\u011f\u00fcm\u00fcz ile birlikte ger\u00e7ekle\u015ftirdi\u011fimiz bu organizasyonun ikincisini d\u00fczenliyoruz. \u00c7ocuklar\u0131m\u0131z\u0131n hayat\u0131nda bisikletin daha fazla yer almas\u0131n\u0131 istiyoruz. Bu etkinli\u011fe katk\u0131 sunan e\u011fitim camiam\u0131za, emniyet g\u00fc\u00e7lerimize ve belediye ekiplerimize te\u015fekk\u00fcr ediyorum. Kat\u0131l\u0131m\u0131n farkl\u0131 il\u00e7elerden de olmas\u0131 bizi ayr\u0131ca mutlu etti. \u00d6n\u00fcm\u00fczdeki y\u0131llarda etkinli\u011fi daha da geli\u015ftirerek s\u00fcrd\u00fcrmeyi hedefliyoruz.\u201d<\/p>\n<p>Etkinli\u011fe kat\u0131lan \u00f6\u011frenciler de ya\u015fad\u0131klar\u0131 heyecan\u0131 dile getirdi. Hiranur Solmaz, \u201cBurada oldu\u011fum i\u00e7in \u00e7ok mutluyum. Bu kadar \u00e7ocu\u011fu bir araya getirip sevindirdi\u011finiz i\u00e7in te\u015fekk\u00fcr ederim\u201d derken, Hatice Erkin Uygur ise \u201cHem \u00e7ok mutluyum hem de heyecanl\u0131y\u0131m. Herkesin 23 Nisan Ulusal Egemenlik ve \u00c7ocuk Bayram\u0131 kutlu olsun\u201d ifadelerini kulland\u0131.<\/p>\n<p>Zeytinburnu Belediyesi\u2019nin deste\u011fiyle iki y\u0131ld\u0131r d\u00fczenlenen \u201cMektepten Meclise Pedal\u201d etkinli\u011fi, bu y\u0131l da yo\u011fun kat\u0131l\u0131m ve b\u00fcy\u00fck co\u015fkuyla tamamland\u0131.<\/p>\n","protected":false},"excerpt":{"rendered":"<p>23 Nisan Ulusal Egemenlik ve \u00c7ocuk Bayram\u0131 kapsam\u0131nda Zeytinburnu\u2019nda d\u00fczenlenen \u201cMektepten Meclise Pedal\u201d bisiklet turu, renkli g\u00f6r\u00fcnt\u00fclere sahne oldu. \u0130l\u00e7edeki 72 okuldan toplam bin 710 ki\u015finin kat\u0131ld\u0131\u011f\u0131 etkinlikte \u00e7ocuklar, bayram co\u015fkusunu pedal \u00e7evirerek kutlad\u0131. Etkinlik, Zeytinburnu Atat\u00fcrk \u0130lkokulu \u00f6n\u00fcnden ba\u015flad\u0131. \u00d6\u011frenciler, veliler ve \u00f6\u011fretmenler i\u00e7in trafi\u011fe kapat\u0131lan g\u00fcvenli g\u00fczerg\u00e2hta ilerleyen kortej, yakla\u015f\u0131k 2,5 kilometrelik parkurun [&hellip;]<\/p>\n","protected":false},"author":6,"featured_media":69455,"comment_status":"closed","ping_status":"closed","sticky":false,"template":"","format":"standard","meta":{"inline_featured_image":false,"footnotes":""},"categories":[1],"tags":[],"acf":[],"yoast_head":"<!-- This site is optimized with the Yoast SEO plugin v21.5 - https:\/\/yoast.com\/wordpress\/plugins\/seo\/ -->\n<title>Zeytinburnu\u2019nda 23 Nisan Co\u015fkusu Pedallarla Ya\u015fand\u0131 - Zeytinburnu Belediyesi<\/title>\n<meta name=\"robots\" content=\"index, follow, max-snippet:-1, max-image-preview:large, max-video-preview:-1\" \/>\n<link rel=\"canonical\" href=\"https:\/\/zeytinburnu.istanbul\/haberler\/zeytinburnunda-23-nisan-coskusu-pedallarla-yasandi\/\" \/>\n<meta property=\"og:locale\" content=\"tr_TR\" \/>\n<meta property=\"og:type\" content=\"article\" \/>\n<meta property=\"og:title\" content=\"Zeytinburnu\u2019nda 23 Nisan Co\u015fkusu Pedallarla Ya\u015fand\u0131 - Zeytinburnu Belediyesi\" \/>\n<meta property=\"og:description\" content=\"23 Nisan Ulusal Egemenlik ve \u00c7ocuk Bayram\u0131 kapsam\u0131nda Zeytinburnu\u2019nda d\u00fczenlenen \u201cMektepten Meclise Pedal\u201d bisiklet turu, renkli g\u00f6r\u00fcnt\u00fclere sahne oldu. \u0130l\u00e7edeki 72 okuldan toplam bin 710 ki\u015finin kat\u0131ld\u0131\u011f\u0131 etkinlikte \u00e7ocuklar, bayram co\u015fkusunu pedal \u00e7evirerek kutlad\u0131. Etkinlik, Zeytinburnu Atat\u00fcrk \u0130lkokulu \u00f6n\u00fcnden ba\u015flad\u0131. \u00d6\u011frenciler, veliler ve \u00f6\u011fretmenler i\u00e7in trafi\u011fe kapat\u0131lan g\u00fcvenli g\u00fczerg\u00e2hta ilerleyen kortej, yakla\u015f\u0131k 2,5 kilometrelik parkurun [&hellip;]\" \/>\n<meta property=\"og:url\" content=\"https:\/\/zeytinburnu.istanbul\/haberler\/zeytinburnunda-23-nisan-coskusu-pedallarla-yasandi\/\" \/>\n<meta property=\"og:site_name\" content=\"Zeytinburnu Belediyesi\" \/>\n<meta property=\"article:publisher\" content=\"https:\/\/web.facebook.com\/zeytinburnubld\/\" \/>\n<meta property=\"article:published_time\" content=\"2026-04-27T10:03:52+00:00\" \/>\n<meta property=\"og:image\" content=\"https:\/\/zeytinburnu.istanbul\/wp-content\/uploads\/2026\/04\/haber-01-bisiklet.jpg\" \/>\n\t<meta property=\"og:image:width\" content=\"615\" \/>\n\t<meta property=\"og:image:height\" content=\"413\" \/>\n\t<meta property=\"og:image:type\" content=\"image\/jpeg\" \/>\n<meta name=\"author\" content=\"Nihan K\u00fc\u00e7\u00fck\" \/>\n<meta name=\"twitter:card\" content=\"summary_large_image\" \/>\n<meta name=\"twitter:creator\" content=\"@zeytinburnubld\" \/>\n<meta name=\"twitter:site\" content=\"@zeytinburnubld\" \/>\n<meta name=\"twitter:label1\" content=\"Yazan:\" \/>\n\t<meta name=\"twitter:data1\" content=\"Nihan K\u00fc\u00e7\u00fck\" \/>\n\t<meta name=\"twitter:label2\" content=\"Tahmini okuma s\u00fcresi\" \/>\n\t<meta name=\"twitter:data2\" content=\"2 dakika\" \/>\n<script type=\"application\/ld+json\" class=\"yoast-schema-graph\">{\"@context\":\"https:\/\/schema.org\",\"@graph\":[{\"@type\":\"WebPage\",\"@id\":\"https:\/\/zeytinburnu.istanbul\/haberler\/zeytinburnunda-23-nisan-coskusu-pedallarla-yasandi\/\",\"url\":\"https:\/\/zeytinburnu.istanbul\/haberler\/zeytinburnunda-23-nisan-coskusu-pedallarla-yasandi\/\",\"name\":\"Zeytinburnu\u2019nda 23 Nisan Co\u015fkusu Pedallarla Ya\u015fand\u0131 - Zeytinburnu Belediyesi\",\"isPartOf\":{\"@id\":\"https:\/\/zeytinburnu.istanbul\/#website\"},\"datePublished\":\"2026-04-27T10:03:52+00:00\",\"dateModified\":\"2026-04-27T10:03:52+00:00\",\"author\":{\"@id\":\"https:\/\/zeytinburnu.istanbul\/#\/schema\/person\/fa9b36b4d792e5aec0a8718c19538adc\"},\"breadcrumb\":{\"@id\":\"https:\/\/zeytinburnu.istanbul\/haberler\/zeytinburnunda-23-nisan-coskusu-pedallarla-yasandi\/#breadcrumb\"},\"inLanguage\":\"tr\",\"potentialAction\":[{\"@type\":\"ReadAction\",\"target\":[\"https:\/\/zeytinburnu.istanbul\/haberler\/zeytinburnunda-23-nisan-coskusu-pedallarla-yasandi\/\"]}]},{\"@type\":\"BreadcrumbList\",\"@id\":\"https:\/\/zeytinburnu.istanbul\/haberler\/zeytinburnunda-23-nisan-coskusu-pedallarla-yasandi\/#breadcrumb\",\"itemListElement\":[{\"@type\":\"ListItem\",\"position\":1,\"name\":\"Anasayfa\",\"item\":\"https:\/\/zeytinburnu.istanbul\/\"},{\"@type\":\"ListItem\",\"position\":2,\"name\":\"Zeytinburnu\u2019nda 23 Nisan Co\u015fkusu Pedallarla Ya\u015fand\u0131\"}]},{\"@type\":\"WebSite\",\"@id\":\"https:\/\/zeytinburnu.istanbul\/#website\",\"url\":\"https:\/\/zeytinburnu.istanbul\/\",\"name\":\"Zeytinburnu Belediyesi\",\"description\":\"\",\"potentialAction\":[{\"@type\":\"SearchAction\",\"target\":{\"@type\":\"EntryPoint\",\"urlTemplate\":\"https:\/\/zeytinburnu.istanbul\/?s={search_term_string}\"},\"query-input\":\"required name=search_term_string\"}],\"inLanguage\":\"tr\"},{\"@type\":\"Person\",\"@id\":\"https:\/\/zeytinburnu.istanbul\/#\/schema\/person\/fa9b36b4d792e5aec0a8718c19538adc\",\"name\":\"Nihan K\u00fc\u00e7\u00fck\",\"image\":{\"@type\":\"ImageObject\",\"inLanguage\":\"tr\",\"@id\":\"https:\/\/zeytinburnu.istanbul\/#\/schema\/person\/image\/\",\"url\":\"https:\/\/secure.gravatar.com\/avatar\/f5a876a005c2831c9c4939c10af65fe7?s=96&d=mm&r=g\",\"contentUrl\":\"https:\/\/secure.gravatar.com\/avatar\/f5a876a005c2831c9c4939c10af65fe7?s=96&d=mm&r=g\",\"caption\":\"Nihan K\u00fc\u00e7\u00fck\"},\"url\":\"https:\/\/zeytinburnu.istanbul\/author\/nihankucuk\/\"}]}<\/script>\n<!-- \/ Yoast SEO plugin. -->","yoast_head_json":{"title":"Zeytinburnu\u2019nda 23 Nisan Co\u015fkusu Pedallarla Ya\u015fand\u0131 - Zeytinburnu Belediyesi","robots":{"index":"index","follow":"follow","max-snippet":"max-snippet:-1","max-image-preview":"max-image-preview:large","max-video-preview":"max-video-preview:-1"},"canonical":"https:\/\/zeytinburnu.istanbul\/haberler\/zeytinburnunda-23-nisan-coskusu-pedallarla-yasandi\/","og_locale":"tr_TR","og_type":"article","og_title":"Zeytinburnu\u2019nda 23 Nisan Co\u015fkusu Pedallarla Ya\u015fand\u0131 - Zeytinburnu Belediyesi","og_description":"23 Nisan Ulusal Egemenlik ve \u00c7ocuk Bayram\u0131 kapsam\u0131nda Zeytinburnu\u2019nda d\u00fczenlenen \u201cMektepten Meclise Pedal\u201d bisiklet turu, renkli g\u00f6r\u00fcnt\u00fclere sahne oldu. \u0130l\u00e7edeki 72 okuldan toplam bin 710 ki\u015finin kat\u0131ld\u0131\u011f\u0131 etkinlikte \u00e7ocuklar, bayram co\u015fkusunu pedal \u00e7evirerek kutlad\u0131. Etkinlik, Zeytinburnu Atat\u00fcrk \u0130lkokulu \u00f6n\u00fcnden ba\u015flad\u0131. \u00d6\u011frenciler, veliler ve \u00f6\u011fretmenler i\u00e7in trafi\u011fe kapat\u0131lan g\u00fcvenli g\u00fczerg\u00e2hta ilerleyen kortej, yakla\u015f\u0131k 2,5 kilometrelik parkurun [&hellip;]","og_url":"https:\/\/zeytinburnu.istanbul\/haberler\/zeytinburnunda-23-nisan-coskusu-pedallarla-yasandi\/","og_site_name":"Zeytinburnu Belediyesi","article_publisher":"https:\/\/web.facebook.com\/zeytinburnubld\/","article_published_time":"2026-04-27T10:03:52+00:00","og_image":[{"width":615,"height":413,"url":"https:\/\/zeytinburnu.istanbul\/wp-content\/uploads\/2026\/04\/haber-01-bisiklet.jpg","type":"image\/jpeg"}],"author":"Nihan K\u00fc\u00e7\u00fck","twitter_card":"summary_large_image","twitter_creator":"@zeytinburnubld","twitter_site":"@zeytinburnubld","twitter_misc":{"Yazan:":"Nihan K\u00fc\u00e7\u00fck","Tahmini okuma s\u00fcresi":"2 dakika"},"schema":{"@context":"https:\/\/schema.org","@graph":[{"@type":"WebPage","@id":"https:\/\/zeytinburnu.istanbul\/haberler\/zeytinburnunda-23-nisan-coskusu-pedallarla-yasandi\/","url":"https:\/\/zeytinburnu.istanbul\/haberler\/zeytinburnunda-23-nisan-coskusu-pedallarla-yasandi\/","name":"Zeytinburnu\u2019nda 23 Nisan Co\u015fkusu Pedallarla Ya\u015fand\u0131 - Zeytinburnu Belediyesi","isPartOf":{"@id":"https:\/\/zeytinburnu.istanbul\/#website"},"datePublished":"2026-04-27T10:03:52+00:00","dateModified":"2026-04-27T10:03:52+00:00","author":{"@id":"https:\/\/zeytinburnu.istanbul\/#\/schema\/person\/fa9b36b4d792e5aec0a8718c19538adc"},"breadcrumb":{"@id":"https:\/\/zeytinburnu.istanbul\/haberler\/zeytinburnunda-23-nisan-coskusu-pedallarla-yasandi\/#breadcrumb"},"inLanguage":"tr","potentialAction":[{"@type":"ReadAction","target":["https:\/\/zeytinburnu.istanbul\/haberler\/zeytinburnunda-23-nisan-coskusu-pedallarla-yasandi\/"]}]},{"@type":"BreadcrumbList","@id":"https:\/\/zeytinburnu.istanbul\/haberler\/zeytinburnunda-23-nisan-coskusu-pedallarla-yasandi\/#breadcrumb","itemListElement":[{"@type":"ListItem","position":1,"name":"Anasayfa","item":"https:\/\/zeytinburnu.istanbul\/"},{"@type":"ListItem","position":2,"name":"Zeytinburnu\u2019nda 23 Nisan Co\u015fkusu Pedallarla Ya\u015fand\u0131"}]},{"@type":"WebSite","@id":"https:\/\/zeytinburnu.istanbul\/#website","url":"https:\/\/zeytinburnu.istanbul\/","name":"Zeytinburnu Belediyesi","description":"","potentialAction":[{"@type":"SearchAction","target":{"@type":"EntryPoint","urlTemplate":"https:\/\/zeytinburnu.istanbul\/?s={search_term_string}"},"query-input":"required name=search_term_string"}],"inLanguage":"tr"},{"@type":"Person","@id":"https:\/\/zeytinburnu.istanbul\/#\/schema\/person\/fa9b36b4d792e5aec0a8718c19538adc","name":"Nihan K\u00fc\u00e7\u00fck","image":{"@type":"ImageObject","inLanguage":"tr","@id":"https:\/\/zeytinburnu.istanbul\/#\/schema\/person\/image\/","url":"https:\/\/secure.gravatar.com\/avatar\/f5a876a005c2831c9c4939c10af65fe7?s=96&d=mm&r=g","contentUrl":"https:\/\/secure.gravatar.com\/avatar\/f5a876a005c2831c9c4939c10af65fe7?s=96&d=mm&r=g","caption":"Nihan K\u00fc\u00e7\u00fck"},"url":"https:\/\/zeytinburnu.istanbul\/author\/nihankucuk\/"}]}},"meta_data":{"spot_ozet_metin":"\u201cMektepten Meclise Pedal\u201d bisiklet turunda binlerce \u00f6\u011frenci, \u00f6\u011fretmen ve veli bayram sevincini birlikte ya\u015fad\u0131.","sidebar_tipi":"varsayilan","ikincil_gorsel":{"ID":69456,"id":69456,"title":"haber 02 bisiklet","filename":"haber-02-bisiklet.jpg","filesize":140217,"url":"https:\/\/zeytinburnu.istanbul\/wp-content\/uploads\/2026\/04\/haber-02-bisiklet.jpg","link":"https:\/\/zeytinburnu.istanbul\/haberler\/zeytinburnunda-23-nisan-coskusu-pedallarla-yasandi\/attachment\/haber-02-bisiklet\/","alt":"","author":"6","description":"","caption":"","name":"haber-02-bisiklet","status":"inherit","uploaded_to":69454,"date":"2026-04-27 10:03:09","modified":"2026-04-27 10:03:09","menu_order":0,"mime_type":"image\/jpeg","type":"image","subtype":"jpeg","icon":"https:\/\/zeytinburnu.istanbul\/wp-includes\/images\/media\/default.png","width":641,"height":406,"sizes":{"thumbnail":"https:\/\/zeytinburnu.istanbul\/wp-content\/uploads\/2026\/04\/haber-02-bisiklet.jpg","thumbnail-width":641,"thumbnail-height":406,"medium":"https:\/\/zeytinburnu.istanbul\/wp-content\/uploads\/2026\/04\/haber-02-bisiklet.jpg","medium-width":641,"medium-height":406,"medium_large":"https:\/\/zeytinburnu.istanbul\/wp-content\/uploads\/2026\/04\/haber-02-bisiklet.jpg","medium_large-width":641,"medium_large-height":406,"large":"https:\/\/zeytinburnu.istanbul\/wp-content\/uploads\/2026\/04\/haber-02-bisiklet.jpg","large-width":641,"large-height":406,"1536x1536":"https:\/\/zeytinburnu.istanbul\/wp-content\/uploads\/2026\/04\/haber-02-bisiklet.jpg","1536x1536-width":641,"1536x1536-height":406,"2048x2048":"https:\/\/zeytinburnu.istanbul\/wp-content\/uploads\/2026\/04\/haber-02-bisiklet.jpg","2048x2048-width":641,"2048x2048-height":406}},"haber_tarihi":"27 Nisan 2026","haber_saati":"13:00","yayindan_cikis_tarihi":"","youtube_video_id":"","vimeo_video_id":"","video_dosya":false,"ekler":false,"galeri_basligi":"GALER\u0130","galeri":false,"image_details":{"thumbnail":{"url":"https:\/\/zeytinburnu.istanbul\/wp-content\/uploads\/2026\/04\/haber-01-bisiklet.jpg"},"full":{"file":"2026\/04\/haber-01-bisiklet.jpg","width":615,"height":413,"mime_type":"image\/jpeg","url":"https:\/\/zeytinburnu.istanbul\/wp-content\/uploads\/2026\/04\/haber-01-bisiklet.jpg"}}},"_links":{"self":[{"href":"https:\/\/zeytinburnu.istanbul\/api\/wp\/v2\/posts\/69454"}],"collection":[{"href":"https:\/\/zeytinburnu.istanbul\/api\/wp\/v2\/posts"}],"about":[{"href":"https:\/\/zeytinburnu.istanbul\/api\/wp\/v2\/types\/post"}],"author":[{"embeddable":true,"href":"https:\/\/zeytinburnu.istanbul\/api\/wp\/v2\/users\/6"}],"replies":[{"embeddable":true,"href":"https:\/\/zeytinburnu.istanbul\/api\/wp\/v2\/comments?post=69454"}],"version-history":[{"count":1,"href":"https:\/\/zeytinburnu.istanbul\/api\/wp\/v2\/posts\/69454\/revisions"}],"predecessor-version":[{"id":69457,"href":"https:\/\/zeytinburnu.istanbul\/api\/wp\/v2\/posts\/69454\/revisions\/69457"}],"wp:featuredmedia":[{"embeddable":true,"href":"https:\/\/zeytinburnu.istanbul\/api\/wp\/v2\/media\/69455"}],"wp:attachment":[{"href":"https:\/\/zeytinburnu.istanbul\/api\/wp\/v2\/media?parent=69454"}],"wp:term":[{"taxonomy":"category","embeddable":true,"href":"https:\/\/zeytinburnu.istanbul\/api\/wp\/v2\/categories?post=69454"},{"taxonomy":"post_tag","embeddable":true,"href":"https:\/\/zeytinburnu.istanbul\/api\/wp\/v2\/tags?post=69454"}],"curies":[{"name":"wp","href":"https:\/\/api.w.org\/{rel}","templated":true}]}}