

{"id":69153,"date":"2026-03-24T10:54:33","date_gmt":"2026-03-24T07:54:33","guid":{"rendered":"https:\/\/zeytinburnu.istanbul\/?p=69153"},"modified":"2026-03-24T10:54:33","modified_gmt":"2026-03-24T07:54:33","slug":"zeytinburnunda-anlamli-bulusma-buyukler-unutulmadi","status":"publish","type":"post","link":"https:\/\/zeytinburnu.istanbul\/haberler\/zeytinburnunda-anlamli-bulusma-buyukler-unutulmadi\/","title":{"rendered":"Zeytinburnu\u2019nda Anlaml\u0131 Bulu\u015fma: B\u00fcy\u00fckler Unutulmad\u0131"},"content":{"rendered":"<p>Zeytinburnu Belediyesi Aile, Kad\u0131n Destekleme ve Engelliler Merkezi (AKDEM), Ya\u015fl\u0131lara Sayg\u0131 Haftas\u0131 kapsam\u0131nda anlaml\u0131 bir etkinli\u011fe imza att\u0131. Bayram\u0131n manevi atmosferiyle birle\u015fen ziyaretlerde, il\u00e7ede ya\u015fayan b\u00fcy\u00fckler yaln\u0131z b\u0131rak\u0131lmad\u0131.<\/p>\n<p>AKDEM ekipleri, evde bak\u0131m hizmeti alan ve farkl\u0131 ya\u015fam hik\u00e2yelerine sahip bir\u00e7ok vatanda\u015f\u0131 ziyaret etti. Hi\u00e7 \u00e7ocu\u011fu olmayan, \u00e7ocuklar\u0131 olmas\u0131na ra\u011fmen yaln\u0131z ya\u015fayan ya da iki engelli \u00e7ocu\u011funa tek ba\u015f\u0131na bakan b\u00fcy\u00fcklerle bir araya gelinen ziyaretlerde duygu dolu anlar ya\u015fand\u0131.<\/p>\n<p><span style=\"color: #ff0000;\"><strong>\u00a0<\/strong><strong>Her Hik\u00e2ye Ayr\u0131 Bir Duygu<\/strong><\/span><\/p>\n<p>Ger\u00e7ekle\u015fen bulu\u015fmalarda her bir hayat hik\u00e2yesi ekipleri derinden etkiledi. Ziyaretler s\u0131ras\u0131nda kimi zaman h\u00fcz\u00fcn, kimi zaman tebess\u00fcm \u00f6n plana \u00e7\u0131karken, b\u00fcy\u00fcklerin samimi sohbetleri unutulmaz anlara sahne oldu.<\/p>\n<p><span style=\"color: #ff0000;\"><strong>Dualar ve Te\u015fekk\u00fcrlerle U\u011furland\u0131lar<\/strong><\/span><\/p>\n<p>AKDEM ekipleri, ziyaret ettikleri b\u00fcy\u00fcklerin hem bayram\u0131n\u0131 hem de Ya\u015fl\u0131lara Sayg\u0131 Haftas\u0131\u2019n\u0131 kutlad\u0131. B\u00fcy\u00fcklerin hay\u0131r dualar\u0131n\u0131 alan ekipler, g\u00f6rd\u00fckleri ilgiden dolay\u0131 duyduklar\u0131 memnuniyeti dile getirdi. Ziyaretler, yeniden bulu\u015fma s\u00f6z\u00fc verilerek son buldu.<\/p>\n","protected":false},"excerpt":{"rendered":"<p>Zeytinburnu Belediyesi Aile, Kad\u0131n Destekleme ve Engelliler Merkezi (AKDEM), Ya\u015fl\u0131lara Sayg\u0131 Haftas\u0131 kapsam\u0131nda anlaml\u0131 bir etkinli\u011fe imza att\u0131. Bayram\u0131n manevi atmosferiyle birle\u015fen ziyaretlerde, il\u00e7ede ya\u015fayan b\u00fcy\u00fckler yaln\u0131z b\u0131rak\u0131lmad\u0131. AKDEM ekipleri, evde bak\u0131m hizmeti alan ve farkl\u0131 ya\u015fam hik\u00e2yelerine sahip bir\u00e7ok vatanda\u015f\u0131 ziyaret etti. Hi\u00e7 \u00e7ocu\u011fu olmayan, \u00e7ocuklar\u0131 olmas\u0131na ra\u011fmen yaln\u0131z ya\u015fayan ya da iki engelli [&hellip;]<\/p>\n","protected":false},"author":6,"featured_media":69154,"comment_status":"closed","ping_status":"closed","sticky":false,"template":"","format":"standard","meta":{"inline_featured_image":false,"footnotes":""},"categories":[1],"tags":[],"acf":[],"yoast_head":"<!-- This site is optimized with the Yoast SEO plugin v21.5 - https:\/\/yoast.com\/wordpress\/plugins\/seo\/ -->\n<title>Zeytinburnu\u2019nda Anlaml\u0131 Bulu\u015fma: B\u00fcy\u00fckler Unutulmad\u0131 - Zeytinburnu Belediyesi<\/title>\n<meta name=\"robots\" content=\"index, follow, max-snippet:-1, max-image-preview:large, max-video-preview:-1\" \/>\n<link rel=\"canonical\" href=\"https:\/\/zeytinburnu.istanbul\/haberler\/zeytinburnunda-anlamli-bulusma-buyukler-unutulmadi\/\" \/>\n<meta property=\"og:locale\" content=\"tr_TR\" \/>\n<meta property=\"og:type\" content=\"article\" \/>\n<meta property=\"og:title\" content=\"Zeytinburnu\u2019nda Anlaml\u0131 Bulu\u015fma: B\u00fcy\u00fckler Unutulmad\u0131 - Zeytinburnu Belediyesi\" \/>\n<meta property=\"og:description\" content=\"Zeytinburnu Belediyesi Aile, Kad\u0131n Destekleme ve Engelliler Merkezi (AKDEM), Ya\u015fl\u0131lara Sayg\u0131 Haftas\u0131 kapsam\u0131nda anlaml\u0131 bir etkinli\u011fe imza att\u0131. Bayram\u0131n manevi atmosferiyle birle\u015fen ziyaretlerde, il\u00e7ede ya\u015fayan b\u00fcy\u00fckler yaln\u0131z b\u0131rak\u0131lmad\u0131. AKDEM ekipleri, evde bak\u0131m hizmeti alan ve farkl\u0131 ya\u015fam hik\u00e2yelerine sahip bir\u00e7ok vatanda\u015f\u0131 ziyaret etti. Hi\u00e7 \u00e7ocu\u011fu olmayan, \u00e7ocuklar\u0131 olmas\u0131na ra\u011fmen yaln\u0131z ya\u015fayan ya da iki engelli [&hellip;]\" \/>\n<meta property=\"og:url\" content=\"https:\/\/zeytinburnu.istanbul\/haberler\/zeytinburnunda-anlamli-bulusma-buyukler-unutulmadi\/\" \/>\n<meta property=\"og:site_name\" content=\"Zeytinburnu Belediyesi\" \/>\n<meta property=\"article:publisher\" content=\"https:\/\/web.facebook.com\/zeytinburnubld\/\" \/>\n<meta property=\"article:published_time\" content=\"2026-03-24T07:54:33+00:00\" \/>\n<meta property=\"og:image\" content=\"https:\/\/zeytinburnu.istanbul\/wp-content\/uploads\/2026\/03\/1-Manset-yaslilar01.jpg\" \/>\n\t<meta property=\"og:image:width\" content=\"615\" \/>\n\t<meta property=\"og:image:height\" content=\"413\" \/>\n\t<meta property=\"og:image:type\" content=\"image\/jpeg\" \/>\n<meta name=\"author\" content=\"Nihan K\u00fc\u00e7\u00fck\" \/>\n<meta name=\"twitter:card\" content=\"summary_large_image\" \/>\n<meta name=\"twitter:creator\" content=\"@zeytinburnubld\" \/>\n<meta name=\"twitter:site\" content=\"@zeytinburnubld\" \/>\n<meta name=\"twitter:label1\" content=\"Yazan:\" \/>\n\t<meta name=\"twitter:data1\" content=\"Nihan K\u00fc\u00e7\u00fck\" \/>\n\t<meta name=\"twitter:label2\" content=\"Tahmini okuma s\u00fcresi\" \/>\n\t<meta name=\"twitter:data2\" content=\"1 dakika\" \/>\n<script type=\"application\/ld+json\" class=\"yoast-schema-graph\">{\"@context\":\"https:\/\/schema.org\",\"@graph\":[{\"@type\":\"WebPage\",\"@id\":\"https:\/\/zeytinburnu.istanbul\/haberler\/zeytinburnunda-anlamli-bulusma-buyukler-unutulmadi\/\",\"url\":\"https:\/\/zeytinburnu.istanbul\/haberler\/zeytinburnunda-anlamli-bulusma-buyukler-unutulmadi\/\",\"name\":\"Zeytinburnu\u2019nda Anlaml\u0131 Bulu\u015fma: B\u00fcy\u00fckler Unutulmad\u0131 - Zeytinburnu Belediyesi\",\"isPartOf\":{\"@id\":\"https:\/\/zeytinburnu.istanbul\/#website\"},\"datePublished\":\"2026-03-24T07:54:33+00:00\",\"dateModified\":\"2026-03-24T07:54:33+00:00\",\"author\":{\"@id\":\"https:\/\/zeytinburnu.istanbul\/#\/schema\/person\/fa9b36b4d792e5aec0a8718c19538adc\"},\"breadcrumb\":{\"@id\":\"https:\/\/zeytinburnu.istanbul\/haberler\/zeytinburnunda-anlamli-bulusma-buyukler-unutulmadi\/#breadcrumb\"},\"inLanguage\":\"tr\",\"potentialAction\":[{\"@type\":\"ReadAction\",\"target\":[\"https:\/\/zeytinburnu.istanbul\/haberler\/zeytinburnunda-anlamli-bulusma-buyukler-unutulmadi\/\"]}]},{\"@type\":\"BreadcrumbList\",\"@id\":\"https:\/\/zeytinburnu.istanbul\/haberler\/zeytinburnunda-anlamli-bulusma-buyukler-unutulmadi\/#breadcrumb\",\"itemListElement\":[{\"@type\":\"ListItem\",\"position\":1,\"name\":\"Anasayfa\",\"item\":\"https:\/\/zeytinburnu.istanbul\/\"},{\"@type\":\"ListItem\",\"position\":2,\"name\":\"Zeytinburnu\u2019nda Anlaml\u0131 Bulu\u015fma: B\u00fcy\u00fckler Unutulmad\u0131\"}]},{\"@type\":\"WebSite\",\"@id\":\"https:\/\/zeytinburnu.istanbul\/#website\",\"url\":\"https:\/\/zeytinburnu.istanbul\/\",\"name\":\"Zeytinburnu Belediyesi\",\"description\":\"\",\"potentialAction\":[{\"@type\":\"SearchAction\",\"target\":{\"@type\":\"EntryPoint\",\"urlTemplate\":\"https:\/\/zeytinburnu.istanbul\/?s={search_term_string}\"},\"query-input\":\"required name=search_term_string\"}],\"inLanguage\":\"tr\"},{\"@type\":\"Person\",\"@id\":\"https:\/\/zeytinburnu.istanbul\/#\/schema\/person\/fa9b36b4d792e5aec0a8718c19538adc\",\"name\":\"Nihan K\u00fc\u00e7\u00fck\",\"image\":{\"@type\":\"ImageObject\",\"inLanguage\":\"tr\",\"@id\":\"https:\/\/zeytinburnu.istanbul\/#\/schema\/person\/image\/\",\"url\":\"https:\/\/secure.gravatar.com\/avatar\/f5a876a005c2831c9c4939c10af65fe7?s=96&d=mm&r=g\",\"contentUrl\":\"https:\/\/secure.gravatar.com\/avatar\/f5a876a005c2831c9c4939c10af65fe7?s=96&d=mm&r=g\",\"caption\":\"Nihan K\u00fc\u00e7\u00fck\"},\"url\":\"https:\/\/zeytinburnu.istanbul\/author\/nihankucuk\/\"}]}<\/script>\n<!-- \/ Yoast SEO plugin. -->","yoast_head_json":{"title":"Zeytinburnu\u2019nda Anlaml\u0131 Bulu\u015fma: B\u00fcy\u00fckler Unutulmad\u0131 - Zeytinburnu Belediyesi","robots":{"index":"index","follow":"follow","max-snippet":"max-snippet:-1","max-image-preview":"max-image-preview:large","max-video-preview":"max-video-preview:-1"},"canonical":"https:\/\/zeytinburnu.istanbul\/haberler\/zeytinburnunda-anlamli-bulusma-buyukler-unutulmadi\/","og_locale":"tr_TR","og_type":"article","og_title":"Zeytinburnu\u2019nda Anlaml\u0131 Bulu\u015fma: B\u00fcy\u00fckler Unutulmad\u0131 - Zeytinburnu Belediyesi","og_description":"Zeytinburnu Belediyesi Aile, Kad\u0131n Destekleme ve Engelliler Merkezi (AKDEM), Ya\u015fl\u0131lara Sayg\u0131 Haftas\u0131 kapsam\u0131nda anlaml\u0131 bir etkinli\u011fe imza att\u0131. Bayram\u0131n manevi atmosferiyle birle\u015fen ziyaretlerde, il\u00e7ede ya\u015fayan b\u00fcy\u00fckler yaln\u0131z b\u0131rak\u0131lmad\u0131. AKDEM ekipleri, evde bak\u0131m hizmeti alan ve farkl\u0131 ya\u015fam hik\u00e2yelerine sahip bir\u00e7ok vatanda\u015f\u0131 ziyaret etti. Hi\u00e7 \u00e7ocu\u011fu olmayan, \u00e7ocuklar\u0131 olmas\u0131na ra\u011fmen yaln\u0131z ya\u015fayan ya da iki engelli [&hellip;]","og_url":"https:\/\/zeytinburnu.istanbul\/haberler\/zeytinburnunda-anlamli-bulusma-buyukler-unutulmadi\/","og_site_name":"Zeytinburnu Belediyesi","article_publisher":"https:\/\/web.facebook.com\/zeytinburnubld\/","article_published_time":"2026-03-24T07:54:33+00:00","og_image":[{"width":615,"height":413,"url":"https:\/\/zeytinburnu.istanbul\/wp-content\/uploads\/2026\/03\/1-Manset-yaslilar01.jpg","type":"image\/jpeg"}],"author":"Nihan K\u00fc\u00e7\u00fck","twitter_card":"summary_large_image","twitter_creator":"@zeytinburnubld","twitter_site":"@zeytinburnubld","twitter_misc":{"Yazan:":"Nihan K\u00fc\u00e7\u00fck","Tahmini okuma s\u00fcresi":"1 dakika"},"schema":{"@context":"https:\/\/schema.org","@graph":[{"@type":"WebPage","@id":"https:\/\/zeytinburnu.istanbul\/haberler\/zeytinburnunda-anlamli-bulusma-buyukler-unutulmadi\/","url":"https:\/\/zeytinburnu.istanbul\/haberler\/zeytinburnunda-anlamli-bulusma-buyukler-unutulmadi\/","name":"Zeytinburnu\u2019nda Anlaml\u0131 Bulu\u015fma: B\u00fcy\u00fckler Unutulmad\u0131 - Zeytinburnu Belediyesi","isPartOf":{"@id":"https:\/\/zeytinburnu.istanbul\/#website"},"datePublished":"2026-03-24T07:54:33+00:00","dateModified":"2026-03-24T07:54:33+00:00","author":{"@id":"https:\/\/zeytinburnu.istanbul\/#\/schema\/person\/fa9b36b4d792e5aec0a8718c19538adc"},"breadcrumb":{"@id":"https:\/\/zeytinburnu.istanbul\/haberler\/zeytinburnunda-anlamli-bulusma-buyukler-unutulmadi\/#breadcrumb"},"inLanguage":"tr","potentialAction":[{"@type":"ReadAction","target":["https:\/\/zeytinburnu.istanbul\/haberler\/zeytinburnunda-anlamli-bulusma-buyukler-unutulmadi\/"]}]},{"@type":"BreadcrumbList","@id":"https:\/\/zeytinburnu.istanbul\/haberler\/zeytinburnunda-anlamli-bulusma-buyukler-unutulmadi\/#breadcrumb","itemListElement":[{"@type":"ListItem","position":1,"name":"Anasayfa","item":"https:\/\/zeytinburnu.istanbul\/"},{"@type":"ListItem","position":2,"name":"Zeytinburnu\u2019nda Anlaml\u0131 Bulu\u015fma: B\u00fcy\u00fckler Unutulmad\u0131"}]},{"@type":"WebSite","@id":"https:\/\/zeytinburnu.istanbul\/#website","url":"https:\/\/zeytinburnu.istanbul\/","name":"Zeytinburnu Belediyesi","description":"","potentialAction":[{"@type":"SearchAction","target":{"@type":"EntryPoint","urlTemplate":"https:\/\/zeytinburnu.istanbul\/?s={search_term_string}"},"query-input":"required name=search_term_string"}],"inLanguage":"tr"},{"@type":"Person","@id":"https:\/\/zeytinburnu.istanbul\/#\/schema\/person\/fa9b36b4d792e5aec0a8718c19538adc","name":"Nihan K\u00fc\u00e7\u00fck","image":{"@type":"ImageObject","inLanguage":"tr","@id":"https:\/\/zeytinburnu.istanbul\/#\/schema\/person\/image\/","url":"https:\/\/secure.gravatar.com\/avatar\/f5a876a005c2831c9c4939c10af65fe7?s=96&d=mm&r=g","contentUrl":"https:\/\/secure.gravatar.com\/avatar\/f5a876a005c2831c9c4939c10af65fe7?s=96&d=mm&r=g","caption":"Nihan K\u00fc\u00e7\u00fck"},"url":"https:\/\/zeytinburnu.istanbul\/author\/nihankucuk\/"}]}},"meta_data":{"spot_ozet_metin":"Zeytinburnu Belediyesi AKDEM, Ya\u015fl\u0131lara Sayg\u0131 Haftas\u0131 ile bayram\u0131 bir araya getirerek b\u00fcy\u00fcklerin g\u00f6nl\u00fcn\u00fc ald\u0131. Duygusal anlar\u0131n ya\u015fand\u0131\u011f\u0131 ziyaretlerde hem tebess\u00fcm hem de dualar payla\u015f\u0131ld\u0131.","sidebar_tipi":"varsayilan","ikincil_gorsel":{"ID":69155,"id":69155,"title":"1-Man\u015fet yaslilar02","filename":"1-Manset-yaslilar02.jpg","filesize":84456,"url":"https:\/\/zeytinburnu.istanbul\/wp-content\/uploads\/2026\/03\/1-Manset-yaslilar02.jpg","link":"https:\/\/zeytinburnu.istanbul\/haberler\/zeytinburnunda-anlamli-bulusma-buyukler-unutulmadi\/attachment\/1-manset-yaslilar02\/","alt":"","author":"6","description":"","caption":"","name":"1-manset-yaslilar02","status":"inherit","uploaded_to":69153,"date":"2026-03-24 07:53:39","modified":"2026-03-24 07:53:39","menu_order":0,"mime_type":"image\/jpeg","type":"image","subtype":"jpeg","icon":"https:\/\/zeytinburnu.istanbul\/wp-includes\/images\/media\/default.png","width":641,"height":406,"sizes":{"thumbnail":"https:\/\/zeytinburnu.istanbul\/wp-content\/uploads\/2026\/03\/1-Manset-yaslilar02.jpg","thumbnail-width":641,"thumbnail-height":406,"medium":"https:\/\/zeytinburnu.istanbul\/wp-content\/uploads\/2026\/03\/1-Manset-yaslilar02.jpg","medium-width":641,"medium-height":406,"medium_large":"https:\/\/zeytinburnu.istanbul\/wp-content\/uploads\/2026\/03\/1-Manset-yaslilar02.jpg","medium_large-width":641,"medium_large-height":406,"large":"https:\/\/zeytinburnu.istanbul\/wp-content\/uploads\/2026\/03\/1-Manset-yaslilar02.jpg","large-width":641,"large-height":406,"1536x1536":"https:\/\/zeytinburnu.istanbul\/wp-content\/uploads\/2026\/03\/1-Manset-yaslilar02.jpg","1536x1536-width":641,"1536x1536-height":406,"2048x2048":"https:\/\/zeytinburnu.istanbul\/wp-content\/uploads\/2026\/03\/1-Manset-yaslilar02.jpg","2048x2048-width":641,"2048x2048-height":406}},"haber_tarihi":"24 Mart 2026","haber_saati":"10:00","yayindan_cikis_tarihi":"","youtube_video_id":"","vimeo_video_id":"","video_dosya":false,"ekler":false,"galeri_basligi":"GALER\u0130","galeri":false,"image_details":{"thumbnail":{"url":"https:\/\/zeytinburnu.istanbul\/wp-content\/uploads\/2026\/03\/1-Manset-yaslilar01.jpg"},"full":{"file":"2026\/03\/1-Manset-yaslilar01.jpg","width":615,"height":413,"mime_type":"image\/jpeg","url":"https:\/\/zeytinburnu.istanbul\/wp-content\/uploads\/2026\/03\/1-Manset-yaslilar01.jpg"}}},"_links":{"self":[{"href":"https:\/\/zeytinburnu.istanbul\/api\/wp\/v2\/posts\/69153"}],"collection":[{"href":"https:\/\/zeytinburnu.istanbul\/api\/wp\/v2\/posts"}],"about":[{"href":"https:\/\/zeytinburnu.istanbul\/api\/wp\/v2\/types\/post"}],"author":[{"embeddable":true,"href":"https:\/\/zeytinburnu.istanbul\/api\/wp\/v2\/users\/6"}],"replies":[{"embeddable":true,"href":"https:\/\/zeytinburnu.istanbul\/api\/wp\/v2\/comments?post=69153"}],"version-history":[{"count":2,"href":"https:\/\/zeytinburnu.istanbul\/api\/wp\/v2\/posts\/69153\/revisions"}],"predecessor-version":[{"id":69157,"href":"https:\/\/zeytinburnu.istanbul\/api\/wp\/v2\/posts\/69153\/revisions\/69157"}],"wp:featuredmedia":[{"embeddable":true,"href":"https:\/\/zeytinburnu.istanbul\/api\/wp\/v2\/media\/69154"}],"wp:attachment":[{"href":"https:\/\/zeytinburnu.istanbul\/api\/wp\/v2\/media?parent=69153"}],"wp:term":[{"taxonomy":"category","embeddable":true,"href":"https:\/\/zeytinburnu.istanbul\/api\/wp\/v2\/categories?post=69153"},{"taxonomy":"post_tag","embeddable":true,"href":"https:\/\/zeytinburnu.istanbul\/api\/wp\/v2\/tags?post=69153"}],"curies":[{"name":"wp","href":"https:\/\/api.w.org\/{rel}","templated":true}]}}