

{"id":69086,"date":"2026-03-09T13:08:33","date_gmt":"2026-03-09T10:08:33","guid":{"rendered":"https:\/\/zeytinburnu.istanbul\/?p=69086"},"modified":"2026-03-09T13:08:33","modified_gmt":"2026-03-09T10:08:33","slug":"omer-arisoy-8-martta-kadinlarla-iftar-yapti","status":"publish","type":"post","link":"https:\/\/zeytinburnu.istanbul\/haberler\/omer-arisoy-8-martta-kadinlarla-iftar-yapti\/","title":{"rendered":"\u00d6mer Ar\u0131soy 8 Mart\u2019ta Kad\u0131nlarla \u0130ftar Yapt\u0131"},"content":{"rendered":"<p>Zeytinburnu Kent Konseyi Kad\u0131n Meclisi ile AK Parti Zeytinburnu Kad\u0131n Kollar\u0131\u2019n\u0131n katk\u0131lar\u0131yla d\u00fczenlenen iftar program\u0131nda \u00e7ok say\u0131da kad\u0131n bir araya geldi. Yo\u011fun kat\u0131l\u0131m\u0131n oldu\u011fu programda Ramazan ay\u0131n\u0131n manevi atmosferi payla\u015f\u0131l\u0131rken, 8 Mart D\u00fcnya Kad\u0131nlar G\u00fcn\u00fc de birlikte kutland\u0131.<\/p>\n<p>Programa Zeytinburnu Belediye Ba\u015fkan\u0131 \u00d6mer Ar\u0131soy\u2019un e\u015fi ve k\u0131z\u0131 da kat\u0131larak davetlilere e\u015flik etti. Kad\u0131nlar\u0131n ayn\u0131 sofrada bulu\u015ftu\u011fu programda birlik, dayan\u0131\u015fma ve payla\u015fma vurgusu \u00f6ne \u00e7\u0131kt\u0131.<\/p>\n<p>Programda konu\u015fan Zeytinburnu Kent Konseyi Kad\u0131n Meclisi Ba\u015fkan\u0131 G\u00fclmen G\u00fcven, kad\u0131nlar\u0131n toplumdaki \u00f6nemine dikkat \u00e7ekerek kendilerine verilen destekten dolay\u0131 Zeytinburnu Belediye Ba\u015fkan\u0131 \u00d6mer Ar\u0131soy\u2019a te\u015fekk\u00fcr etti. G\u00fcven, kad\u0131nlar\u0131n birlikte hareket ettik\u00e7e daha g\u00fc\u00e7l\u00fc olduklar\u0131n\u0131 belirterek t\u00fcm kad\u0131nlar\u0131n 8 Mart D\u00fcnya Kad\u0131nlar G\u00fcn\u00fc\u2019n\u00fc kutlad\u0131.<\/p>\n<p>AK Parti Zeytinburnu Kad\u0131n Kollar\u0131 Ba\u015fkan\u0131 Hatice Ta\u015f ise konu\u015fmas\u0131nda kad\u0131nlar\u0131n toplumun temel yap\u0131 ta\u015flar\u0131ndan biri oldu\u011funu ifade etti. \u201cKad\u0131n demek d\u00fcnya demek\u201d s\u00f6zleriyle kad\u0131nlar\u0131n \u00fcretkenli\u011fine ve topluma katk\u0131s\u0131na vurgu yapan Ta\u015f, g\u00fc\u00e7l\u00fc kad\u0131nlar\u0131n g\u00fc\u00e7l\u00fc yar\u0131nlar\u0131n temeli oldu\u011funu s\u00f6yledi.<\/p>\n<p>Zeytinburnu Belediye Ba\u015fkan\u0131 \u00d6mer Ar\u0131soy da Ramazan ay\u0131n\u0131n payla\u015fma ve dayan\u0131\u015fma ay\u0131 oldu\u011funu belirterek kad\u0131nlarla ayn\u0131 sofrada bulu\u015fmaktan duydu\u011fu memnuniyeti dile getirdi. Ar\u0131soy, yakla\u015fan Kadir Gecesi ve Ramazan Bayram\u0131\u2019n\u0131 da \u015fimdiden tebrik etti.<\/p>\n<p>Program, kat\u0131l\u0131mc\u0131lar\u0131n sohbet etmesi ve hat\u0131ra foto\u011fraflar\u0131 \u00e7ekilmesiyle sona erdi.<\/p>\n","protected":false},"excerpt":{"rendered":"<p>Zeytinburnu Kent Konseyi Kad\u0131n Meclisi ile AK Parti Zeytinburnu Kad\u0131n Kollar\u0131\u2019n\u0131n katk\u0131lar\u0131yla d\u00fczenlenen iftar program\u0131nda \u00e7ok say\u0131da kad\u0131n bir araya geldi. Yo\u011fun kat\u0131l\u0131m\u0131n oldu\u011fu programda Ramazan ay\u0131n\u0131n manevi atmosferi payla\u015f\u0131l\u0131rken, 8 Mart D\u00fcnya Kad\u0131nlar G\u00fcn\u00fc de birlikte kutland\u0131. Programa Zeytinburnu Belediye Ba\u015fkan\u0131 \u00d6mer Ar\u0131soy\u2019un e\u015fi ve k\u0131z\u0131 da kat\u0131larak davetlilere e\u015flik etti. Kad\u0131nlar\u0131n ayn\u0131 sofrada [&hellip;]<\/p>\n","protected":false},"author":6,"featured_media":69087,"comment_status":"closed","ping_status":"closed","sticky":false,"template":"","format":"standard","meta":{"inline_featured_image":false,"footnotes":""},"categories":[1],"tags":[],"acf":[],"yoast_head":"<!-- This site is optimized with the Yoast SEO plugin v21.5 - https:\/\/yoast.com\/wordpress\/plugins\/seo\/ -->\n<title>\u00d6mer Ar\u0131soy 8 Mart\u2019ta Kad\u0131nlarla \u0130ftar Yapt\u0131 - Zeytinburnu Belediyesi<\/title>\n<meta name=\"robots\" content=\"index, follow, max-snippet:-1, max-image-preview:large, max-video-preview:-1\" \/>\n<link rel=\"canonical\" href=\"https:\/\/zeytinburnu.istanbul\/haberler\/omer-arisoy-8-martta-kadinlarla-iftar-yapti\/\" \/>\n<meta property=\"og:locale\" content=\"tr_TR\" \/>\n<meta property=\"og:type\" content=\"article\" \/>\n<meta property=\"og:title\" content=\"\u00d6mer Ar\u0131soy 8 Mart\u2019ta Kad\u0131nlarla \u0130ftar Yapt\u0131 - Zeytinburnu Belediyesi\" \/>\n<meta property=\"og:description\" content=\"Zeytinburnu Kent Konseyi Kad\u0131n Meclisi ile AK Parti Zeytinburnu Kad\u0131n Kollar\u0131\u2019n\u0131n katk\u0131lar\u0131yla d\u00fczenlenen iftar program\u0131nda \u00e7ok say\u0131da kad\u0131n bir araya geldi. Yo\u011fun kat\u0131l\u0131m\u0131n oldu\u011fu programda Ramazan ay\u0131n\u0131n manevi atmosferi payla\u015f\u0131l\u0131rken, 8 Mart D\u00fcnya Kad\u0131nlar G\u00fcn\u00fc de birlikte kutland\u0131. Programa Zeytinburnu Belediye Ba\u015fkan\u0131 \u00d6mer Ar\u0131soy\u2019un e\u015fi ve k\u0131z\u0131 da kat\u0131larak davetlilere e\u015flik etti. Kad\u0131nlar\u0131n ayn\u0131 sofrada [&hellip;]\" \/>\n<meta property=\"og:url\" content=\"https:\/\/zeytinburnu.istanbul\/haberler\/omer-arisoy-8-martta-kadinlarla-iftar-yapti\/\" \/>\n<meta property=\"og:site_name\" content=\"Zeytinburnu Belediyesi\" \/>\n<meta property=\"article:publisher\" content=\"https:\/\/web.facebook.com\/zeytinburnubld\/\" \/>\n<meta property=\"article:published_time\" content=\"2026-03-09T10:08:33+00:00\" \/>\n<meta property=\"og:image\" content=\"https:\/\/zeytinburnu.istanbul\/wp-content\/uploads\/2026\/03\/haber-8-mart-iftar-01.jpg\" \/>\n\t<meta property=\"og:image:width\" content=\"615\" \/>\n\t<meta property=\"og:image:height\" content=\"413\" \/>\n\t<meta property=\"og:image:type\" content=\"image\/jpeg\" \/>\n<meta name=\"author\" content=\"Nihan K\u00fc\u00e7\u00fck\" \/>\n<meta name=\"twitter:card\" content=\"summary_large_image\" \/>\n<meta name=\"twitter:creator\" content=\"@zeytinburnubld\" \/>\n<meta name=\"twitter:site\" content=\"@zeytinburnubld\" \/>\n<meta name=\"twitter:label1\" content=\"Yazan:\" \/>\n\t<meta name=\"twitter:data1\" content=\"Nihan K\u00fc\u00e7\u00fck\" \/>\n\t<meta name=\"twitter:label2\" content=\"Tahmini okuma s\u00fcresi\" \/>\n\t<meta name=\"twitter:data2\" content=\"2 dakika\" \/>\n<script type=\"application\/ld+json\" class=\"yoast-schema-graph\">{\"@context\":\"https:\/\/schema.org\",\"@graph\":[{\"@type\":\"WebPage\",\"@id\":\"https:\/\/zeytinburnu.istanbul\/haberler\/omer-arisoy-8-martta-kadinlarla-iftar-yapti\/\",\"url\":\"https:\/\/zeytinburnu.istanbul\/haberler\/omer-arisoy-8-martta-kadinlarla-iftar-yapti\/\",\"name\":\"\u00d6mer Ar\u0131soy 8 Mart\u2019ta Kad\u0131nlarla \u0130ftar Yapt\u0131 - Zeytinburnu Belediyesi\",\"isPartOf\":{\"@id\":\"https:\/\/zeytinburnu.istanbul\/#website\"},\"datePublished\":\"2026-03-09T10:08:33+00:00\",\"dateModified\":\"2026-03-09T10:08:33+00:00\",\"author\":{\"@id\":\"https:\/\/zeytinburnu.istanbul\/#\/schema\/person\/fa9b36b4d792e5aec0a8718c19538adc\"},\"breadcrumb\":{\"@id\":\"https:\/\/zeytinburnu.istanbul\/haberler\/omer-arisoy-8-martta-kadinlarla-iftar-yapti\/#breadcrumb\"},\"inLanguage\":\"tr\",\"potentialAction\":[{\"@type\":\"ReadAction\",\"target\":[\"https:\/\/zeytinburnu.istanbul\/haberler\/omer-arisoy-8-martta-kadinlarla-iftar-yapti\/\"]}]},{\"@type\":\"BreadcrumbList\",\"@id\":\"https:\/\/zeytinburnu.istanbul\/haberler\/omer-arisoy-8-martta-kadinlarla-iftar-yapti\/#breadcrumb\",\"itemListElement\":[{\"@type\":\"ListItem\",\"position\":1,\"name\":\"Anasayfa\",\"item\":\"https:\/\/zeytinburnu.istanbul\/\"},{\"@type\":\"ListItem\",\"position\":2,\"name\":\"\u00d6mer Ar\u0131soy 8 Mart\u2019ta Kad\u0131nlarla \u0130ftar Yapt\u0131\"}]},{\"@type\":\"WebSite\",\"@id\":\"https:\/\/zeytinburnu.istanbul\/#website\",\"url\":\"https:\/\/zeytinburnu.istanbul\/\",\"name\":\"Zeytinburnu Belediyesi\",\"description\":\"\",\"potentialAction\":[{\"@type\":\"SearchAction\",\"target\":{\"@type\":\"EntryPoint\",\"urlTemplate\":\"https:\/\/zeytinburnu.istanbul\/?s={search_term_string}\"},\"query-input\":\"required name=search_term_string\"}],\"inLanguage\":\"tr\"},{\"@type\":\"Person\",\"@id\":\"https:\/\/zeytinburnu.istanbul\/#\/schema\/person\/fa9b36b4d792e5aec0a8718c19538adc\",\"name\":\"Nihan K\u00fc\u00e7\u00fck\",\"image\":{\"@type\":\"ImageObject\",\"inLanguage\":\"tr\",\"@id\":\"https:\/\/zeytinburnu.istanbul\/#\/schema\/person\/image\/\",\"url\":\"https:\/\/secure.gravatar.com\/avatar\/f5a876a005c2831c9c4939c10af65fe7?s=96&d=mm&r=g\",\"contentUrl\":\"https:\/\/secure.gravatar.com\/avatar\/f5a876a005c2831c9c4939c10af65fe7?s=96&d=mm&r=g\",\"caption\":\"Nihan K\u00fc\u00e7\u00fck\"},\"url\":\"https:\/\/zeytinburnu.istanbul\/author\/nihankucuk\/\"}]}<\/script>\n<!-- \/ Yoast SEO plugin. -->","yoast_head_json":{"title":"\u00d6mer Ar\u0131soy 8 Mart\u2019ta Kad\u0131nlarla \u0130ftar Yapt\u0131 - Zeytinburnu Belediyesi","robots":{"index":"index","follow":"follow","max-snippet":"max-snippet:-1","max-image-preview":"max-image-preview:large","max-video-preview":"max-video-preview:-1"},"canonical":"https:\/\/zeytinburnu.istanbul\/haberler\/omer-arisoy-8-martta-kadinlarla-iftar-yapti\/","og_locale":"tr_TR","og_type":"article","og_title":"\u00d6mer Ar\u0131soy 8 Mart\u2019ta Kad\u0131nlarla \u0130ftar Yapt\u0131 - Zeytinburnu Belediyesi","og_description":"Zeytinburnu Kent Konseyi Kad\u0131n Meclisi ile AK Parti Zeytinburnu Kad\u0131n Kollar\u0131\u2019n\u0131n katk\u0131lar\u0131yla d\u00fczenlenen iftar program\u0131nda \u00e7ok say\u0131da kad\u0131n bir araya geldi. Yo\u011fun kat\u0131l\u0131m\u0131n oldu\u011fu programda Ramazan ay\u0131n\u0131n manevi atmosferi payla\u015f\u0131l\u0131rken, 8 Mart D\u00fcnya Kad\u0131nlar G\u00fcn\u00fc de birlikte kutland\u0131. Programa Zeytinburnu Belediye Ba\u015fkan\u0131 \u00d6mer Ar\u0131soy\u2019un e\u015fi ve k\u0131z\u0131 da kat\u0131larak davetlilere e\u015flik etti. Kad\u0131nlar\u0131n ayn\u0131 sofrada [&hellip;]","og_url":"https:\/\/zeytinburnu.istanbul\/haberler\/omer-arisoy-8-martta-kadinlarla-iftar-yapti\/","og_site_name":"Zeytinburnu Belediyesi","article_publisher":"https:\/\/web.facebook.com\/zeytinburnubld\/","article_published_time":"2026-03-09T10:08:33+00:00","og_image":[{"width":615,"height":413,"url":"https:\/\/zeytinburnu.istanbul\/wp-content\/uploads\/2026\/03\/haber-8-mart-iftar-01.jpg","type":"image\/jpeg"}],"author":"Nihan K\u00fc\u00e7\u00fck","twitter_card":"summary_large_image","twitter_creator":"@zeytinburnubld","twitter_site":"@zeytinburnubld","twitter_misc":{"Yazan:":"Nihan K\u00fc\u00e7\u00fck","Tahmini okuma s\u00fcresi":"2 dakika"},"schema":{"@context":"https:\/\/schema.org","@graph":[{"@type":"WebPage","@id":"https:\/\/zeytinburnu.istanbul\/haberler\/omer-arisoy-8-martta-kadinlarla-iftar-yapti\/","url":"https:\/\/zeytinburnu.istanbul\/haberler\/omer-arisoy-8-martta-kadinlarla-iftar-yapti\/","name":"\u00d6mer Ar\u0131soy 8 Mart\u2019ta Kad\u0131nlarla \u0130ftar Yapt\u0131 - Zeytinburnu Belediyesi","isPartOf":{"@id":"https:\/\/zeytinburnu.istanbul\/#website"},"datePublished":"2026-03-09T10:08:33+00:00","dateModified":"2026-03-09T10:08:33+00:00","author":{"@id":"https:\/\/zeytinburnu.istanbul\/#\/schema\/person\/fa9b36b4d792e5aec0a8718c19538adc"},"breadcrumb":{"@id":"https:\/\/zeytinburnu.istanbul\/haberler\/omer-arisoy-8-martta-kadinlarla-iftar-yapti\/#breadcrumb"},"inLanguage":"tr","potentialAction":[{"@type":"ReadAction","target":["https:\/\/zeytinburnu.istanbul\/haberler\/omer-arisoy-8-martta-kadinlarla-iftar-yapti\/"]}]},{"@type":"BreadcrumbList","@id":"https:\/\/zeytinburnu.istanbul\/haberler\/omer-arisoy-8-martta-kadinlarla-iftar-yapti\/#breadcrumb","itemListElement":[{"@type":"ListItem","position":1,"name":"Anasayfa","item":"https:\/\/zeytinburnu.istanbul\/"},{"@type":"ListItem","position":2,"name":"\u00d6mer Ar\u0131soy 8 Mart\u2019ta Kad\u0131nlarla \u0130ftar Yapt\u0131"}]},{"@type":"WebSite","@id":"https:\/\/zeytinburnu.istanbul\/#website","url":"https:\/\/zeytinburnu.istanbul\/","name":"Zeytinburnu Belediyesi","description":"","potentialAction":[{"@type":"SearchAction","target":{"@type":"EntryPoint","urlTemplate":"https:\/\/zeytinburnu.istanbul\/?s={search_term_string}"},"query-input":"required name=search_term_string"}],"inLanguage":"tr"},{"@type":"Person","@id":"https:\/\/zeytinburnu.istanbul\/#\/schema\/person\/fa9b36b4d792e5aec0a8718c19538adc","name":"Nihan K\u00fc\u00e7\u00fck","image":{"@type":"ImageObject","inLanguage":"tr","@id":"https:\/\/zeytinburnu.istanbul\/#\/schema\/person\/image\/","url":"https:\/\/secure.gravatar.com\/avatar\/f5a876a005c2831c9c4939c10af65fe7?s=96&d=mm&r=g","contentUrl":"https:\/\/secure.gravatar.com\/avatar\/f5a876a005c2831c9c4939c10af65fe7?s=96&d=mm&r=g","caption":"Nihan K\u00fc\u00e7\u00fck"},"url":"https:\/\/zeytinburnu.istanbul\/author\/nihankucuk\/"}]}},"meta_data":{"spot_ozet_metin":"Zeytinburnu\u2019nda d\u00fczenlenen programda kad\u0131nlar iftar sofras\u0131nda bir araya gelerek hem Ramazan ay\u0131n\u0131n bereketini payla\u015ft\u0131 hem de 8 Mart D\u00fcnya Kad\u0131nlar G\u00fcn\u00fc\u2019n\u00fc birlikte kutlad\u0131.","sidebar_tipi":"varsayilan","ikincil_gorsel":{"ID":69088,"id":69088,"title":"haber 8 mart iftar 02","filename":"haber-8-mart-iftar-02.jpg","filesize":81951,"url":"https:\/\/zeytinburnu.istanbul\/wp-content\/uploads\/2026\/03\/haber-8-mart-iftar-02.jpg","link":"https:\/\/zeytinburnu.istanbul\/haberler\/omer-arisoy-8-martta-kadinlarla-iftar-yapti\/attachment\/haber-8-mart-iftar-02\/","alt":"","author":"6","description":"","caption":"","name":"haber-8-mart-iftar-02","status":"inherit","uploaded_to":69086,"date":"2026-03-09 10:05:40","modified":"2026-03-09 10:05:40","menu_order":0,"mime_type":"image\/jpeg","type":"image","subtype":"jpeg","icon":"https:\/\/zeytinburnu.istanbul\/wp-includes\/images\/media\/default.png","width":641,"height":406,"sizes":{"thumbnail":"https:\/\/zeytinburnu.istanbul\/wp-content\/uploads\/2026\/03\/haber-8-mart-iftar-02.jpg","thumbnail-width":641,"thumbnail-height":406,"medium":"https:\/\/zeytinburnu.istanbul\/wp-content\/uploads\/2026\/03\/haber-8-mart-iftar-02.jpg","medium-width":641,"medium-height":406,"medium_large":"https:\/\/zeytinburnu.istanbul\/wp-content\/uploads\/2026\/03\/haber-8-mart-iftar-02.jpg","medium_large-width":641,"medium_large-height":406,"large":"https:\/\/zeytinburnu.istanbul\/wp-content\/uploads\/2026\/03\/haber-8-mart-iftar-02.jpg","large-width":641,"large-height":406,"1536x1536":"https:\/\/zeytinburnu.istanbul\/wp-content\/uploads\/2026\/03\/haber-8-mart-iftar-02.jpg","1536x1536-width":641,"1536x1536-height":406,"2048x2048":"https:\/\/zeytinburnu.istanbul\/wp-content\/uploads\/2026\/03\/haber-8-mart-iftar-02.jpg","2048x2048-width":641,"2048x2048-height":406}},"haber_tarihi":"09 Mart 2026","haber_saati":"13:00","yayindan_cikis_tarihi":"","youtube_video_id":"","vimeo_video_id":"","video_dosya":false,"ekler":false,"galeri_basligi":"GALER\u0130","galeri":false,"image_details":{"thumbnail":{"url":"https:\/\/zeytinburnu.istanbul\/wp-content\/uploads\/2026\/03\/haber-8-mart-iftar-01.jpg"},"full":{"file":"2026\/03\/haber-8-mart-iftar-01.jpg","width":615,"height":413,"mime_type":"image\/jpeg","url":"https:\/\/zeytinburnu.istanbul\/wp-content\/uploads\/2026\/03\/haber-8-mart-iftar-01.jpg"}}},"_links":{"self":[{"href":"https:\/\/zeytinburnu.istanbul\/api\/wp\/v2\/posts\/69086"}],"collection":[{"href":"https:\/\/zeytinburnu.istanbul\/api\/wp\/v2\/posts"}],"about":[{"href":"https:\/\/zeytinburnu.istanbul\/api\/wp\/v2\/types\/post"}],"author":[{"embeddable":true,"href":"https:\/\/zeytinburnu.istanbul\/api\/wp\/v2\/users\/6"}],"replies":[{"embeddable":true,"href":"https:\/\/zeytinburnu.istanbul\/api\/wp\/v2\/comments?post=69086"}],"version-history":[{"count":1,"href":"https:\/\/zeytinburnu.istanbul\/api\/wp\/v2\/posts\/69086\/revisions"}],"predecessor-version":[{"id":69089,"href":"https:\/\/zeytinburnu.istanbul\/api\/wp\/v2\/posts\/69086\/revisions\/69089"}],"wp:featuredmedia":[{"embeddable":true,"href":"https:\/\/zeytinburnu.istanbul\/api\/wp\/v2\/media\/69087"}],"wp:attachment":[{"href":"https:\/\/zeytinburnu.istanbul\/api\/wp\/v2\/media?parent=69086"}],"wp:term":[{"taxonomy":"category","embeddable":true,"href":"https:\/\/zeytinburnu.istanbul\/api\/wp\/v2\/categories?post=69086"},{"taxonomy":"post_tag","embeddable":true,"href":"https:\/\/zeytinburnu.istanbul\/api\/wp\/v2\/tags?post=69086"}],"curies":[{"name":"wp","href":"https:\/\/api.w.org\/{rel}","templated":true}]}}