

{"id":69071,"date":"2026-03-05T13:44:34","date_gmt":"2026-03-05T10:44:34","guid":{"rendered":"https:\/\/zeytinburnu.istanbul\/?p=69071"},"modified":"2026-03-05T13:46:02","modified_gmt":"2026-03-05T10:46:02","slug":"zeytinburnunda-sivrisineklere-karsi-kis-mesaisi-basladi","status":"publish","type":"post","link":"https:\/\/zeytinburnu.istanbul\/haberler\/zeytinburnunda-sivrisineklere-karsi-kis-mesaisi-basladi\/","title":{"rendered":"Zeytinburnu\u2019nda Sivrisineklere Kar\u015f\u0131 K\u0131\u015f Mesaisi Ba\u015flad\u0131"},"content":{"rendered":"<p>Zeytinburnu Belediyesi, halk sa\u011fl\u0131\u011f\u0131n\u0131 korumaya y\u00f6nelik vekt\u00f6rle m\u00fccadele \u00e7al\u0131\u015fmalar\u0131n\u0131 y\u0131l\u0131n her d\u00f6neminde s\u00fcrd\u00fcrmeye devam ediyor. Bu kapsamda il\u00e7ede sivrisinek ve benzeri zararl\u0131lar\u0131n \u00fcreme alanlar\u0131na kar\u015f\u0131 kanal sisleme \u00e7al\u0131\u015fmalar\u0131na ba\u015fland\u0131.<\/p>\n<p>Belediye ekipleri, sivrisineklerin \u00e7o\u011falmas\u0131na neden olan kanal ve r\u00f6gar sistemlerinde larva olu\u015fumunu engellemek amac\u0131yla termal sisleme (fog) cihazlar\u0131yla d\u00fczenli uygulamalar ger\u00e7ekle\u015ftiriyor. \u00c7al\u0131\u015fmalar, zararl\u0131lar\u0131n hen\u00fcz \u00e7o\u011falma d\u00f6nemine girmeden kontrol alt\u0131na al\u0131nmas\u0131n\u0131 hedefliyor.<\/p>\n<p>Yetkililer, sivrisineklerle m\u00fccadelenin en etkili y\u00f6nteminin yaz aylar\u0131nda de\u011fil, k\u0131\u015f d\u00f6neminde \u00fcreme kaynaklar\u0131n\u0131 ortadan kald\u0131rmak oldu\u011funu belirterek bu nedenle \u00e7al\u0131\u015fmalara erken d\u00f6nemde ba\u015fland\u0131\u011f\u0131n\u0131 ifade etti.<\/p>\n<p>Planl\u0131 ve periyodik olarak s\u00fcrd\u00fcr\u00fclen uygulamalar sayesinde, yaz aylar\u0131 gelmeden \u00f6nce sivrisinek ve di\u011fer zararl\u0131lar\u0131n \u00fcreme alanlar\u0131n\u0131n kontrol alt\u0131na al\u0131nmas\u0131 ama\u00e7lan\u0131yor. B\u00f6ylece vatanda\u015flar\u0131n daha sa\u011fl\u0131kl\u0131 ve huzurlu bir yaz mevsimi ge\u00e7irmesi hedefleniyor.<\/p>\n<p>Zeytinburnu Belediyesi ekiplerinin vekt\u00f6rle m\u00fccadele \u00e7al\u0131\u015fmalar\u0131 program dahilinde il\u00e7enin farkl\u0131 noktalar\u0131nda kesintisiz \u015fekilde devam edecek.<\/p>\n","protected":false},"excerpt":{"rendered":"<p>Zeytinburnu Belediyesi, halk sa\u011fl\u0131\u011f\u0131n\u0131 korumaya y\u00f6nelik vekt\u00f6rle m\u00fccadele \u00e7al\u0131\u015fmalar\u0131n\u0131 y\u0131l\u0131n her d\u00f6neminde s\u00fcrd\u00fcrmeye devam ediyor. Bu kapsamda il\u00e7ede sivrisinek ve benzeri zararl\u0131lar\u0131n \u00fcreme alanlar\u0131na kar\u015f\u0131 kanal sisleme \u00e7al\u0131\u015fmalar\u0131na ba\u015fland\u0131. Belediye ekipleri, sivrisineklerin \u00e7o\u011falmas\u0131na neden olan kanal ve r\u00f6gar sistemlerinde larva olu\u015fumunu engellemek amac\u0131yla termal sisleme (fog) cihazlar\u0131yla d\u00fczenli uygulamalar ger\u00e7ekle\u015ftiriyor. \u00c7al\u0131\u015fmalar, zararl\u0131lar\u0131n hen\u00fcz \u00e7o\u011falma d\u00f6nemine [&hellip;]<\/p>\n","protected":false},"author":6,"featured_media":69074,"comment_status":"closed","ping_status":"closed","sticky":false,"template":"","format":"standard","meta":{"inline_featured_image":false,"footnotes":""},"categories":[1],"tags":[],"acf":[],"yoast_head":"<!-- This site is optimized with the Yoast SEO plugin v21.5 - https:\/\/yoast.com\/wordpress\/plugins\/seo\/ -->\n<title>Zeytinburnu\u2019nda Sivrisineklere Kar\u015f\u0131 K\u0131\u015f Mesaisi Ba\u015flad\u0131 - Zeytinburnu Belediyesi<\/title>\n<meta name=\"robots\" content=\"index, follow, max-snippet:-1, max-image-preview:large, max-video-preview:-1\" \/>\n<link rel=\"canonical\" href=\"https:\/\/zeytinburnu.istanbul\/haberler\/zeytinburnunda-sivrisineklere-karsi-kis-mesaisi-basladi\/\" \/>\n<meta property=\"og:locale\" content=\"tr_TR\" \/>\n<meta property=\"og:type\" content=\"article\" \/>\n<meta property=\"og:title\" content=\"Zeytinburnu\u2019nda Sivrisineklere Kar\u015f\u0131 K\u0131\u015f Mesaisi Ba\u015flad\u0131 - Zeytinburnu Belediyesi\" \/>\n<meta property=\"og:description\" content=\"Zeytinburnu Belediyesi, halk sa\u011fl\u0131\u011f\u0131n\u0131 korumaya y\u00f6nelik vekt\u00f6rle m\u00fccadele \u00e7al\u0131\u015fmalar\u0131n\u0131 y\u0131l\u0131n her d\u00f6neminde s\u00fcrd\u00fcrmeye devam ediyor. Bu kapsamda il\u00e7ede sivrisinek ve benzeri zararl\u0131lar\u0131n \u00fcreme alanlar\u0131na kar\u015f\u0131 kanal sisleme \u00e7al\u0131\u015fmalar\u0131na ba\u015fland\u0131. Belediye ekipleri, sivrisineklerin \u00e7o\u011falmas\u0131na neden olan kanal ve r\u00f6gar sistemlerinde larva olu\u015fumunu engellemek amac\u0131yla termal sisleme (fog) cihazlar\u0131yla d\u00fczenli uygulamalar ger\u00e7ekle\u015ftiriyor. \u00c7al\u0131\u015fmalar, zararl\u0131lar\u0131n hen\u00fcz \u00e7o\u011falma d\u00f6nemine [&hellip;]\" \/>\n<meta property=\"og:url\" content=\"https:\/\/zeytinburnu.istanbul\/haberler\/zeytinburnunda-sivrisineklere-karsi-kis-mesaisi-basladi\/\" \/>\n<meta property=\"og:site_name\" content=\"Zeytinburnu Belediyesi\" \/>\n<meta property=\"article:publisher\" content=\"https:\/\/web.facebook.com\/zeytinburnubld\/\" \/>\n<meta property=\"article:published_time\" content=\"2026-03-05T10:44:34+00:00\" \/>\n<meta property=\"article:modified_time\" content=\"2026-03-05T10:46:02+00:00\" \/>\n<meta property=\"og:image\" content=\"https:\/\/zeytinburnu.istanbul\/wp-content\/uploads\/2026\/03\/haber-sinek-01.jpg\" \/>\n\t<meta property=\"og:image:width\" content=\"615\" \/>\n\t<meta property=\"og:image:height\" content=\"413\" \/>\n\t<meta property=\"og:image:type\" content=\"image\/jpeg\" \/>\n<meta name=\"author\" content=\"Nihan K\u00fc\u00e7\u00fck\" \/>\n<meta name=\"twitter:card\" content=\"summary_large_image\" \/>\n<meta name=\"twitter:creator\" content=\"@zeytinburnubld\" \/>\n<meta name=\"twitter:site\" content=\"@zeytinburnubld\" \/>\n<meta name=\"twitter:label1\" content=\"Yazan:\" \/>\n\t<meta name=\"twitter:data1\" content=\"Nihan K\u00fc\u00e7\u00fck\" \/>\n\t<meta name=\"twitter:label2\" content=\"Tahmini okuma s\u00fcresi\" \/>\n\t<meta name=\"twitter:data2\" content=\"1 dakika\" \/>\n<script type=\"application\/ld+json\" class=\"yoast-schema-graph\">{\"@context\":\"https:\/\/schema.org\",\"@graph\":[{\"@type\":\"WebPage\",\"@id\":\"https:\/\/zeytinburnu.istanbul\/haberler\/zeytinburnunda-sivrisineklere-karsi-kis-mesaisi-basladi\/\",\"url\":\"https:\/\/zeytinburnu.istanbul\/haberler\/zeytinburnunda-sivrisineklere-karsi-kis-mesaisi-basladi\/\",\"name\":\"Zeytinburnu\u2019nda Sivrisineklere Kar\u015f\u0131 K\u0131\u015f Mesaisi Ba\u015flad\u0131 - Zeytinburnu Belediyesi\",\"isPartOf\":{\"@id\":\"https:\/\/zeytinburnu.istanbul\/#website\"},\"datePublished\":\"2026-03-05T10:44:34+00:00\",\"dateModified\":\"2026-03-05T10:46:02+00:00\",\"author\":{\"@id\":\"https:\/\/zeytinburnu.istanbul\/#\/schema\/person\/fa9b36b4d792e5aec0a8718c19538adc\"},\"breadcrumb\":{\"@id\":\"https:\/\/zeytinburnu.istanbul\/haberler\/zeytinburnunda-sivrisineklere-karsi-kis-mesaisi-basladi\/#breadcrumb\"},\"inLanguage\":\"tr\",\"potentialAction\":[{\"@type\":\"ReadAction\",\"target\":[\"https:\/\/zeytinburnu.istanbul\/haberler\/zeytinburnunda-sivrisineklere-karsi-kis-mesaisi-basladi\/\"]}]},{\"@type\":\"BreadcrumbList\",\"@id\":\"https:\/\/zeytinburnu.istanbul\/haberler\/zeytinburnunda-sivrisineklere-karsi-kis-mesaisi-basladi\/#breadcrumb\",\"itemListElement\":[{\"@type\":\"ListItem\",\"position\":1,\"name\":\"Anasayfa\",\"item\":\"https:\/\/zeytinburnu.istanbul\/\"},{\"@type\":\"ListItem\",\"position\":2,\"name\":\"Zeytinburnu\u2019nda Sivrisineklere Kar\u015f\u0131 K\u0131\u015f Mesaisi Ba\u015flad\u0131\"}]},{\"@type\":\"WebSite\",\"@id\":\"https:\/\/zeytinburnu.istanbul\/#website\",\"url\":\"https:\/\/zeytinburnu.istanbul\/\",\"name\":\"Zeytinburnu Belediyesi\",\"description\":\"\",\"potentialAction\":[{\"@type\":\"SearchAction\",\"target\":{\"@type\":\"EntryPoint\",\"urlTemplate\":\"https:\/\/zeytinburnu.istanbul\/?s={search_term_string}\"},\"query-input\":\"required name=search_term_string\"}],\"inLanguage\":\"tr\"},{\"@type\":\"Person\",\"@id\":\"https:\/\/zeytinburnu.istanbul\/#\/schema\/person\/fa9b36b4d792e5aec0a8718c19538adc\",\"name\":\"Nihan K\u00fc\u00e7\u00fck\",\"image\":{\"@type\":\"ImageObject\",\"inLanguage\":\"tr\",\"@id\":\"https:\/\/zeytinburnu.istanbul\/#\/schema\/person\/image\/\",\"url\":\"https:\/\/secure.gravatar.com\/avatar\/f5a876a005c2831c9c4939c10af65fe7?s=96&d=mm&r=g\",\"contentUrl\":\"https:\/\/secure.gravatar.com\/avatar\/f5a876a005c2831c9c4939c10af65fe7?s=96&d=mm&r=g\",\"caption\":\"Nihan K\u00fc\u00e7\u00fck\"},\"url\":\"https:\/\/zeytinburnu.istanbul\/author\/nihankucuk\/\"}]}<\/script>\n<!-- \/ Yoast SEO plugin. -->","yoast_head_json":{"title":"Zeytinburnu\u2019nda Sivrisineklere Kar\u015f\u0131 K\u0131\u015f Mesaisi Ba\u015flad\u0131 - Zeytinburnu Belediyesi","robots":{"index":"index","follow":"follow","max-snippet":"max-snippet:-1","max-image-preview":"max-image-preview:large","max-video-preview":"max-video-preview:-1"},"canonical":"https:\/\/zeytinburnu.istanbul\/haberler\/zeytinburnunda-sivrisineklere-karsi-kis-mesaisi-basladi\/","og_locale":"tr_TR","og_type":"article","og_title":"Zeytinburnu\u2019nda Sivrisineklere Kar\u015f\u0131 K\u0131\u015f Mesaisi Ba\u015flad\u0131 - Zeytinburnu Belediyesi","og_description":"Zeytinburnu Belediyesi, halk sa\u011fl\u0131\u011f\u0131n\u0131 korumaya y\u00f6nelik vekt\u00f6rle m\u00fccadele \u00e7al\u0131\u015fmalar\u0131n\u0131 y\u0131l\u0131n her d\u00f6neminde s\u00fcrd\u00fcrmeye devam ediyor. Bu kapsamda il\u00e7ede sivrisinek ve benzeri zararl\u0131lar\u0131n \u00fcreme alanlar\u0131na kar\u015f\u0131 kanal sisleme \u00e7al\u0131\u015fmalar\u0131na ba\u015fland\u0131. Belediye ekipleri, sivrisineklerin \u00e7o\u011falmas\u0131na neden olan kanal ve r\u00f6gar sistemlerinde larva olu\u015fumunu engellemek amac\u0131yla termal sisleme (fog) cihazlar\u0131yla d\u00fczenli uygulamalar ger\u00e7ekle\u015ftiriyor. \u00c7al\u0131\u015fmalar, zararl\u0131lar\u0131n hen\u00fcz \u00e7o\u011falma d\u00f6nemine [&hellip;]","og_url":"https:\/\/zeytinburnu.istanbul\/haberler\/zeytinburnunda-sivrisineklere-karsi-kis-mesaisi-basladi\/","og_site_name":"Zeytinburnu Belediyesi","article_publisher":"https:\/\/web.facebook.com\/zeytinburnubld\/","article_published_time":"2026-03-05T10:44:34+00:00","article_modified_time":"2026-03-05T10:46:02+00:00","og_image":[{"width":615,"height":413,"url":"https:\/\/zeytinburnu.istanbul\/wp-content\/uploads\/2026\/03\/haber-sinek-01.jpg","type":"image\/jpeg"}],"author":"Nihan K\u00fc\u00e7\u00fck","twitter_card":"summary_large_image","twitter_creator":"@zeytinburnubld","twitter_site":"@zeytinburnubld","twitter_misc":{"Yazan:":"Nihan K\u00fc\u00e7\u00fck","Tahmini okuma s\u00fcresi":"1 dakika"},"schema":{"@context":"https:\/\/schema.org","@graph":[{"@type":"WebPage","@id":"https:\/\/zeytinburnu.istanbul\/haberler\/zeytinburnunda-sivrisineklere-karsi-kis-mesaisi-basladi\/","url":"https:\/\/zeytinburnu.istanbul\/haberler\/zeytinburnunda-sivrisineklere-karsi-kis-mesaisi-basladi\/","name":"Zeytinburnu\u2019nda Sivrisineklere Kar\u015f\u0131 K\u0131\u015f Mesaisi Ba\u015flad\u0131 - Zeytinburnu Belediyesi","isPartOf":{"@id":"https:\/\/zeytinburnu.istanbul\/#website"},"datePublished":"2026-03-05T10:44:34+00:00","dateModified":"2026-03-05T10:46:02+00:00","author":{"@id":"https:\/\/zeytinburnu.istanbul\/#\/schema\/person\/fa9b36b4d792e5aec0a8718c19538adc"},"breadcrumb":{"@id":"https:\/\/zeytinburnu.istanbul\/haberler\/zeytinburnunda-sivrisineklere-karsi-kis-mesaisi-basladi\/#breadcrumb"},"inLanguage":"tr","potentialAction":[{"@type":"ReadAction","target":["https:\/\/zeytinburnu.istanbul\/haberler\/zeytinburnunda-sivrisineklere-karsi-kis-mesaisi-basladi\/"]}]},{"@type":"BreadcrumbList","@id":"https:\/\/zeytinburnu.istanbul\/haberler\/zeytinburnunda-sivrisineklere-karsi-kis-mesaisi-basladi\/#breadcrumb","itemListElement":[{"@type":"ListItem","position":1,"name":"Anasayfa","item":"https:\/\/zeytinburnu.istanbul\/"},{"@type":"ListItem","position":2,"name":"Zeytinburnu\u2019nda Sivrisineklere Kar\u015f\u0131 K\u0131\u015f Mesaisi Ba\u015flad\u0131"}]},{"@type":"WebSite","@id":"https:\/\/zeytinburnu.istanbul\/#website","url":"https:\/\/zeytinburnu.istanbul\/","name":"Zeytinburnu Belediyesi","description":"","potentialAction":[{"@type":"SearchAction","target":{"@type":"EntryPoint","urlTemplate":"https:\/\/zeytinburnu.istanbul\/?s={search_term_string}"},"query-input":"required name=search_term_string"}],"inLanguage":"tr"},{"@type":"Person","@id":"https:\/\/zeytinburnu.istanbul\/#\/schema\/person\/fa9b36b4d792e5aec0a8718c19538adc","name":"Nihan K\u00fc\u00e7\u00fck","image":{"@type":"ImageObject","inLanguage":"tr","@id":"https:\/\/zeytinburnu.istanbul\/#\/schema\/person\/image\/","url":"https:\/\/secure.gravatar.com\/avatar\/f5a876a005c2831c9c4939c10af65fe7?s=96&d=mm&r=g","contentUrl":"https:\/\/secure.gravatar.com\/avatar\/f5a876a005c2831c9c4939c10af65fe7?s=96&d=mm&r=g","caption":"Nihan K\u00fc\u00e7\u00fck"},"url":"https:\/\/zeytinburnu.istanbul\/author\/nihankucuk\/"}]}},"meta_data":{"spot_ozet_metin":"Zeytinburnu Belediyesi, yaz aylar\u0131nda artan sivrisinek ve zararl\u0131lara kar\u015f\u0131 \u00f6nlemleri erkenden ald\u0131. Kanal ve r\u00f6gar hatlar\u0131nda larva olu\u015fumunu engellemek amac\u0131yla termal sisleme \u00e7al\u0131\u015fmalar\u0131 ba\u015flat\u0131ld\u0131.","sidebar_tipi":"varsayilan","ikincil_gorsel":{"ID":69075,"id":69075,"title":"haber sinek 02","filename":"haber-sinek-02.jpg","filesize":297817,"url":"https:\/\/zeytinburnu.istanbul\/wp-content\/uploads\/2026\/03\/haber-sinek-02.jpg","link":"https:\/\/zeytinburnu.istanbul\/haberler\/zeytinburnunda-sivrisineklere-karsi-kis-mesaisi-basladi\/attachment\/haber-sinek-02\/","alt":"","author":"6","description":"","caption":"","name":"haber-sinek-02","status":"inherit","uploaded_to":69071,"date":"2026-03-05 10:45:34","modified":"2026-03-05 10:45:34","menu_order":0,"mime_type":"image\/jpeg","type":"image","subtype":"jpeg","icon":"https:\/\/zeytinburnu.istanbul\/wp-includes\/images\/media\/default.png","width":641,"height":406,"sizes":{"thumbnail":"https:\/\/zeytinburnu.istanbul\/wp-content\/uploads\/2026\/03\/haber-sinek-02.jpg","thumbnail-width":641,"thumbnail-height":406,"medium":"https:\/\/zeytinburnu.istanbul\/wp-content\/uploads\/2026\/03\/haber-sinek-02.jpg","medium-width":641,"medium-height":406,"medium_large":"https:\/\/zeytinburnu.istanbul\/wp-content\/uploads\/2026\/03\/haber-sinek-02.jpg","medium_large-width":641,"medium_large-height":406,"large":"https:\/\/zeytinburnu.istanbul\/wp-content\/uploads\/2026\/03\/haber-sinek-02.jpg","large-width":641,"large-height":406,"1536x1536":"https:\/\/zeytinburnu.istanbul\/wp-content\/uploads\/2026\/03\/haber-sinek-02.jpg","1536x1536-width":641,"1536x1536-height":406,"2048x2048":"https:\/\/zeytinburnu.istanbul\/wp-content\/uploads\/2026\/03\/haber-sinek-02.jpg","2048x2048-width":641,"2048x2048-height":406}},"haber_tarihi":"05 Mart 2026","haber_saati":"13:00","yayindan_cikis_tarihi":"","youtube_video_id":"","vimeo_video_id":"","video_dosya":false,"ekler":false,"galeri_basligi":"GALER\u0130","galeri":false,"image_details":{"thumbnail":{"url":"https:\/\/zeytinburnu.istanbul\/wp-content\/uploads\/2026\/03\/haber-sinek-01.jpg"},"full":{"file":"2026\/03\/haber-sinek-01.jpg","width":615,"height":413,"mime_type":"image\/jpeg","url":"https:\/\/zeytinburnu.istanbul\/wp-content\/uploads\/2026\/03\/haber-sinek-01.jpg"}}},"_links":{"self":[{"href":"https:\/\/zeytinburnu.istanbul\/api\/wp\/v2\/posts\/69071"}],"collection":[{"href":"https:\/\/zeytinburnu.istanbul\/api\/wp\/v2\/posts"}],"about":[{"href":"https:\/\/zeytinburnu.istanbul\/api\/wp\/v2\/types\/post"}],"author":[{"embeddable":true,"href":"https:\/\/zeytinburnu.istanbul\/api\/wp\/v2\/users\/6"}],"replies":[{"embeddable":true,"href":"https:\/\/zeytinburnu.istanbul\/api\/wp\/v2\/comments?post=69071"}],"version-history":[{"count":3,"href":"https:\/\/zeytinburnu.istanbul\/api\/wp\/v2\/posts\/69071\/revisions"}],"predecessor-version":[{"id":69076,"href":"https:\/\/zeytinburnu.istanbul\/api\/wp\/v2\/posts\/69071\/revisions\/69076"}],"wp:featuredmedia":[{"embeddable":true,"href":"https:\/\/zeytinburnu.istanbul\/api\/wp\/v2\/media\/69074"}],"wp:attachment":[{"href":"https:\/\/zeytinburnu.istanbul\/api\/wp\/v2\/media?parent=69071"}],"wp:term":[{"taxonomy":"category","embeddable":true,"href":"https:\/\/zeytinburnu.istanbul\/api\/wp\/v2\/categories?post=69071"},{"taxonomy":"post_tag","embeddable":true,"href":"https:\/\/zeytinburnu.istanbul\/api\/wp\/v2\/tags?post=69071"}],"curies":[{"name":"wp","href":"https:\/\/api.w.org\/{rel}","templated":true}]}}