

{"id":69059,"date":"2026-03-04T14:15:47","date_gmt":"2026-03-04T11:15:47","guid":{"rendered":"https:\/\/zeytinburnu.istanbul\/?p=69059"},"modified":"2026-03-04T14:15:47","modified_gmt":"2026-03-04T11:15:47","slug":"zeytinburnu-cok-amacli-etkinlik-salonu-icin-geri-sayim-basladi","status":"publish","type":"post","link":"https:\/\/zeytinburnu.istanbul\/haberler\/zeytinburnu-cok-amacli-etkinlik-salonu-icin-geri-sayim-basladi\/","title":{"rendered":"Zeytinburnu \u00c7ok Ama\u00e7l\u0131 Etkinlik Salonu \u0130\u00e7in Geri Say\u0131m Ba\u015flad\u0131"},"content":{"rendered":"<p>Zeytinburnu\u2019nda il\u00e7enin sosyal ve k\u00fclt\u00fcrel ya\u015fam\u0131na yeni bir soluk getirecek \u00c7ok Ama\u00e7l\u0131 Etkinlik Salonu i\u00e7in geri say\u0131m ba\u015flad\u0131. Temeli 8 A\u011fustos 2023\u2019te at\u0131lan proje, tamamland\u0131\u011f\u0131nda davetlerden kongrelere, sergilerden d\u00fc\u011f\u00fcnlere kadar bir\u00e7ok organizasyona ev sahipli\u011fi yapabilecek modern bir merkez olacak.<\/p>\n<p><span style=\"color: #ff0000;\"><strong>ZEYT\u0130NBURNU\u2019NDA PREST\u0130JL\u0130 B\u0130R BULU\u015eMA NOKTASI<\/strong><\/span><\/p>\n<p>Toplam 13 bin metrekare in\u015faat alan\u0131na sahip olan projenin kaba in\u015faat yap\u0131m ihalesi 9 Mart 2023 tarihinde ger\u00e7ekle\u015ftirildi. \u0130n\u015faat \u00e7al\u0131\u015fmalar\u0131 ise 10 Nisan 2023\u2019te ba\u015flad\u0131. Kaba in\u015faat\u0131n tamamlanmas\u0131n\u0131n ard\u0131ndan ince i\u015fler ve teknik donan\u0131m i\u00e7in ihale s\u00fcreci y\u00fcr\u00fct\u00fclerek, tefri\u015f ve teknik altyap\u0131 \u00e7al\u0131\u015fmalar\u0131yla birlikte salon hizmete haz\u0131r h\u00e2le getirilecek.<\/p>\n<p><span style=\"color: #ff0000;\"><strong>\u0130NSAN \u00d6L\u00c7E\u011e\u0130NDE VE GE\u00c7\u0130RGEN TASARIM<\/strong><\/span><\/p>\n<p>Zeytinburnu\u2019nun merkezinde konumlanan yap\u0131, insan \u00f6l\u00e7e\u011fini merkeze alan ge\u00e7irgen bir mimari anlay\u0131\u015fla tasarland\u0131. Proje alan\u0131 i\u00e7erisinde kamusal ge\u00e7i\u015fleri sa\u011flayan akslar olu\u015fturularak, yap\u0131n\u0131n \u015fehirle g\u00fc\u00e7l\u00fc bir ili\u015fki kurmas\u0131 hedeflendi.<\/p>\n<p><span style=\"color: #ff0000;\"><strong>B\u0130R\u00c7OK FARKLI ETK\u0130NL\u0130\u011eE EV SAH\u0130PL\u0130\u011e\u0130 YAPACAK<\/strong><\/span><\/p>\n<p>\u00c7ok Ama\u00e7l\u0131 Etkinlik Salonu; davet, sergi, toplant\u0131, fuar, kongre, genel kurul toplant\u0131lar\u0131, anma geceleri, tan\u0131t\u0131m organizasyonlar\u0131, kokteyl, d\u00fc\u011f\u00fcn, hem\u015fehri bulu\u015fmalar\u0131 ve kermesler gibi bir\u00e7ok farkl\u0131 etkinli\u011fe ev sahipli\u011fi yapabilecek \u015fekilde planland\u0131. Projede yer alan iki ayr\u0131 500 ki\u015filik salon, gerekti\u011finde a\u00e7\u0131labilen ah\u015fap b\u00f6lme paneller sayesinde 1000 ki\u015filik tek salon haline getirilebilecek.<\/p>\n<p><span style=\"color: #ff0000;\"><strong>GEN\u0130\u015e TEKN\u0130K DONANIM VE OTOPARK ALANI<\/strong><\/span><\/p>\n<p>Yap\u0131; zemin kat, k\u0131smi birinci kat, \u00e7at\u0131 kat\u0131 ve iki bodrum kattan olu\u015facak \u015fekilde tasarland\u0131. Ayr\u0131ca projede 172 ara\u00e7l\u0131k otopark ile 67 bisiklet ve motosiklet park alan\u0131, kad\u0131n ve erkek mescitleri, teknik birimler, mutfak ve yemekhane, bebek bak\u0131m odas\u0131, gelin odalar\u0131 ve VIP bekleme salonlar\u0131 da yer alacak.<\/p>\n<p>Toplam 5.784 metrekare parsel alan\u0131 \u00fczerinde y\u00fckselen ve 3.176 metrekare bina oturum alan\u0131na sahip olan proje, tamamland\u0131\u011f\u0131nda Zeytinburnu\u2019nda sosyal hayat\u0131n \u00f6nemli bulu\u015fma noktalar\u0131ndan biri olacak. Modern \u015fehir merkezi vizyonunun \u00f6nemli par\u00e7alar\u0131ndan biri olarak g\u00f6r\u00fclen \u00c7ok Ama\u00e7l\u0131 Etkinlik Salonu\u2019nun, il\u00e7edeki k\u00fclt\u00fcrel ve sosyal etkinliklere yeni bir ivme kazand\u0131rmas\u0131 bekleniyor.<\/p>\n","protected":false},"excerpt":{"rendered":"<p>Zeytinburnu\u2019nda il\u00e7enin sosyal ve k\u00fclt\u00fcrel ya\u015fam\u0131na yeni bir soluk getirecek \u00c7ok Ama\u00e7l\u0131 Etkinlik Salonu i\u00e7in geri say\u0131m ba\u015flad\u0131. Temeli 8 A\u011fustos 2023\u2019te at\u0131lan proje, tamamland\u0131\u011f\u0131nda davetlerden kongrelere, sergilerden d\u00fc\u011f\u00fcnlere kadar bir\u00e7ok organizasyona ev sahipli\u011fi yapabilecek modern bir merkez olacak. ZEYT\u0130NBURNU\u2019NDA PREST\u0130JL\u0130 B\u0130R BULU\u015eMA NOKTASI Toplam 13 bin metrekare in\u015faat alan\u0131na sahip olan projenin kaba in\u015faat [&hellip;]<\/p>\n","protected":false},"author":6,"featured_media":69060,"comment_status":"closed","ping_status":"closed","sticky":false,"template":"","format":"standard","meta":{"inline_featured_image":false,"footnotes":""},"categories":[1],"tags":[],"acf":[],"yoast_head":"<!-- This site is optimized with the Yoast SEO plugin v21.5 - https:\/\/yoast.com\/wordpress\/plugins\/seo\/ -->\n<title>Zeytinburnu \u00c7ok Ama\u00e7l\u0131 Etkinlik Salonu \u0130\u00e7in Geri Say\u0131m Ba\u015flad\u0131 - Zeytinburnu Belediyesi<\/title>\n<meta name=\"robots\" content=\"index, follow, max-snippet:-1, max-image-preview:large, max-video-preview:-1\" \/>\n<link rel=\"canonical\" href=\"https:\/\/zeytinburnu.istanbul\/haberler\/zeytinburnu-cok-amacli-etkinlik-salonu-icin-geri-sayim-basladi\/\" \/>\n<meta property=\"og:locale\" content=\"tr_TR\" \/>\n<meta property=\"og:type\" content=\"article\" \/>\n<meta property=\"og:title\" content=\"Zeytinburnu \u00c7ok Ama\u00e7l\u0131 Etkinlik Salonu \u0130\u00e7in Geri Say\u0131m Ba\u015flad\u0131 - Zeytinburnu Belediyesi\" \/>\n<meta property=\"og:description\" content=\"Zeytinburnu\u2019nda il\u00e7enin sosyal ve k\u00fclt\u00fcrel ya\u015fam\u0131na yeni bir soluk getirecek \u00c7ok Ama\u00e7l\u0131 Etkinlik Salonu i\u00e7in geri say\u0131m ba\u015flad\u0131. Temeli 8 A\u011fustos 2023\u2019te at\u0131lan proje, tamamland\u0131\u011f\u0131nda davetlerden kongrelere, sergilerden d\u00fc\u011f\u00fcnlere kadar bir\u00e7ok organizasyona ev sahipli\u011fi yapabilecek modern bir merkez olacak. ZEYT\u0130NBURNU\u2019NDA PREST\u0130JL\u0130 B\u0130R BULU\u015eMA NOKTASI Toplam 13 bin metrekare in\u015faat alan\u0131na sahip olan projenin kaba in\u015faat [&hellip;]\" \/>\n<meta property=\"og:url\" content=\"https:\/\/zeytinburnu.istanbul\/haberler\/zeytinburnu-cok-amacli-etkinlik-salonu-icin-geri-sayim-basladi\/\" \/>\n<meta property=\"og:site_name\" content=\"Zeytinburnu Belediyesi\" \/>\n<meta property=\"article:publisher\" content=\"https:\/\/web.facebook.com\/zeytinburnubld\/\" \/>\n<meta property=\"article:published_time\" content=\"2026-03-04T11:15:47+00:00\" \/>\n<meta property=\"og:image\" content=\"https:\/\/zeytinburnu.istanbul\/wp-content\/uploads\/2026\/03\/haber-cok-amacli-01.jpg\" \/>\n\t<meta property=\"og:image:width\" content=\"615\" \/>\n\t<meta property=\"og:image:height\" content=\"413\" \/>\n\t<meta property=\"og:image:type\" content=\"image\/jpeg\" \/>\n<meta name=\"author\" content=\"Nihan K\u00fc\u00e7\u00fck\" \/>\n<meta name=\"twitter:card\" content=\"summary_large_image\" \/>\n<meta name=\"twitter:creator\" content=\"@zeytinburnubld\" \/>\n<meta name=\"twitter:site\" content=\"@zeytinburnubld\" \/>\n<meta name=\"twitter:label1\" content=\"Yazan:\" \/>\n\t<meta name=\"twitter:data1\" content=\"Nihan K\u00fc\u00e7\u00fck\" \/>\n\t<meta name=\"twitter:label2\" content=\"Tahmini okuma s\u00fcresi\" \/>\n\t<meta name=\"twitter:data2\" content=\"2 dakika\" \/>\n<script type=\"application\/ld+json\" class=\"yoast-schema-graph\">{\"@context\":\"https:\/\/schema.org\",\"@graph\":[{\"@type\":\"WebPage\",\"@id\":\"https:\/\/zeytinburnu.istanbul\/haberler\/zeytinburnu-cok-amacli-etkinlik-salonu-icin-geri-sayim-basladi\/\",\"url\":\"https:\/\/zeytinburnu.istanbul\/haberler\/zeytinburnu-cok-amacli-etkinlik-salonu-icin-geri-sayim-basladi\/\",\"name\":\"Zeytinburnu \u00c7ok Ama\u00e7l\u0131 Etkinlik Salonu \u0130\u00e7in Geri Say\u0131m Ba\u015flad\u0131 - Zeytinburnu Belediyesi\",\"isPartOf\":{\"@id\":\"https:\/\/zeytinburnu.istanbul\/#website\"},\"datePublished\":\"2026-03-04T11:15:47+00:00\",\"dateModified\":\"2026-03-04T11:15:47+00:00\",\"author\":{\"@id\":\"https:\/\/zeytinburnu.istanbul\/#\/schema\/person\/fa9b36b4d792e5aec0a8718c19538adc\"},\"breadcrumb\":{\"@id\":\"https:\/\/zeytinburnu.istanbul\/haberler\/zeytinburnu-cok-amacli-etkinlik-salonu-icin-geri-sayim-basladi\/#breadcrumb\"},\"inLanguage\":\"tr\",\"potentialAction\":[{\"@type\":\"ReadAction\",\"target\":[\"https:\/\/zeytinburnu.istanbul\/haberler\/zeytinburnu-cok-amacli-etkinlik-salonu-icin-geri-sayim-basladi\/\"]}]},{\"@type\":\"BreadcrumbList\",\"@id\":\"https:\/\/zeytinburnu.istanbul\/haberler\/zeytinburnu-cok-amacli-etkinlik-salonu-icin-geri-sayim-basladi\/#breadcrumb\",\"itemListElement\":[{\"@type\":\"ListItem\",\"position\":1,\"name\":\"Anasayfa\",\"item\":\"https:\/\/zeytinburnu.istanbul\/\"},{\"@type\":\"ListItem\",\"position\":2,\"name\":\"Zeytinburnu \u00c7ok Ama\u00e7l\u0131 Etkinlik Salonu \u0130\u00e7in Geri Say\u0131m Ba\u015flad\u0131\"}]},{\"@type\":\"WebSite\",\"@id\":\"https:\/\/zeytinburnu.istanbul\/#website\",\"url\":\"https:\/\/zeytinburnu.istanbul\/\",\"name\":\"Zeytinburnu Belediyesi\",\"description\":\"\",\"potentialAction\":[{\"@type\":\"SearchAction\",\"target\":{\"@type\":\"EntryPoint\",\"urlTemplate\":\"https:\/\/zeytinburnu.istanbul\/?s={search_term_string}\"},\"query-input\":\"required name=search_term_string\"}],\"inLanguage\":\"tr\"},{\"@type\":\"Person\",\"@id\":\"https:\/\/zeytinburnu.istanbul\/#\/schema\/person\/fa9b36b4d792e5aec0a8718c19538adc\",\"name\":\"Nihan K\u00fc\u00e7\u00fck\",\"image\":{\"@type\":\"ImageObject\",\"inLanguage\":\"tr\",\"@id\":\"https:\/\/zeytinburnu.istanbul\/#\/schema\/person\/image\/\",\"url\":\"https:\/\/secure.gravatar.com\/avatar\/f5a876a005c2831c9c4939c10af65fe7?s=96&d=mm&r=g\",\"contentUrl\":\"https:\/\/secure.gravatar.com\/avatar\/f5a876a005c2831c9c4939c10af65fe7?s=96&d=mm&r=g\",\"caption\":\"Nihan K\u00fc\u00e7\u00fck\"},\"url\":\"https:\/\/zeytinburnu.istanbul\/author\/nihankucuk\/\"}]}<\/script>\n<!-- \/ Yoast SEO plugin. -->","yoast_head_json":{"title":"Zeytinburnu \u00c7ok Ama\u00e7l\u0131 Etkinlik Salonu \u0130\u00e7in Geri Say\u0131m Ba\u015flad\u0131 - Zeytinburnu Belediyesi","robots":{"index":"index","follow":"follow","max-snippet":"max-snippet:-1","max-image-preview":"max-image-preview:large","max-video-preview":"max-video-preview:-1"},"canonical":"https:\/\/zeytinburnu.istanbul\/haberler\/zeytinburnu-cok-amacli-etkinlik-salonu-icin-geri-sayim-basladi\/","og_locale":"tr_TR","og_type":"article","og_title":"Zeytinburnu \u00c7ok Ama\u00e7l\u0131 Etkinlik Salonu \u0130\u00e7in Geri Say\u0131m Ba\u015flad\u0131 - Zeytinburnu Belediyesi","og_description":"Zeytinburnu\u2019nda il\u00e7enin sosyal ve k\u00fclt\u00fcrel ya\u015fam\u0131na yeni bir soluk getirecek \u00c7ok Ama\u00e7l\u0131 Etkinlik Salonu i\u00e7in geri say\u0131m ba\u015flad\u0131. Temeli 8 A\u011fustos 2023\u2019te at\u0131lan proje, tamamland\u0131\u011f\u0131nda davetlerden kongrelere, sergilerden d\u00fc\u011f\u00fcnlere kadar bir\u00e7ok organizasyona ev sahipli\u011fi yapabilecek modern bir merkez olacak. ZEYT\u0130NBURNU\u2019NDA PREST\u0130JL\u0130 B\u0130R BULU\u015eMA NOKTASI Toplam 13 bin metrekare in\u015faat alan\u0131na sahip olan projenin kaba in\u015faat [&hellip;]","og_url":"https:\/\/zeytinburnu.istanbul\/haberler\/zeytinburnu-cok-amacli-etkinlik-salonu-icin-geri-sayim-basladi\/","og_site_name":"Zeytinburnu Belediyesi","article_publisher":"https:\/\/web.facebook.com\/zeytinburnubld\/","article_published_time":"2026-03-04T11:15:47+00:00","og_image":[{"width":615,"height":413,"url":"https:\/\/zeytinburnu.istanbul\/wp-content\/uploads\/2026\/03\/haber-cok-amacli-01.jpg","type":"image\/jpeg"}],"author":"Nihan K\u00fc\u00e7\u00fck","twitter_card":"summary_large_image","twitter_creator":"@zeytinburnubld","twitter_site":"@zeytinburnubld","twitter_misc":{"Yazan:":"Nihan K\u00fc\u00e7\u00fck","Tahmini okuma s\u00fcresi":"2 dakika"},"schema":{"@context":"https:\/\/schema.org","@graph":[{"@type":"WebPage","@id":"https:\/\/zeytinburnu.istanbul\/haberler\/zeytinburnu-cok-amacli-etkinlik-salonu-icin-geri-sayim-basladi\/","url":"https:\/\/zeytinburnu.istanbul\/haberler\/zeytinburnu-cok-amacli-etkinlik-salonu-icin-geri-sayim-basladi\/","name":"Zeytinburnu \u00c7ok Ama\u00e7l\u0131 Etkinlik Salonu \u0130\u00e7in Geri Say\u0131m Ba\u015flad\u0131 - Zeytinburnu Belediyesi","isPartOf":{"@id":"https:\/\/zeytinburnu.istanbul\/#website"},"datePublished":"2026-03-04T11:15:47+00:00","dateModified":"2026-03-04T11:15:47+00:00","author":{"@id":"https:\/\/zeytinburnu.istanbul\/#\/schema\/person\/fa9b36b4d792e5aec0a8718c19538adc"},"breadcrumb":{"@id":"https:\/\/zeytinburnu.istanbul\/haberler\/zeytinburnu-cok-amacli-etkinlik-salonu-icin-geri-sayim-basladi\/#breadcrumb"},"inLanguage":"tr","potentialAction":[{"@type":"ReadAction","target":["https:\/\/zeytinburnu.istanbul\/haberler\/zeytinburnu-cok-amacli-etkinlik-salonu-icin-geri-sayim-basladi\/"]}]},{"@type":"BreadcrumbList","@id":"https:\/\/zeytinburnu.istanbul\/haberler\/zeytinburnu-cok-amacli-etkinlik-salonu-icin-geri-sayim-basladi\/#breadcrumb","itemListElement":[{"@type":"ListItem","position":1,"name":"Anasayfa","item":"https:\/\/zeytinburnu.istanbul\/"},{"@type":"ListItem","position":2,"name":"Zeytinburnu \u00c7ok Ama\u00e7l\u0131 Etkinlik Salonu \u0130\u00e7in Geri Say\u0131m Ba\u015flad\u0131"}]},{"@type":"WebSite","@id":"https:\/\/zeytinburnu.istanbul\/#website","url":"https:\/\/zeytinburnu.istanbul\/","name":"Zeytinburnu Belediyesi","description":"","potentialAction":[{"@type":"SearchAction","target":{"@type":"EntryPoint","urlTemplate":"https:\/\/zeytinburnu.istanbul\/?s={search_term_string}"},"query-input":"required name=search_term_string"}],"inLanguage":"tr"},{"@type":"Person","@id":"https:\/\/zeytinburnu.istanbul\/#\/schema\/person\/fa9b36b4d792e5aec0a8718c19538adc","name":"Nihan K\u00fc\u00e7\u00fck","image":{"@type":"ImageObject","inLanguage":"tr","@id":"https:\/\/zeytinburnu.istanbul\/#\/schema\/person\/image\/","url":"https:\/\/secure.gravatar.com\/avatar\/f5a876a005c2831c9c4939c10af65fe7?s=96&d=mm&r=g","contentUrl":"https:\/\/secure.gravatar.com\/avatar\/f5a876a005c2831c9c4939c10af65fe7?s=96&d=mm&r=g","caption":"Nihan K\u00fc\u00e7\u00fck"},"url":"https:\/\/zeytinburnu.istanbul\/author\/nihankucuk\/"}]}},"meta_data":{"spot_ozet_metin":"Zeytinburnu\u2019nda sosyal ve k\u00fclt\u00fcrel hayat\u0131 canland\u0131racak \u00c7ok Ama\u00e7l\u0131 Etkinlik Salonu\u2019nun in\u015faat\u0131 h\u0131zla ilerliyor. Modern tasar\u0131m\u0131 ve geni\u015f kapasitesiyle dikkat \u00e7eken proje tamamland\u0131\u011f\u0131nda il\u00e7enin \u00f6nemli bulu\u015fma merkezlerinden biri olacak.","sidebar_tipi":"varsayilan","ikincil_gorsel":{"ID":69061,"id":69061,"title":"haber cok amacli 02","filename":"haber-cok-amacli-02.jpg","filesize":112189,"url":"https:\/\/zeytinburnu.istanbul\/wp-content\/uploads\/2026\/03\/haber-cok-amacli-02.jpg","link":"https:\/\/zeytinburnu.istanbul\/haberler\/zeytinburnu-cok-amacli-etkinlik-salonu-icin-geri-sayim-basladi\/attachment\/haber-cok-amacli-02\/","alt":"","author":"6","description":"","caption":"","name":"haber-cok-amacli-02","status":"inherit","uploaded_to":69059,"date":"2026-03-04 11:15:09","modified":"2026-03-04 11:15:09","menu_order":0,"mime_type":"image\/jpeg","type":"image","subtype":"jpeg","icon":"https:\/\/zeytinburnu.istanbul\/wp-includes\/images\/media\/default.png","width":641,"height":406,"sizes":{"thumbnail":"https:\/\/zeytinburnu.istanbul\/wp-content\/uploads\/2026\/03\/haber-cok-amacli-02.jpg","thumbnail-width":641,"thumbnail-height":406,"medium":"https:\/\/zeytinburnu.istanbul\/wp-content\/uploads\/2026\/03\/haber-cok-amacli-02.jpg","medium-width":641,"medium-height":406,"medium_large":"https:\/\/zeytinburnu.istanbul\/wp-content\/uploads\/2026\/03\/haber-cok-amacli-02.jpg","medium_large-width":641,"medium_large-height":406,"large":"https:\/\/zeytinburnu.istanbul\/wp-content\/uploads\/2026\/03\/haber-cok-amacli-02.jpg","large-width":641,"large-height":406,"1536x1536":"https:\/\/zeytinburnu.istanbul\/wp-content\/uploads\/2026\/03\/haber-cok-amacli-02.jpg","1536x1536-width":641,"1536x1536-height":406,"2048x2048":"https:\/\/zeytinburnu.istanbul\/wp-content\/uploads\/2026\/03\/haber-cok-amacli-02.jpg","2048x2048-width":641,"2048x2048-height":406}},"haber_tarihi":"04 Mart 2026","haber_saati":"14:00","yayindan_cikis_tarihi":"","youtube_video_id":"","vimeo_video_id":"","video_dosya":false,"ekler":false,"galeri_basligi":"GALER\u0130","galeri":false,"image_details":{"thumbnail":{"url":"https:\/\/zeytinburnu.istanbul\/wp-content\/uploads\/2026\/03\/haber-cok-amacli-01.jpg"},"full":{"file":"2026\/03\/haber-cok-amacli-01.jpg","width":615,"height":413,"mime_type":"image\/jpeg","url":"https:\/\/zeytinburnu.istanbul\/wp-content\/uploads\/2026\/03\/haber-cok-amacli-01.jpg"}}},"_links":{"self":[{"href":"https:\/\/zeytinburnu.istanbul\/api\/wp\/v2\/posts\/69059"}],"collection":[{"href":"https:\/\/zeytinburnu.istanbul\/api\/wp\/v2\/posts"}],"about":[{"href":"https:\/\/zeytinburnu.istanbul\/api\/wp\/v2\/types\/post"}],"author":[{"embeddable":true,"href":"https:\/\/zeytinburnu.istanbul\/api\/wp\/v2\/users\/6"}],"replies":[{"embeddable":true,"href":"https:\/\/zeytinburnu.istanbul\/api\/wp\/v2\/comments?post=69059"}],"version-history":[{"count":2,"href":"https:\/\/zeytinburnu.istanbul\/api\/wp\/v2\/posts\/69059\/revisions"}],"predecessor-version":[{"id":69063,"href":"https:\/\/zeytinburnu.istanbul\/api\/wp\/v2\/posts\/69059\/revisions\/69063"}],"wp:featuredmedia":[{"embeddable":true,"href":"https:\/\/zeytinburnu.istanbul\/api\/wp\/v2\/media\/69060"}],"wp:attachment":[{"href":"https:\/\/zeytinburnu.istanbul\/api\/wp\/v2\/media?parent=69059"}],"wp:term":[{"taxonomy":"category","embeddable":true,"href":"https:\/\/zeytinburnu.istanbul\/api\/wp\/v2\/categories?post=69059"},{"taxonomy":"post_tag","embeddable":true,"href":"https:\/\/zeytinburnu.istanbul\/api\/wp\/v2\/tags?post=69059"}],"curies":[{"name":"wp","href":"https:\/\/api.w.org\/{rel}","templated":true}]}}