

{"id":69052,"date":"2026-03-03T11:21:07","date_gmt":"2026-03-03T08:21:07","guid":{"rendered":"https:\/\/zeytinburnu.istanbul\/?p=69052"},"modified":"2026-03-03T11:21:14","modified_gmt":"2026-03-03T08:21:14","slug":"zeytinburnunda-ramazan-coskusu-devam-ediyor-2","status":"publish","type":"post","link":"https:\/\/zeytinburnu.istanbul\/haberler\/zeytinburnunda-ramazan-coskusu-devam-ediyor-2\/","title":{"rendered":"Zeytinburnu\u2019nda Ramazan Co\u015fkusu Devam Ediyor"},"content":{"rendered":"<p>Zeytinburnu\u2019nda Ramazan\u2019\u0131n bereketi ve birlik ruhu, her ak\u015fam d\u00fczenlenen k\u00fclt\u00fcr-sanat programlar\u0131yla ya\u015fat\u0131lmaya devam ediyor. Zeytinburnu K\u00fclt\u00fcr ve Sanat Merkezi\u2019nde ger\u00e7ekle\u015fen etkinlikler, hem yeti\u015fkinlere hem de \u00e7ocuklara hitap eden zengin i\u00e7erikleriyle Ramazan gecelerine anlam kat\u0131yor. \u00dccretsiz olarak d\u00fczenlenen programlar, ailelerin birlikte vakit ge\u00e7irebilece\u011fi keyifli bir atmosfer sunuyor.<\/p>\n<p><span style=\"color: #ff0000;\"><strong>6 Mart Cuma<\/strong><\/span><\/p>\n<p>Saat 21.00\u2019de \u00e7ocuklara y\u00f6nelik Nasrettin Hoca ve Kom\u015fular\u0131 G\u00f6sterisi ile e\u011flence dolu anlar ya\u015fanacak. Sosis balon, y\u00fcz boyama ve maskot etkinlikleriyle minikler Ramazan sevincini doyas\u0131ya ya\u015fayacak.<\/p>\n<p>Saat 21.30\u2019da ise \u201cErdem Abi ile Al G\u00f6z\u00fcm Seyreyle\u201d program\u0131 sahnede olacak.<\/p>\n<p><strong><span style=\"color: #ff0000;\">7 Mart Cumartesi<\/span><\/strong><\/p>\n<p>Saat 21.30\u2019da Mustafa Karata\u015f s\u00f6yle\u015fisiyle Ramazan\u2019\u0131n manevi iklimine dair sohbet ger\u00e7ekle\u015ftirilecek.<\/p>\n<p><span style=\"color: #ff0000;\"><strong>8 Mart Pazar<\/strong><\/span><\/p>\n<p>Saat 21.30\u2019da \u00d6mer Karao\u011flu konseri, ezgi ve ilahiler e\u015fli\u011finde g\u00f6n\u00fcllere hitap edecek.<\/p>\n<p><span style=\"color: #ff0000;\"><strong>13 Mart Cuma<\/strong><\/span><\/p>\n<p>Saat 21.00\u2019de \u00e7ocuklar i\u00e7in Sihirbaz G\u00f6sterisi d\u00fczenlenecek. Sosis balon, y\u00fcz boyama ve maskot etkinlikleriyle program renklenecek.<\/p>\n<p>Saat 21.30\u2019da ise Serta\u00e7 Abi ile \u201cRamazan Yolculu\u011fu\u201d sahne alacak.<\/p>\n<p><strong><span style=\"color: #ff0000;\">14 Mart Cumartesi<\/span><\/strong><\/p>\n<p>Saat 21.30\u2019da Hayati \u0130nan\u00e7 s\u00f6yle\u015fisi, edebiyat ve k\u00fclt\u00fcr ekseninde Ramazan ak\u015famlar\u0131na anlam katacak.<\/p>\n<p><span style=\"color: #ff0000;\"><strong>15 Mart Pazar<\/strong><\/span><\/p>\n<p>Saat 21.30\u2019da \u0130brahim Sadri ve Ender Do\u011fan konseriyle Ramazan gecesi, duygu dolu bir atmosferde tamamlanacak.<\/p>\n<p>Zeytinburnu Belediye Ba\u015fkan\u0131 \u00d6mer Ar\u0131soy\u2019un \u00f6nc\u00fcl\u00fc\u011f\u00fcnde haz\u0131rlanan Ramazan program\u0131, k\u00fclt\u00fcr, sanat ve maneviyat\u0131 bir araya getirerek il\u00e7e sakinlerine dolu dolu bir Ramazan ya\u015fatmay\u0131 hedefliyor.<\/p>\n<p>Ramazan ay\u0131 boyunca devam edecek etkinliklere t\u00fcm vatanda\u015flar davetlidir.<\/p>\n","protected":false},"excerpt":{"rendered":"<p>Zeytinburnu\u2019nda Ramazan\u2019\u0131n bereketi ve birlik ruhu, her ak\u015fam d\u00fczenlenen k\u00fclt\u00fcr-sanat programlar\u0131yla ya\u015fat\u0131lmaya devam ediyor. Zeytinburnu K\u00fclt\u00fcr ve Sanat Merkezi\u2019nde ger\u00e7ekle\u015fen etkinlikler, hem yeti\u015fkinlere hem de \u00e7ocuklara hitap eden zengin i\u00e7erikleriyle Ramazan gecelerine anlam kat\u0131yor. \u00dccretsiz olarak d\u00fczenlenen programlar, ailelerin birlikte vakit ge\u00e7irebilece\u011fi keyifli bir atmosfer sunuyor. 6 Mart Cuma Saat 21.00\u2019de \u00e7ocuklara y\u00f6nelik Nasrettin Hoca [&hellip;]<\/p>\n","protected":false},"author":6,"featured_media":69053,"comment_status":"closed","ping_status":"closed","sticky":false,"template":"","format":"standard","meta":{"inline_featured_image":false,"footnotes":""},"categories":[1],"tags":[],"acf":[],"yoast_head":"<!-- This site is optimized with the Yoast SEO plugin v21.5 - https:\/\/yoast.com\/wordpress\/plugins\/seo\/ -->\n<title>Zeytinburnu\u2019nda Ramazan Co\u015fkusu Devam Ediyor - Zeytinburnu Belediyesi<\/title>\n<meta name=\"robots\" content=\"index, follow, max-snippet:-1, max-image-preview:large, max-video-preview:-1\" \/>\n<link rel=\"canonical\" href=\"https:\/\/zeytinburnu.istanbul\/haberler\/zeytinburnunda-ramazan-coskusu-devam-ediyor-2\/\" \/>\n<meta property=\"og:locale\" content=\"tr_TR\" \/>\n<meta property=\"og:type\" content=\"article\" \/>\n<meta property=\"og:title\" content=\"Zeytinburnu\u2019nda Ramazan Co\u015fkusu Devam Ediyor - Zeytinburnu Belediyesi\" \/>\n<meta property=\"og:description\" content=\"Zeytinburnu\u2019nda Ramazan\u2019\u0131n bereketi ve birlik ruhu, her ak\u015fam d\u00fczenlenen k\u00fclt\u00fcr-sanat programlar\u0131yla ya\u015fat\u0131lmaya devam ediyor. Zeytinburnu K\u00fclt\u00fcr ve Sanat Merkezi\u2019nde ger\u00e7ekle\u015fen etkinlikler, hem yeti\u015fkinlere hem de \u00e7ocuklara hitap eden zengin i\u00e7erikleriyle Ramazan gecelerine anlam kat\u0131yor. \u00dccretsiz olarak d\u00fczenlenen programlar, ailelerin birlikte vakit ge\u00e7irebilece\u011fi keyifli bir atmosfer sunuyor. 6 Mart Cuma Saat 21.00\u2019de \u00e7ocuklara y\u00f6nelik Nasrettin Hoca [&hellip;]\" \/>\n<meta property=\"og:url\" content=\"https:\/\/zeytinburnu.istanbul\/haberler\/zeytinburnunda-ramazan-coskusu-devam-ediyor-2\/\" \/>\n<meta property=\"og:site_name\" content=\"Zeytinburnu Belediyesi\" \/>\n<meta property=\"article:publisher\" content=\"https:\/\/web.facebook.com\/zeytinburnubld\/\" \/>\n<meta property=\"article:published_time\" content=\"2026-03-03T08:21:07+00:00\" \/>\n<meta property=\"article:modified_time\" content=\"2026-03-03T08:21:14+00:00\" \/>\n<meta property=\"og:image\" content=\"https:\/\/zeytinburnu.istanbul\/wp-content\/uploads\/2026\/03\/haber-ramo-01.jpg\" \/>\n\t<meta property=\"og:image:width\" content=\"615\" \/>\n\t<meta property=\"og:image:height\" content=\"413\" \/>\n\t<meta property=\"og:image:type\" content=\"image\/jpeg\" \/>\n<meta name=\"author\" content=\"Nihan K\u00fc\u00e7\u00fck\" \/>\n<meta name=\"twitter:card\" content=\"summary_large_image\" \/>\n<meta name=\"twitter:creator\" content=\"@zeytinburnubld\" \/>\n<meta name=\"twitter:site\" content=\"@zeytinburnubld\" \/>\n<meta name=\"twitter:label1\" content=\"Yazan:\" \/>\n\t<meta name=\"twitter:data1\" content=\"Nihan K\u00fc\u00e7\u00fck\" \/>\n\t<meta name=\"twitter:label2\" content=\"Tahmini okuma s\u00fcresi\" \/>\n\t<meta name=\"twitter:data2\" content=\"2 dakika\" \/>\n<script type=\"application\/ld+json\" class=\"yoast-schema-graph\">{\"@context\":\"https:\/\/schema.org\",\"@graph\":[{\"@type\":\"WebPage\",\"@id\":\"https:\/\/zeytinburnu.istanbul\/haberler\/zeytinburnunda-ramazan-coskusu-devam-ediyor-2\/\",\"url\":\"https:\/\/zeytinburnu.istanbul\/haberler\/zeytinburnunda-ramazan-coskusu-devam-ediyor-2\/\",\"name\":\"Zeytinburnu\u2019nda Ramazan Co\u015fkusu Devam Ediyor - Zeytinburnu Belediyesi\",\"isPartOf\":{\"@id\":\"https:\/\/zeytinburnu.istanbul\/#website\"},\"datePublished\":\"2026-03-03T08:21:07+00:00\",\"dateModified\":\"2026-03-03T08:21:14+00:00\",\"author\":{\"@id\":\"https:\/\/zeytinburnu.istanbul\/#\/schema\/person\/fa9b36b4d792e5aec0a8718c19538adc\"},\"breadcrumb\":{\"@id\":\"https:\/\/zeytinburnu.istanbul\/haberler\/zeytinburnunda-ramazan-coskusu-devam-ediyor-2\/#breadcrumb\"},\"inLanguage\":\"tr\",\"potentialAction\":[{\"@type\":\"ReadAction\",\"target\":[\"https:\/\/zeytinburnu.istanbul\/haberler\/zeytinburnunda-ramazan-coskusu-devam-ediyor-2\/\"]}]},{\"@type\":\"BreadcrumbList\",\"@id\":\"https:\/\/zeytinburnu.istanbul\/haberler\/zeytinburnunda-ramazan-coskusu-devam-ediyor-2\/#breadcrumb\",\"itemListElement\":[{\"@type\":\"ListItem\",\"position\":1,\"name\":\"Anasayfa\",\"item\":\"https:\/\/zeytinburnu.istanbul\/\"},{\"@type\":\"ListItem\",\"position\":2,\"name\":\"Zeytinburnu\u2019nda Ramazan Co\u015fkusu Devam Ediyor\"}]},{\"@type\":\"WebSite\",\"@id\":\"https:\/\/zeytinburnu.istanbul\/#website\",\"url\":\"https:\/\/zeytinburnu.istanbul\/\",\"name\":\"Zeytinburnu Belediyesi\",\"description\":\"\",\"potentialAction\":[{\"@type\":\"SearchAction\",\"target\":{\"@type\":\"EntryPoint\",\"urlTemplate\":\"https:\/\/zeytinburnu.istanbul\/?s={search_term_string}\"},\"query-input\":\"required name=search_term_string\"}],\"inLanguage\":\"tr\"},{\"@type\":\"Person\",\"@id\":\"https:\/\/zeytinburnu.istanbul\/#\/schema\/person\/fa9b36b4d792e5aec0a8718c19538adc\",\"name\":\"Nihan K\u00fc\u00e7\u00fck\",\"image\":{\"@type\":\"ImageObject\",\"inLanguage\":\"tr\",\"@id\":\"https:\/\/zeytinburnu.istanbul\/#\/schema\/person\/image\/\",\"url\":\"https:\/\/secure.gravatar.com\/avatar\/f5a876a005c2831c9c4939c10af65fe7?s=96&d=mm&r=g\",\"contentUrl\":\"https:\/\/secure.gravatar.com\/avatar\/f5a876a005c2831c9c4939c10af65fe7?s=96&d=mm&r=g\",\"caption\":\"Nihan K\u00fc\u00e7\u00fck\"},\"url\":\"https:\/\/zeytinburnu.istanbul\/author\/nihankucuk\/\"}]}<\/script>\n<!-- \/ Yoast SEO plugin. -->","yoast_head_json":{"title":"Zeytinburnu\u2019nda Ramazan Co\u015fkusu Devam Ediyor - Zeytinburnu Belediyesi","robots":{"index":"index","follow":"follow","max-snippet":"max-snippet:-1","max-image-preview":"max-image-preview:large","max-video-preview":"max-video-preview:-1"},"canonical":"https:\/\/zeytinburnu.istanbul\/haberler\/zeytinburnunda-ramazan-coskusu-devam-ediyor-2\/","og_locale":"tr_TR","og_type":"article","og_title":"Zeytinburnu\u2019nda Ramazan Co\u015fkusu Devam Ediyor - Zeytinburnu Belediyesi","og_description":"Zeytinburnu\u2019nda Ramazan\u2019\u0131n bereketi ve birlik ruhu, her ak\u015fam d\u00fczenlenen k\u00fclt\u00fcr-sanat programlar\u0131yla ya\u015fat\u0131lmaya devam ediyor. Zeytinburnu K\u00fclt\u00fcr ve Sanat Merkezi\u2019nde ger\u00e7ekle\u015fen etkinlikler, hem yeti\u015fkinlere hem de \u00e7ocuklara hitap eden zengin i\u00e7erikleriyle Ramazan gecelerine anlam kat\u0131yor. \u00dccretsiz olarak d\u00fczenlenen programlar, ailelerin birlikte vakit ge\u00e7irebilece\u011fi keyifli bir atmosfer sunuyor. 6 Mart Cuma Saat 21.00\u2019de \u00e7ocuklara y\u00f6nelik Nasrettin Hoca [&hellip;]","og_url":"https:\/\/zeytinburnu.istanbul\/haberler\/zeytinburnunda-ramazan-coskusu-devam-ediyor-2\/","og_site_name":"Zeytinburnu Belediyesi","article_publisher":"https:\/\/web.facebook.com\/zeytinburnubld\/","article_published_time":"2026-03-03T08:21:07+00:00","article_modified_time":"2026-03-03T08:21:14+00:00","og_image":[{"width":615,"height":413,"url":"https:\/\/zeytinburnu.istanbul\/wp-content\/uploads\/2026\/03\/haber-ramo-01.jpg","type":"image\/jpeg"}],"author":"Nihan K\u00fc\u00e7\u00fck","twitter_card":"summary_large_image","twitter_creator":"@zeytinburnubld","twitter_site":"@zeytinburnubld","twitter_misc":{"Yazan:":"Nihan K\u00fc\u00e7\u00fck","Tahmini okuma s\u00fcresi":"2 dakika"},"schema":{"@context":"https:\/\/schema.org","@graph":[{"@type":"WebPage","@id":"https:\/\/zeytinburnu.istanbul\/haberler\/zeytinburnunda-ramazan-coskusu-devam-ediyor-2\/","url":"https:\/\/zeytinburnu.istanbul\/haberler\/zeytinburnunda-ramazan-coskusu-devam-ediyor-2\/","name":"Zeytinburnu\u2019nda Ramazan Co\u015fkusu Devam Ediyor - Zeytinburnu Belediyesi","isPartOf":{"@id":"https:\/\/zeytinburnu.istanbul\/#website"},"datePublished":"2026-03-03T08:21:07+00:00","dateModified":"2026-03-03T08:21:14+00:00","author":{"@id":"https:\/\/zeytinburnu.istanbul\/#\/schema\/person\/fa9b36b4d792e5aec0a8718c19538adc"},"breadcrumb":{"@id":"https:\/\/zeytinburnu.istanbul\/haberler\/zeytinburnunda-ramazan-coskusu-devam-ediyor-2\/#breadcrumb"},"inLanguage":"tr","potentialAction":[{"@type":"ReadAction","target":["https:\/\/zeytinburnu.istanbul\/haberler\/zeytinburnunda-ramazan-coskusu-devam-ediyor-2\/"]}]},{"@type":"BreadcrumbList","@id":"https:\/\/zeytinburnu.istanbul\/haberler\/zeytinburnunda-ramazan-coskusu-devam-ediyor-2\/#breadcrumb","itemListElement":[{"@type":"ListItem","position":1,"name":"Anasayfa","item":"https:\/\/zeytinburnu.istanbul\/"},{"@type":"ListItem","position":2,"name":"Zeytinburnu\u2019nda Ramazan Co\u015fkusu Devam Ediyor"}]},{"@type":"WebSite","@id":"https:\/\/zeytinburnu.istanbul\/#website","url":"https:\/\/zeytinburnu.istanbul\/","name":"Zeytinburnu Belediyesi","description":"","potentialAction":[{"@type":"SearchAction","target":{"@type":"EntryPoint","urlTemplate":"https:\/\/zeytinburnu.istanbul\/?s={search_term_string}"},"query-input":"required name=search_term_string"}],"inLanguage":"tr"},{"@type":"Person","@id":"https:\/\/zeytinburnu.istanbul\/#\/schema\/person\/fa9b36b4d792e5aec0a8718c19538adc","name":"Nihan K\u00fc\u00e7\u00fck","image":{"@type":"ImageObject","inLanguage":"tr","@id":"https:\/\/zeytinburnu.istanbul\/#\/schema\/person\/image\/","url":"https:\/\/secure.gravatar.com\/avatar\/f5a876a005c2831c9c4939c10af65fe7?s=96&d=mm&r=g","contentUrl":"https:\/\/secure.gravatar.com\/avatar\/f5a876a005c2831c9c4939c10af65fe7?s=96&d=mm&r=g","caption":"Nihan K\u00fc\u00e7\u00fck"},"url":"https:\/\/zeytinburnu.istanbul\/author\/nihankucuk\/"}]}},"meta_data":{"spot_ozet_metin":"Zeytinburnu K\u00fclt\u00fcr ve Sanat Merkezi\u2019nde Ramazan ak\u015famlar\u0131; s\u00f6yle\u015filer, konserler ve \u00e7ocuk etkinlikleriyle dolu dolu ge\u00e7iyor. Mart ay\u0131 program\u0131 birbirinden k\u0131ymetli isimleri ve \u00f6zel etkinlikleri il\u00e7e sakinleriyle bulu\u015fturuyor.","sidebar_tipi":"varsayilan","ikincil_gorsel":{"ID":69054,"id":69054,"title":"haber ramo 02","filename":"haber-ramo-02.jpg","filesize":55878,"url":"https:\/\/zeytinburnu.istanbul\/wp-content\/uploads\/2026\/03\/haber-ramo-02.jpg","link":"https:\/\/zeytinburnu.istanbul\/haberler\/zeytinburnunda-ramazan-coskusu-devam-ediyor-2\/attachment\/haber-ramo-02\/","alt":"","author":"6","description":"","caption":"","name":"haber-ramo-02","status":"inherit","uploaded_to":69052,"date":"2026-03-03 08:20:55","modified":"2026-03-03 08:20:55","menu_order":0,"mime_type":"image\/jpeg","type":"image","subtype":"jpeg","icon":"https:\/\/zeytinburnu.istanbul\/wp-includes\/images\/media\/default.png","width":641,"height":406,"sizes":{"thumbnail":"https:\/\/zeytinburnu.istanbul\/wp-content\/uploads\/2026\/03\/haber-ramo-02.jpg","thumbnail-width":641,"thumbnail-height":406,"medium":"https:\/\/zeytinburnu.istanbul\/wp-content\/uploads\/2026\/03\/haber-ramo-02.jpg","medium-width":641,"medium-height":406,"medium_large":"https:\/\/zeytinburnu.istanbul\/wp-content\/uploads\/2026\/03\/haber-ramo-02.jpg","medium_large-width":641,"medium_large-height":406,"large":"https:\/\/zeytinburnu.istanbul\/wp-content\/uploads\/2026\/03\/haber-ramo-02.jpg","large-width":641,"large-height":406,"1536x1536":"https:\/\/zeytinburnu.istanbul\/wp-content\/uploads\/2026\/03\/haber-ramo-02.jpg","1536x1536-width":641,"1536x1536-height":406,"2048x2048":"https:\/\/zeytinburnu.istanbul\/wp-content\/uploads\/2026\/03\/haber-ramo-02.jpg","2048x2048-width":641,"2048x2048-height":406}},"haber_tarihi":"03 Mart 2026","haber_saati":"11:00","yayindan_cikis_tarihi":"","youtube_video_id":"","vimeo_video_id":"","video_dosya":false,"ekler":false,"galeri_basligi":"GALER\u0130","galeri":false,"image_details":{"thumbnail":{"url":"https:\/\/zeytinburnu.istanbul\/wp-content\/uploads\/2026\/03\/haber-ramo-01.jpg"},"full":{"file":"2026\/03\/haber-ramo-01.jpg","width":615,"height":413,"mime_type":"image\/jpeg","url":"https:\/\/zeytinburnu.istanbul\/wp-content\/uploads\/2026\/03\/haber-ramo-01.jpg"}}},"_links":{"self":[{"href":"https:\/\/zeytinburnu.istanbul\/api\/wp\/v2\/posts\/69052"}],"collection":[{"href":"https:\/\/zeytinburnu.istanbul\/api\/wp\/v2\/posts"}],"about":[{"href":"https:\/\/zeytinburnu.istanbul\/api\/wp\/v2\/types\/post"}],"author":[{"embeddable":true,"href":"https:\/\/zeytinburnu.istanbul\/api\/wp\/v2\/users\/6"}],"replies":[{"embeddable":true,"href":"https:\/\/zeytinburnu.istanbul\/api\/wp\/v2\/comments?post=69052"}],"version-history":[{"count":2,"href":"https:\/\/zeytinburnu.istanbul\/api\/wp\/v2\/posts\/69052\/revisions"}],"predecessor-version":[{"id":69056,"href":"https:\/\/zeytinburnu.istanbul\/api\/wp\/v2\/posts\/69052\/revisions\/69056"}],"wp:featuredmedia":[{"embeddable":true,"href":"https:\/\/zeytinburnu.istanbul\/api\/wp\/v2\/media\/69053"}],"wp:attachment":[{"href":"https:\/\/zeytinburnu.istanbul\/api\/wp\/v2\/media?parent=69052"}],"wp:term":[{"taxonomy":"category","embeddable":true,"href":"https:\/\/zeytinburnu.istanbul\/api\/wp\/v2\/categories?post=69052"},{"taxonomy":"post_tag","embeddable":true,"href":"https:\/\/zeytinburnu.istanbul\/api\/wp\/v2\/tags?post=69052"}],"curies":[{"name":"wp","href":"https:\/\/api.w.org\/{rel}","templated":true}]}}