

{"id":69047,"date":"2026-03-02T13:31:40","date_gmt":"2026-03-02T10:31:40","guid":{"rendered":"https:\/\/zeytinburnu.istanbul\/?p=69047"},"modified":"2026-03-02T13:31:48","modified_gmt":"2026-03-02T10:31:48","slug":"zeytinburnu-millet-sofrasi-acilisa-hazirlaniyor","status":"publish","type":"post","link":"https:\/\/zeytinburnu.istanbul\/haberler\/zeytinburnu-millet-sofrasi-acilisa-hazirlaniyor\/","title":{"rendered":"Zeytinburnu Millet Sofras\u0131 A\u00e7\u0131l\u0131\u015fa Haz\u0131rlan\u0131yor"},"content":{"rendered":"<p>Be\u015ftelsiz Mahallesi Rauf Denkta\u015f Caddesi \u00fczerinde bulunan Zeytinburnu A\u015fevi Binas\u0131, ger\u00e7ekle\u015ftirilen kapsaml\u0131 yenileme \u00e7al\u0131\u015fmalar\u0131yla Zeytinburnu Millet Sofras\u0131\u2019na d\u00f6n\u00fc\u015ft\u00fcr\u00fcl\u00fcyor. Toplam 1095 metrekare in\u015faat alan\u0131na sahip projede art\u0131k sona yakla\u015f\u0131ld\u0131.<\/p>\n<p><span style=\"color: #ff0000;\"><strong>Geni\u015fleyen Kapasite, G\u00fc\u00e7lenen Altyap\u0131<\/strong><\/span><\/p>\n<p>588 metrekare oturum alan\u0131na sahip yap\u0131; bodrum, zemin ve birinci kattan olu\u015fuyor.<\/p>\n<p>452 metrekarelik bodrum katta kuru bakliyat deposu, so\u011fuk hava deposu, kuru erzak deposu, yemek haz\u0131rlama b\u00f6l\u00fcm\u00fc ile depo ve teknik alanlar yer al\u0131yor.<\/p>\n<p>Zemin katta ise 243 metrekarelik (163 ki\u015fi kapasiteli) kapal\u0131 yemek salonu ile 150 metrekarelik (100 ki\u015fi kapasiteli) a\u00e7\u0131k yemek salonu bulunuyor. Bunun yan\u0131 s\u0131ra mutfak, bay ve bayan WC, engelli WC, mescit ve depo alanlar\u0131 da haz\u0131r hale getirildi.<\/p>\n<p>55 metrekarelik birinci kat ise idari b\u00f6l\u00fcm olarak d\u00fczenlendi.<\/p>\n<p><span style=\"color: #ff0000;\"><strong>A\u00e7\u0131l\u0131\u015f \u0130\u00e7in Geri Say\u0131m<\/strong><\/span><\/p>\n<p>Daha \u00f6nce yaln\u0131zca kapal\u0131 yemek salonuna sahip olan tesis, yeni haliyle a\u00e7\u0131k yemek salonuna da kavu\u015farak daha fazla vatanda\u015fa ayn\u0131 anda hizmet verebilecek kapasiteye ula\u015f\u0131yor.<\/p>\n<p>Her g\u00fcn s\u0131cak \u00e7orba ikram\u0131 yapan ve ihtiya\u00e7 sahibi ailelere d\u00fczenli yemek da\u011f\u0131t\u0131m\u0131 ger\u00e7ekle\u015ftiren tesis, yenilenmi\u015f y\u00fcz\u00fcyle sosyal dayan\u0131\u015fman\u0131n daha g\u00fc\u00e7l\u00fc bir adresi olmaya haz\u0131rlan\u0131yor. \u00c7al\u0131\u015fmalarda art\u0131k son r\u00f6tu\u015flara gelinirken, Zeytinburnu Millet Sofras\u0131 \u00e7ok yak\u0131nda hizmete a\u00e7\u0131lacak.<\/p>\n","protected":false},"excerpt":{"rendered":"<p>Be\u015ftelsiz Mahallesi Rauf Denkta\u015f Caddesi \u00fczerinde bulunan Zeytinburnu A\u015fevi Binas\u0131, ger\u00e7ekle\u015ftirilen kapsaml\u0131 yenileme \u00e7al\u0131\u015fmalar\u0131yla Zeytinburnu Millet Sofras\u0131\u2019na d\u00f6n\u00fc\u015ft\u00fcr\u00fcl\u00fcyor. Toplam 1095 metrekare in\u015faat alan\u0131na sahip projede art\u0131k sona yakla\u015f\u0131ld\u0131. Geni\u015fleyen Kapasite, G\u00fc\u00e7lenen Altyap\u0131 588 metrekare oturum alan\u0131na sahip yap\u0131; bodrum, zemin ve birinci kattan olu\u015fuyor. 452 metrekarelik bodrum katta kuru bakliyat deposu, so\u011fuk hava deposu, kuru [&hellip;]<\/p>\n","protected":false},"author":6,"featured_media":69048,"comment_status":"closed","ping_status":"closed","sticky":false,"template":"","format":"standard","meta":{"inline_featured_image":false,"footnotes":""},"categories":[1],"tags":[],"acf":[],"yoast_head":"<!-- This site is optimized with the Yoast SEO plugin v21.5 - https:\/\/yoast.com\/wordpress\/plugins\/seo\/ -->\n<title>Zeytinburnu Millet Sofras\u0131 A\u00e7\u0131l\u0131\u015fa Haz\u0131rlan\u0131yor - Zeytinburnu Belediyesi<\/title>\n<meta name=\"robots\" content=\"index, follow, max-snippet:-1, max-image-preview:large, max-video-preview:-1\" \/>\n<link rel=\"canonical\" href=\"https:\/\/zeytinburnu.istanbul\/haberler\/zeytinburnu-millet-sofrasi-acilisa-hazirlaniyor\/\" \/>\n<meta property=\"og:locale\" content=\"tr_TR\" \/>\n<meta property=\"og:type\" content=\"article\" \/>\n<meta property=\"og:title\" content=\"Zeytinburnu Millet Sofras\u0131 A\u00e7\u0131l\u0131\u015fa Haz\u0131rlan\u0131yor - Zeytinburnu Belediyesi\" \/>\n<meta property=\"og:description\" content=\"Be\u015ftelsiz Mahallesi Rauf Denkta\u015f Caddesi \u00fczerinde bulunan Zeytinburnu A\u015fevi Binas\u0131, ger\u00e7ekle\u015ftirilen kapsaml\u0131 yenileme \u00e7al\u0131\u015fmalar\u0131yla Zeytinburnu Millet Sofras\u0131\u2019na d\u00f6n\u00fc\u015ft\u00fcr\u00fcl\u00fcyor. Toplam 1095 metrekare in\u015faat alan\u0131na sahip projede art\u0131k sona yakla\u015f\u0131ld\u0131. Geni\u015fleyen Kapasite, G\u00fc\u00e7lenen Altyap\u0131 588 metrekare oturum alan\u0131na sahip yap\u0131; bodrum, zemin ve birinci kattan olu\u015fuyor. 452 metrekarelik bodrum katta kuru bakliyat deposu, so\u011fuk hava deposu, kuru [&hellip;]\" \/>\n<meta property=\"og:url\" content=\"https:\/\/zeytinburnu.istanbul\/haberler\/zeytinburnu-millet-sofrasi-acilisa-hazirlaniyor\/\" \/>\n<meta property=\"og:site_name\" content=\"Zeytinburnu Belediyesi\" \/>\n<meta property=\"article:publisher\" content=\"https:\/\/web.facebook.com\/zeytinburnubld\/\" \/>\n<meta property=\"article:published_time\" content=\"2026-03-02T10:31:40+00:00\" \/>\n<meta property=\"article:modified_time\" content=\"2026-03-02T10:31:48+00:00\" \/>\n<meta property=\"og:image\" content=\"https:\/\/zeytinburnu.istanbul\/wp-content\/uploads\/2026\/03\/haber-millet-sofrasi-01.jpg\" \/>\n\t<meta property=\"og:image:width\" content=\"615\" \/>\n\t<meta property=\"og:image:height\" content=\"413\" \/>\n\t<meta property=\"og:image:type\" content=\"image\/jpeg\" \/>\n<meta name=\"author\" content=\"Nihan K\u00fc\u00e7\u00fck\" \/>\n<meta name=\"twitter:card\" content=\"summary_large_image\" \/>\n<meta name=\"twitter:creator\" content=\"@zeytinburnubld\" \/>\n<meta name=\"twitter:site\" content=\"@zeytinburnubld\" \/>\n<meta name=\"twitter:label1\" content=\"Yazan:\" \/>\n\t<meta name=\"twitter:data1\" content=\"Nihan K\u00fc\u00e7\u00fck\" \/>\n\t<meta name=\"twitter:label2\" content=\"Tahmini okuma s\u00fcresi\" \/>\n\t<meta name=\"twitter:data2\" content=\"2 dakika\" \/>\n<script type=\"application\/ld+json\" class=\"yoast-schema-graph\">{\"@context\":\"https:\/\/schema.org\",\"@graph\":[{\"@type\":\"WebPage\",\"@id\":\"https:\/\/zeytinburnu.istanbul\/haberler\/zeytinburnu-millet-sofrasi-acilisa-hazirlaniyor\/\",\"url\":\"https:\/\/zeytinburnu.istanbul\/haberler\/zeytinburnu-millet-sofrasi-acilisa-hazirlaniyor\/\",\"name\":\"Zeytinburnu Millet Sofras\u0131 A\u00e7\u0131l\u0131\u015fa Haz\u0131rlan\u0131yor - Zeytinburnu Belediyesi\",\"isPartOf\":{\"@id\":\"https:\/\/zeytinburnu.istanbul\/#website\"},\"datePublished\":\"2026-03-02T10:31:40+00:00\",\"dateModified\":\"2026-03-02T10:31:48+00:00\",\"author\":{\"@id\":\"https:\/\/zeytinburnu.istanbul\/#\/schema\/person\/fa9b36b4d792e5aec0a8718c19538adc\"},\"breadcrumb\":{\"@id\":\"https:\/\/zeytinburnu.istanbul\/haberler\/zeytinburnu-millet-sofrasi-acilisa-hazirlaniyor\/#breadcrumb\"},\"inLanguage\":\"tr\",\"potentialAction\":[{\"@type\":\"ReadAction\",\"target\":[\"https:\/\/zeytinburnu.istanbul\/haberler\/zeytinburnu-millet-sofrasi-acilisa-hazirlaniyor\/\"]}]},{\"@type\":\"BreadcrumbList\",\"@id\":\"https:\/\/zeytinburnu.istanbul\/haberler\/zeytinburnu-millet-sofrasi-acilisa-hazirlaniyor\/#breadcrumb\",\"itemListElement\":[{\"@type\":\"ListItem\",\"position\":1,\"name\":\"Anasayfa\",\"item\":\"https:\/\/zeytinburnu.istanbul\/\"},{\"@type\":\"ListItem\",\"position\":2,\"name\":\"Zeytinburnu Millet Sofras\u0131 A\u00e7\u0131l\u0131\u015fa Haz\u0131rlan\u0131yor\"}]},{\"@type\":\"WebSite\",\"@id\":\"https:\/\/zeytinburnu.istanbul\/#website\",\"url\":\"https:\/\/zeytinburnu.istanbul\/\",\"name\":\"Zeytinburnu Belediyesi\",\"description\":\"\",\"potentialAction\":[{\"@type\":\"SearchAction\",\"target\":{\"@type\":\"EntryPoint\",\"urlTemplate\":\"https:\/\/zeytinburnu.istanbul\/?s={search_term_string}\"},\"query-input\":\"required name=search_term_string\"}],\"inLanguage\":\"tr\"},{\"@type\":\"Person\",\"@id\":\"https:\/\/zeytinburnu.istanbul\/#\/schema\/person\/fa9b36b4d792e5aec0a8718c19538adc\",\"name\":\"Nihan K\u00fc\u00e7\u00fck\",\"image\":{\"@type\":\"ImageObject\",\"inLanguage\":\"tr\",\"@id\":\"https:\/\/zeytinburnu.istanbul\/#\/schema\/person\/image\/\",\"url\":\"https:\/\/secure.gravatar.com\/avatar\/f5a876a005c2831c9c4939c10af65fe7?s=96&d=mm&r=g\",\"contentUrl\":\"https:\/\/secure.gravatar.com\/avatar\/f5a876a005c2831c9c4939c10af65fe7?s=96&d=mm&r=g\",\"caption\":\"Nihan K\u00fc\u00e7\u00fck\"},\"url\":\"https:\/\/zeytinburnu.istanbul\/author\/nihankucuk\/\"}]}<\/script>\n<!-- \/ Yoast SEO plugin. -->","yoast_head_json":{"title":"Zeytinburnu Millet Sofras\u0131 A\u00e7\u0131l\u0131\u015fa Haz\u0131rlan\u0131yor - Zeytinburnu Belediyesi","robots":{"index":"index","follow":"follow","max-snippet":"max-snippet:-1","max-image-preview":"max-image-preview:large","max-video-preview":"max-video-preview:-1"},"canonical":"https:\/\/zeytinburnu.istanbul\/haberler\/zeytinburnu-millet-sofrasi-acilisa-hazirlaniyor\/","og_locale":"tr_TR","og_type":"article","og_title":"Zeytinburnu Millet Sofras\u0131 A\u00e7\u0131l\u0131\u015fa Haz\u0131rlan\u0131yor - Zeytinburnu Belediyesi","og_description":"Be\u015ftelsiz Mahallesi Rauf Denkta\u015f Caddesi \u00fczerinde bulunan Zeytinburnu A\u015fevi Binas\u0131, ger\u00e7ekle\u015ftirilen kapsaml\u0131 yenileme \u00e7al\u0131\u015fmalar\u0131yla Zeytinburnu Millet Sofras\u0131\u2019na d\u00f6n\u00fc\u015ft\u00fcr\u00fcl\u00fcyor. Toplam 1095 metrekare in\u015faat alan\u0131na sahip projede art\u0131k sona yakla\u015f\u0131ld\u0131. Geni\u015fleyen Kapasite, G\u00fc\u00e7lenen Altyap\u0131 588 metrekare oturum alan\u0131na sahip yap\u0131; bodrum, zemin ve birinci kattan olu\u015fuyor. 452 metrekarelik bodrum katta kuru bakliyat deposu, so\u011fuk hava deposu, kuru [&hellip;]","og_url":"https:\/\/zeytinburnu.istanbul\/haberler\/zeytinburnu-millet-sofrasi-acilisa-hazirlaniyor\/","og_site_name":"Zeytinburnu Belediyesi","article_publisher":"https:\/\/web.facebook.com\/zeytinburnubld\/","article_published_time":"2026-03-02T10:31:40+00:00","article_modified_time":"2026-03-02T10:31:48+00:00","og_image":[{"width":615,"height":413,"url":"https:\/\/zeytinburnu.istanbul\/wp-content\/uploads\/2026\/03\/haber-millet-sofrasi-01.jpg","type":"image\/jpeg"}],"author":"Nihan K\u00fc\u00e7\u00fck","twitter_card":"summary_large_image","twitter_creator":"@zeytinburnubld","twitter_site":"@zeytinburnubld","twitter_misc":{"Yazan:":"Nihan K\u00fc\u00e7\u00fck","Tahmini okuma s\u00fcresi":"2 dakika"},"schema":{"@context":"https:\/\/schema.org","@graph":[{"@type":"WebPage","@id":"https:\/\/zeytinburnu.istanbul\/haberler\/zeytinburnu-millet-sofrasi-acilisa-hazirlaniyor\/","url":"https:\/\/zeytinburnu.istanbul\/haberler\/zeytinburnu-millet-sofrasi-acilisa-hazirlaniyor\/","name":"Zeytinburnu Millet Sofras\u0131 A\u00e7\u0131l\u0131\u015fa Haz\u0131rlan\u0131yor - Zeytinburnu Belediyesi","isPartOf":{"@id":"https:\/\/zeytinburnu.istanbul\/#website"},"datePublished":"2026-03-02T10:31:40+00:00","dateModified":"2026-03-02T10:31:48+00:00","author":{"@id":"https:\/\/zeytinburnu.istanbul\/#\/schema\/person\/fa9b36b4d792e5aec0a8718c19538adc"},"breadcrumb":{"@id":"https:\/\/zeytinburnu.istanbul\/haberler\/zeytinburnu-millet-sofrasi-acilisa-hazirlaniyor\/#breadcrumb"},"inLanguage":"tr","potentialAction":[{"@type":"ReadAction","target":["https:\/\/zeytinburnu.istanbul\/haberler\/zeytinburnu-millet-sofrasi-acilisa-hazirlaniyor\/"]}]},{"@type":"BreadcrumbList","@id":"https:\/\/zeytinburnu.istanbul\/haberler\/zeytinburnu-millet-sofrasi-acilisa-hazirlaniyor\/#breadcrumb","itemListElement":[{"@type":"ListItem","position":1,"name":"Anasayfa","item":"https:\/\/zeytinburnu.istanbul\/"},{"@type":"ListItem","position":2,"name":"Zeytinburnu Millet Sofras\u0131 A\u00e7\u0131l\u0131\u015fa Haz\u0131rlan\u0131yor"}]},{"@type":"WebSite","@id":"https:\/\/zeytinburnu.istanbul\/#website","url":"https:\/\/zeytinburnu.istanbul\/","name":"Zeytinburnu Belediyesi","description":"","potentialAction":[{"@type":"SearchAction","target":{"@type":"EntryPoint","urlTemplate":"https:\/\/zeytinburnu.istanbul\/?s={search_term_string}"},"query-input":"required name=search_term_string"}],"inLanguage":"tr"},{"@type":"Person","@id":"https:\/\/zeytinburnu.istanbul\/#\/schema\/person\/fa9b36b4d792e5aec0a8718c19538adc","name":"Nihan K\u00fc\u00e7\u00fck","image":{"@type":"ImageObject","inLanguage":"tr","@id":"https:\/\/zeytinburnu.istanbul\/#\/schema\/person\/image\/","url":"https:\/\/secure.gravatar.com\/avatar\/f5a876a005c2831c9c4939c10af65fe7?s=96&d=mm&r=g","contentUrl":"https:\/\/secure.gravatar.com\/avatar\/f5a876a005c2831c9c4939c10af65fe7?s=96&d=mm&r=g","caption":"Nihan K\u00fc\u00e7\u00fck"},"url":"https:\/\/zeytinburnu.istanbul\/author\/nihankucuk\/"}]}},"meta_data":{"spot_ozet_metin":"<br \/>\r\nBe\u015ftelsiz Mahallesi\u2019nde d\u00f6n\u00fc\u015f\u00fcm\u00fc tamamlanmak \u00fczere olan Zeytinburnu A\u015fevi, \u00e7ok yak\u0131nda \u201cZeytinburnu Millet Sofras\u0131\u201d olarak kap\u0131lar\u0131n\u0131 a\u00e7maya haz\u0131rlan\u0131yor. 1095 metrekarelik yeni yap\u0131da \u00e7al\u0131\u015fmalar\u0131n b\u00fcy\u00fck b\u00f6l\u00fcm\u00fc tamamland\u0131.<br \/>\r\n","sidebar_tipi":"varsayilan","ikincil_gorsel":{"ID":69049,"id":69049,"title":"haber millet sofrasi 02","filename":"haber-millet-sofrasi-02.jpg","filesize":83630,"url":"https:\/\/zeytinburnu.istanbul\/wp-content\/uploads\/2026\/03\/haber-millet-sofrasi-02.jpg","link":"https:\/\/zeytinburnu.istanbul\/haberler\/zeytinburnu-millet-sofrasi-acilisa-hazirlaniyor\/attachment\/haber-millet-sofrasi-02\/","alt":"","author":"6","description":"","caption":"","name":"haber-millet-sofrasi-02","status":"inherit","uploaded_to":69047,"date":"2026-03-02 10:30:59","modified":"2026-03-02 10:30:59","menu_order":0,"mime_type":"image\/jpeg","type":"image","subtype":"jpeg","icon":"https:\/\/zeytinburnu.istanbul\/wp-includes\/images\/media\/default.png","width":641,"height":406,"sizes":{"thumbnail":"https:\/\/zeytinburnu.istanbul\/wp-content\/uploads\/2026\/03\/haber-millet-sofrasi-02.jpg","thumbnail-width":641,"thumbnail-height":406,"medium":"https:\/\/zeytinburnu.istanbul\/wp-content\/uploads\/2026\/03\/haber-millet-sofrasi-02.jpg","medium-width":641,"medium-height":406,"medium_large":"https:\/\/zeytinburnu.istanbul\/wp-content\/uploads\/2026\/03\/haber-millet-sofrasi-02.jpg","medium_large-width":641,"medium_large-height":406,"large":"https:\/\/zeytinburnu.istanbul\/wp-content\/uploads\/2026\/03\/haber-millet-sofrasi-02.jpg","large-width":641,"large-height":406,"1536x1536":"https:\/\/zeytinburnu.istanbul\/wp-content\/uploads\/2026\/03\/haber-millet-sofrasi-02.jpg","1536x1536-width":641,"1536x1536-height":406,"2048x2048":"https:\/\/zeytinburnu.istanbul\/wp-content\/uploads\/2026\/03\/haber-millet-sofrasi-02.jpg","2048x2048-width":641,"2048x2048-height":406}},"haber_tarihi":"02 Mart 2026","haber_saati":"13:00","yayindan_cikis_tarihi":"","youtube_video_id":"","vimeo_video_id":"","video_dosya":false,"ekler":false,"galeri_basligi":"GALER\u0130","galeri":false,"image_details":{"thumbnail":{"url":"https:\/\/zeytinburnu.istanbul\/wp-content\/uploads\/2026\/03\/haber-millet-sofrasi-01.jpg"},"full":{"file":"2026\/03\/haber-millet-sofrasi-01.jpg","width":615,"height":413,"mime_type":"image\/jpeg","url":"https:\/\/zeytinburnu.istanbul\/wp-content\/uploads\/2026\/03\/haber-millet-sofrasi-01.jpg"}}},"_links":{"self":[{"href":"https:\/\/zeytinburnu.istanbul\/api\/wp\/v2\/posts\/69047"}],"collection":[{"href":"https:\/\/zeytinburnu.istanbul\/api\/wp\/v2\/posts"}],"about":[{"href":"https:\/\/zeytinburnu.istanbul\/api\/wp\/v2\/types\/post"}],"author":[{"embeddable":true,"href":"https:\/\/zeytinburnu.istanbul\/api\/wp\/v2\/users\/6"}],"replies":[{"embeddable":true,"href":"https:\/\/zeytinburnu.istanbul\/api\/wp\/v2\/comments?post=69047"}],"version-history":[{"count":2,"href":"https:\/\/zeytinburnu.istanbul\/api\/wp\/v2\/posts\/69047\/revisions"}],"predecessor-version":[{"id":69051,"href":"https:\/\/zeytinburnu.istanbul\/api\/wp\/v2\/posts\/69047\/revisions\/69051"}],"wp:featuredmedia":[{"embeddable":true,"href":"https:\/\/zeytinburnu.istanbul\/api\/wp\/v2\/media\/69048"}],"wp:attachment":[{"href":"https:\/\/zeytinburnu.istanbul\/api\/wp\/v2\/media?parent=69047"}],"wp:term":[{"taxonomy":"category","embeddable":true,"href":"https:\/\/zeytinburnu.istanbul\/api\/wp\/v2\/categories?post=69047"},{"taxonomy":"post_tag","embeddable":true,"href":"https:\/\/zeytinburnu.istanbul\/api\/wp\/v2\/tags?post=69047"}],"curies":[{"name":"wp","href":"https:\/\/api.w.org\/{rel}","templated":true}]}}