

{"id":69039,"date":"2026-02-26T12:31:21","date_gmt":"2026-02-26T09:31:21","guid":{"rendered":"https:\/\/zeytinburnu.istanbul\/?p=69039"},"modified":"2026-02-26T12:31:21","modified_gmt":"2026-02-26T09:31:21","slug":"tarihi-merkezefendi-firinindan-yeni-lezzet-kavala-kurabiyesi","status":"publish","type":"post","link":"https:\/\/zeytinburnu.istanbul\/haberler\/tarihi-merkezefendi-firinindan-yeni-lezzet-kavala-kurabiyesi\/","title":{"rendered":"Tarihi Merkezefendi F\u0131r\u0131n\u0131ndan Yeni Lezzet: Kavala Kurabiyesi"},"content":{"rendered":"<p>19. y\u00fczy\u0131ldan bu yana ta\u015f f\u0131r\u0131n gelene\u011fini ya\u015fatan Tarihi Merkezefendi F\u0131r\u0131n\u0131, end\u00fcstriyel maya kullanmadan, uzun s\u00fcreli so\u011fuk fermantasyonla \u00fcretim yapmay\u0131 s\u00fcrd\u00fcr\u00fcyor. Has bu\u011fday ve siyez unundan haz\u0131rlanan ekmekler do\u011fal ta\u015f f\u0131r\u0131nda pi\u015firilirken, \u0130stanbul simidi ve geleneksel hamur i\u015fleri de ayn\u0131 \u00f6zenle haz\u0131rlan\u0131yor.<\/p>\n<p>\u00dcr\u00fcn yelpazesine eklenen Kavala Kurabiyesi, tereya\u011fl\u0131 dokusu ve dengeli \u015feker oran\u0131yla dikkat \u00e7ekiyor. Ta\u015f f\u0131r\u0131n\u0131n s\u0131cakl\u0131\u011f\u0131nda pi\u015fen bu \u00f6zel lezzet, sadece cuma g\u00fcnleri sat\u0131\u015fa sunularak s\u0131n\u0131rl\u0131 \u00fcretim anlay\u0131\u015f\u0131yla haz\u0131rlan\u0131yor.<\/p>\n<p>F\u0131r\u0131n b\u00fcnyesinde \u015eef Umut Bayram\u0131n d\u00fczenledi\u011fi ek\u015fi maya ve geleneksel ekmek at\u00f6lyeleri de devam ediyor. Kat\u0131l\u0131mc\u0131lar, ek\u015fi mayan\u0131n inceliklerinden ta\u015f f\u0131r\u0131n tekniklerine kadar \u00fcretim s\u00fcrecini uygulamal\u0131 olarak \u00f6\u011frenebiliyor.<\/p>\n<p>Zeytinburnu\u2019nun ya\u015fayan tarih\u00ee mek\u00e2nlar\u0131ndan biri olan Tarihi Merkezefendi F\u0131r\u0131n\u0131, hem ge\u00e7mi\u015fin miras\u0131n\u0131 ya\u015fatmaya hem de yeni lezzetlerle sofralara de\u011fer katmaya devam ediyor.<\/p>\n","protected":false},"excerpt":{"rendered":"<p>19. y\u00fczy\u0131ldan bu yana ta\u015f f\u0131r\u0131n gelene\u011fini ya\u015fatan Tarihi Merkezefendi F\u0131r\u0131n\u0131, end\u00fcstriyel maya kullanmadan, uzun s\u00fcreli so\u011fuk fermantasyonla \u00fcretim yapmay\u0131 s\u00fcrd\u00fcr\u00fcyor. Has bu\u011fday ve siyez unundan haz\u0131rlanan ekmekler do\u011fal ta\u015f f\u0131r\u0131nda pi\u015firilirken, \u0130stanbul simidi ve geleneksel hamur i\u015fleri de ayn\u0131 \u00f6zenle haz\u0131rlan\u0131yor. \u00dcr\u00fcn yelpazesine eklenen Kavala Kurabiyesi, tereya\u011fl\u0131 dokusu ve dengeli \u015feker oran\u0131yla dikkat \u00e7ekiyor. [&hellip;]<\/p>\n","protected":false},"author":6,"featured_media":69040,"comment_status":"closed","ping_status":"closed","sticky":false,"template":"","format":"standard","meta":{"inline_featured_image":false,"footnotes":""},"categories":[1],"tags":[],"acf":[],"yoast_head":"<!-- This site is optimized with the Yoast SEO plugin v21.5 - https:\/\/yoast.com\/wordpress\/plugins\/seo\/ -->\n<title>Tarihi Merkezefendi F\u0131r\u0131n\u0131ndan Yeni Lezzet: Kavala Kurabiyesi - Zeytinburnu Belediyesi<\/title>\n<meta name=\"robots\" content=\"index, follow, max-snippet:-1, max-image-preview:large, max-video-preview:-1\" \/>\n<link rel=\"canonical\" href=\"https:\/\/zeytinburnu.istanbul\/haberler\/tarihi-merkezefendi-firinindan-yeni-lezzet-kavala-kurabiyesi\/\" \/>\n<meta property=\"og:locale\" content=\"tr_TR\" \/>\n<meta property=\"og:type\" content=\"article\" \/>\n<meta property=\"og:title\" content=\"Tarihi Merkezefendi F\u0131r\u0131n\u0131ndan Yeni Lezzet: Kavala Kurabiyesi - Zeytinburnu Belediyesi\" \/>\n<meta property=\"og:description\" content=\"19. y\u00fczy\u0131ldan bu yana ta\u015f f\u0131r\u0131n gelene\u011fini ya\u015fatan Tarihi Merkezefendi F\u0131r\u0131n\u0131, end\u00fcstriyel maya kullanmadan, uzun s\u00fcreli so\u011fuk fermantasyonla \u00fcretim yapmay\u0131 s\u00fcrd\u00fcr\u00fcyor. Has bu\u011fday ve siyez unundan haz\u0131rlanan ekmekler do\u011fal ta\u015f f\u0131r\u0131nda pi\u015firilirken, \u0130stanbul simidi ve geleneksel hamur i\u015fleri de ayn\u0131 \u00f6zenle haz\u0131rlan\u0131yor. \u00dcr\u00fcn yelpazesine eklenen Kavala Kurabiyesi, tereya\u011fl\u0131 dokusu ve dengeli \u015feker oran\u0131yla dikkat \u00e7ekiyor. [&hellip;]\" \/>\n<meta property=\"og:url\" content=\"https:\/\/zeytinburnu.istanbul\/haberler\/tarihi-merkezefendi-firinindan-yeni-lezzet-kavala-kurabiyesi\/\" \/>\n<meta property=\"og:site_name\" content=\"Zeytinburnu Belediyesi\" \/>\n<meta property=\"article:publisher\" content=\"https:\/\/web.facebook.com\/zeytinburnubld\/\" \/>\n<meta property=\"article:published_time\" content=\"2026-02-26T09:31:21+00:00\" \/>\n<meta property=\"og:image\" content=\"https:\/\/zeytinburnu.istanbul\/wp-content\/uploads\/2026\/02\/haber-kavala01.jpg\" \/>\n\t<meta property=\"og:image:width\" content=\"615\" \/>\n\t<meta property=\"og:image:height\" content=\"413\" \/>\n\t<meta property=\"og:image:type\" content=\"image\/jpeg\" \/>\n<meta name=\"author\" content=\"Nihan K\u00fc\u00e7\u00fck\" \/>\n<meta name=\"twitter:card\" content=\"summary_large_image\" \/>\n<meta name=\"twitter:creator\" content=\"@zeytinburnubld\" \/>\n<meta name=\"twitter:site\" content=\"@zeytinburnubld\" \/>\n<meta name=\"twitter:label1\" content=\"Yazan:\" \/>\n\t<meta name=\"twitter:data1\" content=\"Nihan K\u00fc\u00e7\u00fck\" \/>\n\t<meta name=\"twitter:label2\" content=\"Tahmini okuma s\u00fcresi\" \/>\n\t<meta name=\"twitter:data2\" content=\"1 dakika\" \/>\n<script type=\"application\/ld+json\" class=\"yoast-schema-graph\">{\"@context\":\"https:\/\/schema.org\",\"@graph\":[{\"@type\":\"WebPage\",\"@id\":\"https:\/\/zeytinburnu.istanbul\/haberler\/tarihi-merkezefendi-firinindan-yeni-lezzet-kavala-kurabiyesi\/\",\"url\":\"https:\/\/zeytinburnu.istanbul\/haberler\/tarihi-merkezefendi-firinindan-yeni-lezzet-kavala-kurabiyesi\/\",\"name\":\"Tarihi Merkezefendi F\u0131r\u0131n\u0131ndan Yeni Lezzet: Kavala Kurabiyesi - Zeytinburnu Belediyesi\",\"isPartOf\":{\"@id\":\"https:\/\/zeytinburnu.istanbul\/#website\"},\"datePublished\":\"2026-02-26T09:31:21+00:00\",\"dateModified\":\"2026-02-26T09:31:21+00:00\",\"author\":{\"@id\":\"https:\/\/zeytinburnu.istanbul\/#\/schema\/person\/fa9b36b4d792e5aec0a8718c19538adc\"},\"breadcrumb\":{\"@id\":\"https:\/\/zeytinburnu.istanbul\/haberler\/tarihi-merkezefendi-firinindan-yeni-lezzet-kavala-kurabiyesi\/#breadcrumb\"},\"inLanguage\":\"tr\",\"potentialAction\":[{\"@type\":\"ReadAction\",\"target\":[\"https:\/\/zeytinburnu.istanbul\/haberler\/tarihi-merkezefendi-firinindan-yeni-lezzet-kavala-kurabiyesi\/\"]}]},{\"@type\":\"BreadcrumbList\",\"@id\":\"https:\/\/zeytinburnu.istanbul\/haberler\/tarihi-merkezefendi-firinindan-yeni-lezzet-kavala-kurabiyesi\/#breadcrumb\",\"itemListElement\":[{\"@type\":\"ListItem\",\"position\":1,\"name\":\"Anasayfa\",\"item\":\"https:\/\/zeytinburnu.istanbul\/\"},{\"@type\":\"ListItem\",\"position\":2,\"name\":\"Tarihi Merkezefendi F\u0131r\u0131n\u0131ndan Yeni Lezzet: Kavala Kurabiyesi\"}]},{\"@type\":\"WebSite\",\"@id\":\"https:\/\/zeytinburnu.istanbul\/#website\",\"url\":\"https:\/\/zeytinburnu.istanbul\/\",\"name\":\"Zeytinburnu Belediyesi\",\"description\":\"\",\"potentialAction\":[{\"@type\":\"SearchAction\",\"target\":{\"@type\":\"EntryPoint\",\"urlTemplate\":\"https:\/\/zeytinburnu.istanbul\/?s={search_term_string}\"},\"query-input\":\"required name=search_term_string\"}],\"inLanguage\":\"tr\"},{\"@type\":\"Person\",\"@id\":\"https:\/\/zeytinburnu.istanbul\/#\/schema\/person\/fa9b36b4d792e5aec0a8718c19538adc\",\"name\":\"Nihan K\u00fc\u00e7\u00fck\",\"image\":{\"@type\":\"ImageObject\",\"inLanguage\":\"tr\",\"@id\":\"https:\/\/zeytinburnu.istanbul\/#\/schema\/person\/image\/\",\"url\":\"https:\/\/secure.gravatar.com\/avatar\/f5a876a005c2831c9c4939c10af65fe7?s=96&d=mm&r=g\",\"contentUrl\":\"https:\/\/secure.gravatar.com\/avatar\/f5a876a005c2831c9c4939c10af65fe7?s=96&d=mm&r=g\",\"caption\":\"Nihan K\u00fc\u00e7\u00fck\"},\"url\":\"https:\/\/zeytinburnu.istanbul\/author\/nihankucuk\/\"}]}<\/script>\n<!-- \/ Yoast SEO plugin. -->","yoast_head_json":{"title":"Tarihi Merkezefendi F\u0131r\u0131n\u0131ndan Yeni Lezzet: Kavala Kurabiyesi - Zeytinburnu Belediyesi","robots":{"index":"index","follow":"follow","max-snippet":"max-snippet:-1","max-image-preview":"max-image-preview:large","max-video-preview":"max-video-preview:-1"},"canonical":"https:\/\/zeytinburnu.istanbul\/haberler\/tarihi-merkezefendi-firinindan-yeni-lezzet-kavala-kurabiyesi\/","og_locale":"tr_TR","og_type":"article","og_title":"Tarihi Merkezefendi F\u0131r\u0131n\u0131ndan Yeni Lezzet: Kavala Kurabiyesi - Zeytinburnu Belediyesi","og_description":"19. y\u00fczy\u0131ldan bu yana ta\u015f f\u0131r\u0131n gelene\u011fini ya\u015fatan Tarihi Merkezefendi F\u0131r\u0131n\u0131, end\u00fcstriyel maya kullanmadan, uzun s\u00fcreli so\u011fuk fermantasyonla \u00fcretim yapmay\u0131 s\u00fcrd\u00fcr\u00fcyor. Has bu\u011fday ve siyez unundan haz\u0131rlanan ekmekler do\u011fal ta\u015f f\u0131r\u0131nda pi\u015firilirken, \u0130stanbul simidi ve geleneksel hamur i\u015fleri de ayn\u0131 \u00f6zenle haz\u0131rlan\u0131yor. \u00dcr\u00fcn yelpazesine eklenen Kavala Kurabiyesi, tereya\u011fl\u0131 dokusu ve dengeli \u015feker oran\u0131yla dikkat \u00e7ekiyor. [&hellip;]","og_url":"https:\/\/zeytinburnu.istanbul\/haberler\/tarihi-merkezefendi-firinindan-yeni-lezzet-kavala-kurabiyesi\/","og_site_name":"Zeytinburnu Belediyesi","article_publisher":"https:\/\/web.facebook.com\/zeytinburnubld\/","article_published_time":"2026-02-26T09:31:21+00:00","og_image":[{"width":615,"height":413,"url":"https:\/\/zeytinburnu.istanbul\/wp-content\/uploads\/2026\/02\/haber-kavala01.jpg","type":"image\/jpeg"}],"author":"Nihan K\u00fc\u00e7\u00fck","twitter_card":"summary_large_image","twitter_creator":"@zeytinburnubld","twitter_site":"@zeytinburnubld","twitter_misc":{"Yazan:":"Nihan K\u00fc\u00e7\u00fck","Tahmini okuma s\u00fcresi":"1 dakika"},"schema":{"@context":"https:\/\/schema.org","@graph":[{"@type":"WebPage","@id":"https:\/\/zeytinburnu.istanbul\/haberler\/tarihi-merkezefendi-firinindan-yeni-lezzet-kavala-kurabiyesi\/","url":"https:\/\/zeytinburnu.istanbul\/haberler\/tarihi-merkezefendi-firinindan-yeni-lezzet-kavala-kurabiyesi\/","name":"Tarihi Merkezefendi F\u0131r\u0131n\u0131ndan Yeni Lezzet: Kavala Kurabiyesi - Zeytinburnu Belediyesi","isPartOf":{"@id":"https:\/\/zeytinburnu.istanbul\/#website"},"datePublished":"2026-02-26T09:31:21+00:00","dateModified":"2026-02-26T09:31:21+00:00","author":{"@id":"https:\/\/zeytinburnu.istanbul\/#\/schema\/person\/fa9b36b4d792e5aec0a8718c19538adc"},"breadcrumb":{"@id":"https:\/\/zeytinburnu.istanbul\/haberler\/tarihi-merkezefendi-firinindan-yeni-lezzet-kavala-kurabiyesi\/#breadcrumb"},"inLanguage":"tr","potentialAction":[{"@type":"ReadAction","target":["https:\/\/zeytinburnu.istanbul\/haberler\/tarihi-merkezefendi-firinindan-yeni-lezzet-kavala-kurabiyesi\/"]}]},{"@type":"BreadcrumbList","@id":"https:\/\/zeytinburnu.istanbul\/haberler\/tarihi-merkezefendi-firinindan-yeni-lezzet-kavala-kurabiyesi\/#breadcrumb","itemListElement":[{"@type":"ListItem","position":1,"name":"Anasayfa","item":"https:\/\/zeytinburnu.istanbul\/"},{"@type":"ListItem","position":2,"name":"Tarihi Merkezefendi F\u0131r\u0131n\u0131ndan Yeni Lezzet: Kavala Kurabiyesi"}]},{"@type":"WebSite","@id":"https:\/\/zeytinburnu.istanbul\/#website","url":"https:\/\/zeytinburnu.istanbul\/","name":"Zeytinburnu Belediyesi","description":"","potentialAction":[{"@type":"SearchAction","target":{"@type":"EntryPoint","urlTemplate":"https:\/\/zeytinburnu.istanbul\/?s={search_term_string}"},"query-input":"required name=search_term_string"}],"inLanguage":"tr"},{"@type":"Person","@id":"https:\/\/zeytinburnu.istanbul\/#\/schema\/person\/fa9b36b4d792e5aec0a8718c19538adc","name":"Nihan K\u00fc\u00e7\u00fck","image":{"@type":"ImageObject","inLanguage":"tr","@id":"https:\/\/zeytinburnu.istanbul\/#\/schema\/person\/image\/","url":"https:\/\/secure.gravatar.com\/avatar\/f5a876a005c2831c9c4939c10af65fe7?s=96&d=mm&r=g","contentUrl":"https:\/\/secure.gravatar.com\/avatar\/f5a876a005c2831c9c4939c10af65fe7?s=96&d=mm&r=g","caption":"Nihan K\u00fc\u00e7\u00fck"},"url":"https:\/\/zeytinburnu.istanbul\/author\/nihankucuk\/"}]}},"meta_data":{"spot_ozet_metin":"<br \/>\r\nZeytinburnu Belediyesi\u2019ne ait Tarihi Merkezefendi F\u0131r\u0131n\u0131\u2019nda 130 y\u0131ll\u0131k ek\u015fi mayayla \u00fcretilen has bu\u011fday ve siyez ekmeklerinin yan\u0131 s\u0131ra, yeni lezzet \u201cKavala Kurabiyesi\u201d de sat\u0131\u015fa sunuldu. Kurabiye yaln\u0131zca cuma g\u00fcnleri raflarda yerini al\u0131yor.<br \/>\r\n","sidebar_tipi":"varsayilan","ikincil_gorsel":{"ID":69041,"id":69041,"title":"haber kavala02","filename":"haber-kavala02.jpg","filesize":107409,"url":"https:\/\/zeytinburnu.istanbul\/wp-content\/uploads\/2026\/02\/haber-kavala02.jpg","link":"https:\/\/zeytinburnu.istanbul\/haberler\/tarihi-merkezefendi-firinindan-yeni-lezzet-kavala-kurabiyesi\/attachment\/haber-kavala02\/","alt":"","author":"6","description":"","caption":"","name":"haber-kavala02","status":"inherit","uploaded_to":69039,"date":"2026-02-26 09:30:08","modified":"2026-02-26 09:30:08","menu_order":0,"mime_type":"image\/jpeg","type":"image","subtype":"jpeg","icon":"https:\/\/zeytinburnu.istanbul\/wp-includes\/images\/media\/default.png","width":641,"height":406,"sizes":{"thumbnail":"https:\/\/zeytinburnu.istanbul\/wp-content\/uploads\/2026\/02\/haber-kavala02.jpg","thumbnail-width":641,"thumbnail-height":406,"medium":"https:\/\/zeytinburnu.istanbul\/wp-content\/uploads\/2026\/02\/haber-kavala02.jpg","medium-width":641,"medium-height":406,"medium_large":"https:\/\/zeytinburnu.istanbul\/wp-content\/uploads\/2026\/02\/haber-kavala02.jpg","medium_large-width":641,"medium_large-height":406,"large":"https:\/\/zeytinburnu.istanbul\/wp-content\/uploads\/2026\/02\/haber-kavala02.jpg","large-width":641,"large-height":406,"1536x1536":"https:\/\/zeytinburnu.istanbul\/wp-content\/uploads\/2026\/02\/haber-kavala02.jpg","1536x1536-width":641,"1536x1536-height":406,"2048x2048":"https:\/\/zeytinburnu.istanbul\/wp-content\/uploads\/2026\/02\/haber-kavala02.jpg","2048x2048-width":641,"2048x2048-height":406}},"haber_tarihi":"26 \u015eubat 2026","haber_saati":"12:00","yayindan_cikis_tarihi":"","youtube_video_id":"","vimeo_video_id":"","video_dosya":false,"ekler":false,"galeri_basligi":"GALER\u0130","galeri":false,"image_details":{"thumbnail":{"url":"https:\/\/zeytinburnu.istanbul\/wp-content\/uploads\/2026\/02\/haber-kavala01.jpg"},"full":{"file":"2026\/02\/haber-kavala01.jpg","width":615,"height":413,"mime_type":"image\/jpeg","url":"https:\/\/zeytinburnu.istanbul\/wp-content\/uploads\/2026\/02\/haber-kavala01.jpg"}}},"_links":{"self":[{"href":"https:\/\/zeytinburnu.istanbul\/api\/wp\/v2\/posts\/69039"}],"collection":[{"href":"https:\/\/zeytinburnu.istanbul\/api\/wp\/v2\/posts"}],"about":[{"href":"https:\/\/zeytinburnu.istanbul\/api\/wp\/v2\/types\/post"}],"author":[{"embeddable":true,"href":"https:\/\/zeytinburnu.istanbul\/api\/wp\/v2\/users\/6"}],"replies":[{"embeddable":true,"href":"https:\/\/zeytinburnu.istanbul\/api\/wp\/v2\/comments?post=69039"}],"version-history":[{"count":3,"href":"https:\/\/zeytinburnu.istanbul\/api\/wp\/v2\/posts\/69039\/revisions"}],"predecessor-version":[{"id":69044,"href":"https:\/\/zeytinburnu.istanbul\/api\/wp\/v2\/posts\/69039\/revisions\/69044"}],"wp:featuredmedia":[{"embeddable":true,"href":"https:\/\/zeytinburnu.istanbul\/api\/wp\/v2\/media\/69040"}],"wp:attachment":[{"href":"https:\/\/zeytinburnu.istanbul\/api\/wp\/v2\/media?parent=69039"}],"wp:term":[{"taxonomy":"category","embeddable":true,"href":"https:\/\/zeytinburnu.istanbul\/api\/wp\/v2\/categories?post=69039"},{"taxonomy":"post_tag","embeddable":true,"href":"https:\/\/zeytinburnu.istanbul\/api\/wp\/v2\/tags?post=69039"}],"curies":[{"name":"wp","href":"https:\/\/api.w.org\/{rel}","templated":true}]}}