

{"id":69022,"date":"2026-02-23T13:23:23","date_gmt":"2026-02-23T10:23:23","guid":{"rendered":"https:\/\/zeytinburnu.istanbul\/?p=69022"},"modified":"2026-02-23T13:23:23","modified_gmt":"2026-02-23T10:23:23","slug":"zeytinburnu-belediyesinden-ramazan-boyunca-iftar-ve-sahur-destegi","status":"publish","type":"post","link":"https:\/\/zeytinburnu.istanbul\/haberler\/zeytinburnu-belediyesinden-ramazan-boyunca-iftar-ve-sahur-destegi\/","title":{"rendered":"Zeytinburnu Belediyesi\u2019nden Ramazan Boyunca \u0130ftar Ve Sahur Deste\u011fi"},"content":{"rendered":"<p>Ramazan boyunca il\u00e7enin yo\u011fun noktalar\u0131nda g\u00fcnl\u00fck toplam 1.900 ki\u015filik \u00e7orba da\u011f\u0131t\u0131m\u0131 ger\u00e7ekle\u015ftiriliyor.<\/p>\n<p>\u00c7orba da\u011f\u0131t\u0131m noktalar\u0131:<\/p>\n<ul>\n<li>Cevizliba\u011f Tramvay Dura\u011f\u0131 (500 ki\u015filik)<\/li>\n<li>Kazl\u0131\u00e7e\u015fme Marmaray (350 ki\u015filik)<\/li>\n<li>Zeytinburnu Fi\u015fekhane Marmaray (350 ki\u015filik)<\/li>\n<li>15 Temmuz Meydan\u0131 (350 ki\u015filik)<\/li>\n<li>Belediye \u00d6n\u00fc (350 ki\u015filik)<\/li>\n<\/ul>\n<p>Toplamda Ramazan s\u00fcresince 55.100 ki\u015filik \u00e7orba ikram\u0131 yap\u0131l\u0131yor. \u00c7orba say\u0131lar\u0131 talebe g\u00f6re de\u011fi\u015fiklik g\u00f6sterebiliyor.<\/p>\n<p><span style=\"color: #ff0000;\"><strong>K\u00dcT\u00dcPHANELERDE \u0130FTAR VE SAHURLUK DESTE\u011e\u0130<\/strong><\/span><\/p>\n<p>Zeytinburnu\u2019ndaki k\u00fct\u00fcphanelerde Ramazan boyunca ders \u00e7al\u0131\u015fan \u00f6\u011frencilere g\u00fcnl\u00fck 270 ki\u015filik iftar yeme\u011fi ula\u015ft\u0131r\u0131l\u0131yor. Ramazan s\u00fcresince toplam 8.845 ki\u015filik (4 \u00e7e\u015fit) iftar yeme\u011fi ikram ediliyor.<\/p>\n<p>\u0130ftar yeme\u011fi g\u00f6nderilen k\u00fct\u00fcphaneler:<\/p>\n<ul>\n<li>Merkezefendi K\u00fct\u00fcphanesi<\/li>\n<li>Seyyidnizam K\u00fct\u00fcphanesi<\/li>\n<li>Veliefendi K\u00fct\u00fcphanesi<\/li>\n<li>Zeytinburnu K\u00fct\u00fcphanesi<\/li>\n<li>Be\u015ftelsiz K\u00fct\u00fcphanesi<\/li>\n<li>\u0130l\u00e7e Halk K\u00fct\u00fcphanesi<\/li>\n<\/ul>\n<p>Ayr\u0131ca Merkezefendi K\u00fct\u00fcphanesi\u2019nde \u00f6\u011frencilere Ramazan boyunca g\u00fcnl\u00fck 60 ki\u015filik sahurluk ikram\u0131 yap\u0131l\u0131rken, ay genelinde toplam 1.740 ki\u015filik sahurluk deste\u011fi sa\u011flan\u0131yor.<\/p>\n<p><span style=\"color: #ff0000;\"><strong>CAM\u0130LERDE SALEP \u0130KRAMI<\/strong><\/span><\/p>\n<p>Teravih namaz\u0131 sonras\u0131 Zeytinburnu\u2019ndaki camilerde vatanda\u015flara Ramazan boyunca salep ikram ediliyor. Bug\u00fcne kadar salep da\u011f\u0131t\u0131m\u0131 yap\u0131lan camiler:<\/p>\n<ul>\n<li>Millet Camii (1.500 ki\u015fi \u2013 sabit nokta)<\/li>\n<li>Yenido\u011fan Camii (1.300 ki\u015fi)<\/li>\n<li>Kubbeli Camii (800 ki\u015fi)<\/li>\n<li>Telsiz \u00c7ar\u015f\u0131 Camii (1.300 ki\u015fi)<\/li>\n<li>Dutluk Camii (1.650 ki\u015fi)<\/li>\n<\/ul>\n<p>Ramazan boyunca camilerde toplam 66.750 ki\u015filik salep ikram\u0131 ger\u00e7ekle\u015ftiriliyor.<\/p>\n<p>Ayr\u0131ca mobil ikram arac\u0131yla her g\u00fcn farkl\u0131 bir camide salep da\u011f\u0131t\u0131m\u0131 devam ediyor.<\/p>\n<p><span style=\"color: #ff0000;\"><strong>\u0130HT\u0130YA\u00c7 SAH\u0130B\u0130 A\u0130LELERE DESTEK<\/strong><\/span><\/p>\n<p>Ramazan boyunca evlere 6.090 ki\u015filik s\u0131cak yemek ula\u015ft\u0131r\u0131l\u0131rken, ihtiya\u00e7 sahibi ailelere kuru g\u0131da, bakliyat ve erzak deste\u011fi de sa\u011flan\u0131yor. Sabah yemekleriyle birlikte destek \u00e7al\u0131\u015fmalar\u0131 Ramazan boyunca aral\u0131ks\u0131z s\u00fcr\u00fcyor.<\/p>\n<p>Zeytinburnu Belediyesi, Ramazan ay\u0131n\u0131n bereketini il\u00e7enin her noktas\u0131na ta\u015f\u0131yarak payla\u015fma ve dayan\u0131\u015fma k\u00fclt\u00fcr\u00fcn\u00fc g\u00fc\u00e7lendirmeye devam ediyor.<\/p>\n","protected":false},"excerpt":{"rendered":"<p>Ramazan boyunca il\u00e7enin yo\u011fun noktalar\u0131nda g\u00fcnl\u00fck toplam 1.900 ki\u015filik \u00e7orba da\u011f\u0131t\u0131m\u0131 ger\u00e7ekle\u015ftiriliyor. \u00c7orba da\u011f\u0131t\u0131m noktalar\u0131: Cevizliba\u011f Tramvay Dura\u011f\u0131 (500 ki\u015filik) Kazl\u0131\u00e7e\u015fme Marmaray (350 ki\u015filik) Zeytinburnu Fi\u015fekhane Marmaray (350 ki\u015filik) 15 Temmuz Meydan\u0131 (350 ki\u015filik) Belediye \u00d6n\u00fc (350 ki\u015filik) Toplamda Ramazan s\u00fcresince 55.100 ki\u015filik \u00e7orba ikram\u0131 yap\u0131l\u0131yor. \u00c7orba say\u0131lar\u0131 talebe g\u00f6re de\u011fi\u015fiklik g\u00f6sterebiliyor. K\u00dcT\u00dcPHANELERDE \u0130FTAR VE [&hellip;]<\/p>\n","protected":false},"author":6,"featured_media":69023,"comment_status":"closed","ping_status":"closed","sticky":false,"template":"","format":"standard","meta":{"inline_featured_image":false,"footnotes":""},"categories":[1],"tags":[],"acf":[],"yoast_head":"<!-- This site is optimized with the Yoast SEO plugin v21.5 - https:\/\/yoast.com\/wordpress\/plugins\/seo\/ -->\n<title>Zeytinburnu Belediyesi\u2019nden Ramazan Boyunca \u0130ftar Ve Sahur Deste\u011fi - Zeytinburnu Belediyesi<\/title>\n<meta name=\"robots\" content=\"index, follow, max-snippet:-1, max-image-preview:large, max-video-preview:-1\" \/>\n<link rel=\"canonical\" href=\"https:\/\/zeytinburnu.istanbul\/haberler\/zeytinburnu-belediyesinden-ramazan-boyunca-iftar-ve-sahur-destegi\/\" \/>\n<meta property=\"og:locale\" content=\"tr_TR\" \/>\n<meta property=\"og:type\" content=\"article\" \/>\n<meta property=\"og:title\" content=\"Zeytinburnu Belediyesi\u2019nden Ramazan Boyunca \u0130ftar Ve Sahur Deste\u011fi - Zeytinburnu Belediyesi\" \/>\n<meta property=\"og:description\" content=\"Ramazan boyunca il\u00e7enin yo\u011fun noktalar\u0131nda g\u00fcnl\u00fck toplam 1.900 ki\u015filik \u00e7orba da\u011f\u0131t\u0131m\u0131 ger\u00e7ekle\u015ftiriliyor. \u00c7orba da\u011f\u0131t\u0131m noktalar\u0131: Cevizliba\u011f Tramvay Dura\u011f\u0131 (500 ki\u015filik) Kazl\u0131\u00e7e\u015fme Marmaray (350 ki\u015filik) Zeytinburnu Fi\u015fekhane Marmaray (350 ki\u015filik) 15 Temmuz Meydan\u0131 (350 ki\u015filik) Belediye \u00d6n\u00fc (350 ki\u015filik) Toplamda Ramazan s\u00fcresince 55.100 ki\u015filik \u00e7orba ikram\u0131 yap\u0131l\u0131yor. \u00c7orba say\u0131lar\u0131 talebe g\u00f6re de\u011fi\u015fiklik g\u00f6sterebiliyor. K\u00dcT\u00dcPHANELERDE \u0130FTAR VE [&hellip;]\" \/>\n<meta property=\"og:url\" content=\"https:\/\/zeytinburnu.istanbul\/haberler\/zeytinburnu-belediyesinden-ramazan-boyunca-iftar-ve-sahur-destegi\/\" \/>\n<meta property=\"og:site_name\" content=\"Zeytinburnu Belediyesi\" \/>\n<meta property=\"article:publisher\" content=\"https:\/\/web.facebook.com\/zeytinburnubld\/\" \/>\n<meta property=\"article:published_time\" content=\"2026-02-23T10:23:23+00:00\" \/>\n<meta property=\"og:image\" content=\"https:\/\/zeytinburnu.istanbul\/wp-content\/uploads\/2026\/02\/haber-corba-01-1.jpg\" \/>\n\t<meta property=\"og:image:width\" content=\"615\" \/>\n\t<meta property=\"og:image:height\" content=\"413\" \/>\n\t<meta property=\"og:image:type\" content=\"image\/jpeg\" \/>\n<meta name=\"author\" content=\"Nihan K\u00fc\u00e7\u00fck\" \/>\n<meta name=\"twitter:card\" content=\"summary_large_image\" \/>\n<meta name=\"twitter:creator\" content=\"@zeytinburnubld\" \/>\n<meta name=\"twitter:site\" content=\"@zeytinburnubld\" \/>\n<meta name=\"twitter:label1\" content=\"Yazan:\" \/>\n\t<meta name=\"twitter:data1\" content=\"Nihan K\u00fc\u00e7\u00fck\" \/>\n\t<meta name=\"twitter:label2\" content=\"Tahmini okuma s\u00fcresi\" \/>\n\t<meta name=\"twitter:data2\" content=\"2 dakika\" \/>\n<script type=\"application\/ld+json\" class=\"yoast-schema-graph\">{\"@context\":\"https:\/\/schema.org\",\"@graph\":[{\"@type\":\"WebPage\",\"@id\":\"https:\/\/zeytinburnu.istanbul\/haberler\/zeytinburnu-belediyesinden-ramazan-boyunca-iftar-ve-sahur-destegi\/\",\"url\":\"https:\/\/zeytinburnu.istanbul\/haberler\/zeytinburnu-belediyesinden-ramazan-boyunca-iftar-ve-sahur-destegi\/\",\"name\":\"Zeytinburnu Belediyesi\u2019nden Ramazan Boyunca \u0130ftar Ve Sahur Deste\u011fi - Zeytinburnu Belediyesi\",\"isPartOf\":{\"@id\":\"https:\/\/zeytinburnu.istanbul\/#website\"},\"datePublished\":\"2026-02-23T10:23:23+00:00\",\"dateModified\":\"2026-02-23T10:23:23+00:00\",\"author\":{\"@id\":\"https:\/\/zeytinburnu.istanbul\/#\/schema\/person\/fa9b36b4d792e5aec0a8718c19538adc\"},\"breadcrumb\":{\"@id\":\"https:\/\/zeytinburnu.istanbul\/haberler\/zeytinburnu-belediyesinden-ramazan-boyunca-iftar-ve-sahur-destegi\/#breadcrumb\"},\"inLanguage\":\"tr\",\"potentialAction\":[{\"@type\":\"ReadAction\",\"target\":[\"https:\/\/zeytinburnu.istanbul\/haberler\/zeytinburnu-belediyesinden-ramazan-boyunca-iftar-ve-sahur-destegi\/\"]}]},{\"@type\":\"BreadcrumbList\",\"@id\":\"https:\/\/zeytinburnu.istanbul\/haberler\/zeytinburnu-belediyesinden-ramazan-boyunca-iftar-ve-sahur-destegi\/#breadcrumb\",\"itemListElement\":[{\"@type\":\"ListItem\",\"position\":1,\"name\":\"Anasayfa\",\"item\":\"https:\/\/zeytinburnu.istanbul\/\"},{\"@type\":\"ListItem\",\"position\":2,\"name\":\"Zeytinburnu Belediyesi\u2019nden Ramazan Boyunca \u0130ftar Ve Sahur Deste\u011fi\"}]},{\"@type\":\"WebSite\",\"@id\":\"https:\/\/zeytinburnu.istanbul\/#website\",\"url\":\"https:\/\/zeytinburnu.istanbul\/\",\"name\":\"Zeytinburnu Belediyesi\",\"description\":\"\",\"potentialAction\":[{\"@type\":\"SearchAction\",\"target\":{\"@type\":\"EntryPoint\",\"urlTemplate\":\"https:\/\/zeytinburnu.istanbul\/?s={search_term_string}\"},\"query-input\":\"required name=search_term_string\"}],\"inLanguage\":\"tr\"},{\"@type\":\"Person\",\"@id\":\"https:\/\/zeytinburnu.istanbul\/#\/schema\/person\/fa9b36b4d792e5aec0a8718c19538adc\",\"name\":\"Nihan K\u00fc\u00e7\u00fck\",\"image\":{\"@type\":\"ImageObject\",\"inLanguage\":\"tr\",\"@id\":\"https:\/\/zeytinburnu.istanbul\/#\/schema\/person\/image\/\",\"url\":\"https:\/\/secure.gravatar.com\/avatar\/f5a876a005c2831c9c4939c10af65fe7?s=96&d=mm&r=g\",\"contentUrl\":\"https:\/\/secure.gravatar.com\/avatar\/f5a876a005c2831c9c4939c10af65fe7?s=96&d=mm&r=g\",\"caption\":\"Nihan K\u00fc\u00e7\u00fck\"},\"url\":\"https:\/\/zeytinburnu.istanbul\/author\/nihankucuk\/\"}]}<\/script>\n<!-- \/ Yoast SEO plugin. -->","yoast_head_json":{"title":"Zeytinburnu Belediyesi\u2019nden Ramazan Boyunca \u0130ftar Ve Sahur Deste\u011fi - Zeytinburnu Belediyesi","robots":{"index":"index","follow":"follow","max-snippet":"max-snippet:-1","max-image-preview":"max-image-preview:large","max-video-preview":"max-video-preview:-1"},"canonical":"https:\/\/zeytinburnu.istanbul\/haberler\/zeytinburnu-belediyesinden-ramazan-boyunca-iftar-ve-sahur-destegi\/","og_locale":"tr_TR","og_type":"article","og_title":"Zeytinburnu Belediyesi\u2019nden Ramazan Boyunca \u0130ftar Ve Sahur Deste\u011fi - Zeytinburnu Belediyesi","og_description":"Ramazan boyunca il\u00e7enin yo\u011fun noktalar\u0131nda g\u00fcnl\u00fck toplam 1.900 ki\u015filik \u00e7orba da\u011f\u0131t\u0131m\u0131 ger\u00e7ekle\u015ftiriliyor. \u00c7orba da\u011f\u0131t\u0131m noktalar\u0131: Cevizliba\u011f Tramvay Dura\u011f\u0131 (500 ki\u015filik) Kazl\u0131\u00e7e\u015fme Marmaray (350 ki\u015filik) Zeytinburnu Fi\u015fekhane Marmaray (350 ki\u015filik) 15 Temmuz Meydan\u0131 (350 ki\u015filik) Belediye \u00d6n\u00fc (350 ki\u015filik) Toplamda Ramazan s\u00fcresince 55.100 ki\u015filik \u00e7orba ikram\u0131 yap\u0131l\u0131yor. \u00c7orba say\u0131lar\u0131 talebe g\u00f6re de\u011fi\u015fiklik g\u00f6sterebiliyor. K\u00dcT\u00dcPHANELERDE \u0130FTAR VE [&hellip;]","og_url":"https:\/\/zeytinburnu.istanbul\/haberler\/zeytinburnu-belediyesinden-ramazan-boyunca-iftar-ve-sahur-destegi\/","og_site_name":"Zeytinburnu Belediyesi","article_publisher":"https:\/\/web.facebook.com\/zeytinburnubld\/","article_published_time":"2026-02-23T10:23:23+00:00","og_image":[{"width":615,"height":413,"url":"https:\/\/zeytinburnu.istanbul\/wp-content\/uploads\/2026\/02\/haber-corba-01-1.jpg","type":"image\/jpeg"}],"author":"Nihan K\u00fc\u00e7\u00fck","twitter_card":"summary_large_image","twitter_creator":"@zeytinburnubld","twitter_site":"@zeytinburnubld","twitter_misc":{"Yazan:":"Nihan K\u00fc\u00e7\u00fck","Tahmini okuma s\u00fcresi":"2 dakika"},"schema":{"@context":"https:\/\/schema.org","@graph":[{"@type":"WebPage","@id":"https:\/\/zeytinburnu.istanbul\/haberler\/zeytinburnu-belediyesinden-ramazan-boyunca-iftar-ve-sahur-destegi\/","url":"https:\/\/zeytinburnu.istanbul\/haberler\/zeytinburnu-belediyesinden-ramazan-boyunca-iftar-ve-sahur-destegi\/","name":"Zeytinburnu Belediyesi\u2019nden Ramazan Boyunca \u0130ftar Ve Sahur Deste\u011fi - Zeytinburnu Belediyesi","isPartOf":{"@id":"https:\/\/zeytinburnu.istanbul\/#website"},"datePublished":"2026-02-23T10:23:23+00:00","dateModified":"2026-02-23T10:23:23+00:00","author":{"@id":"https:\/\/zeytinburnu.istanbul\/#\/schema\/person\/fa9b36b4d792e5aec0a8718c19538adc"},"breadcrumb":{"@id":"https:\/\/zeytinburnu.istanbul\/haberler\/zeytinburnu-belediyesinden-ramazan-boyunca-iftar-ve-sahur-destegi\/#breadcrumb"},"inLanguage":"tr","potentialAction":[{"@type":"ReadAction","target":["https:\/\/zeytinburnu.istanbul\/haberler\/zeytinburnu-belediyesinden-ramazan-boyunca-iftar-ve-sahur-destegi\/"]}]},{"@type":"BreadcrumbList","@id":"https:\/\/zeytinburnu.istanbul\/haberler\/zeytinburnu-belediyesinden-ramazan-boyunca-iftar-ve-sahur-destegi\/#breadcrumb","itemListElement":[{"@type":"ListItem","position":1,"name":"Anasayfa","item":"https:\/\/zeytinburnu.istanbul\/"},{"@type":"ListItem","position":2,"name":"Zeytinburnu Belediyesi\u2019nden Ramazan Boyunca \u0130ftar Ve Sahur Deste\u011fi"}]},{"@type":"WebSite","@id":"https:\/\/zeytinburnu.istanbul\/#website","url":"https:\/\/zeytinburnu.istanbul\/","name":"Zeytinburnu Belediyesi","description":"","potentialAction":[{"@type":"SearchAction","target":{"@type":"EntryPoint","urlTemplate":"https:\/\/zeytinburnu.istanbul\/?s={search_term_string}"},"query-input":"required name=search_term_string"}],"inLanguage":"tr"},{"@type":"Person","@id":"https:\/\/zeytinburnu.istanbul\/#\/schema\/person\/fa9b36b4d792e5aec0a8718c19538adc","name":"Nihan K\u00fc\u00e7\u00fck","image":{"@type":"ImageObject","inLanguage":"tr","@id":"https:\/\/zeytinburnu.istanbul\/#\/schema\/person\/image\/","url":"https:\/\/secure.gravatar.com\/avatar\/f5a876a005c2831c9c4939c10af65fe7?s=96&d=mm&r=g","contentUrl":"https:\/\/secure.gravatar.com\/avatar\/f5a876a005c2831c9c4939c10af65fe7?s=96&d=mm&r=g","caption":"Nihan K\u00fc\u00e7\u00fck"},"url":"https:\/\/zeytinburnu.istanbul\/author\/nihankucuk\/"}]}},"meta_data":{"spot_ozet_metin":"Zeytinburnu Belediyesi, Ramazan ay\u0131 boyunca be\u015f noktada \u00e7orba da\u011f\u0131t\u0131m\u0131, k\u00fct\u00fcphanelerde iftar ve sahurluk ikram\u0131, camilerde salep da\u011f\u0131t\u0131m\u0131 ve ihtiya\u00e7 sahibi ailelere s\u0131cak yemek ile erzak deste\u011fi sa\u011flayarak il\u00e7ede dayan\u0131\u015fma ruhunu b\u00fcy\u00fct\u00fcyor.","sidebar_tipi":"varsayilan","ikincil_gorsel":{"ID":69024,"id":69024,"title":"haber corba 02","filename":"haber-corba-02-1.jpg","filesize":83794,"url":"https:\/\/zeytinburnu.istanbul\/wp-content\/uploads\/2026\/02\/haber-corba-02-1.jpg","link":"https:\/\/zeytinburnu.istanbul\/haberler\/zeytinburnu-belediyesinden-ramazan-boyunca-iftar-ve-sahur-destegi\/attachment\/haber-corba-02-3\/","alt":"","author":"6","description":"","caption":"","name":"haber-corba-02-3","status":"inherit","uploaded_to":69022,"date":"2026-02-23 10:21:57","modified":"2026-02-23 10:21:57","menu_order":0,"mime_type":"image\/jpeg","type":"image","subtype":"jpeg","icon":"https:\/\/zeytinburnu.istanbul\/wp-includes\/images\/media\/default.png","width":641,"height":406,"sizes":{"thumbnail":"https:\/\/zeytinburnu.istanbul\/wp-content\/uploads\/2026\/02\/haber-corba-02-1.jpg","thumbnail-width":641,"thumbnail-height":406,"medium":"https:\/\/zeytinburnu.istanbul\/wp-content\/uploads\/2026\/02\/haber-corba-02-1.jpg","medium-width":641,"medium-height":406,"medium_large":"https:\/\/zeytinburnu.istanbul\/wp-content\/uploads\/2026\/02\/haber-corba-02-1.jpg","medium_large-width":641,"medium_large-height":406,"large":"https:\/\/zeytinburnu.istanbul\/wp-content\/uploads\/2026\/02\/haber-corba-02-1.jpg","large-width":641,"large-height":406,"1536x1536":"https:\/\/zeytinburnu.istanbul\/wp-content\/uploads\/2026\/02\/haber-corba-02-1.jpg","1536x1536-width":641,"1536x1536-height":406,"2048x2048":"https:\/\/zeytinburnu.istanbul\/wp-content\/uploads\/2026\/02\/haber-corba-02-1.jpg","2048x2048-width":641,"2048x2048-height":406}},"haber_tarihi":"23 \u015eubat 2026","haber_saati":"13:00","yayindan_cikis_tarihi":"","youtube_video_id":"","vimeo_video_id":"","video_dosya":false,"ekler":false,"galeri_basligi":"GALER\u0130","galeri":false,"image_details":{"thumbnail":{"url":"https:\/\/zeytinburnu.istanbul\/wp-content\/uploads\/2026\/02\/haber-corba-01-1.jpg"},"full":{"file":"2026\/02\/haber-corba-01-1.jpg","width":615,"height":413,"mime_type":"image\/jpeg","url":"https:\/\/zeytinburnu.istanbul\/wp-content\/uploads\/2026\/02\/haber-corba-01-1.jpg"}}},"_links":{"self":[{"href":"https:\/\/zeytinburnu.istanbul\/api\/wp\/v2\/posts\/69022"}],"collection":[{"href":"https:\/\/zeytinburnu.istanbul\/api\/wp\/v2\/posts"}],"about":[{"href":"https:\/\/zeytinburnu.istanbul\/api\/wp\/v2\/types\/post"}],"author":[{"embeddable":true,"href":"https:\/\/zeytinburnu.istanbul\/api\/wp\/v2\/users\/6"}],"replies":[{"embeddable":true,"href":"https:\/\/zeytinburnu.istanbul\/api\/wp\/v2\/comments?post=69022"}],"version-history":[{"count":4,"href":"https:\/\/zeytinburnu.istanbul\/api\/wp\/v2\/posts\/69022\/revisions"}],"predecessor-version":[{"id":69028,"href":"https:\/\/zeytinburnu.istanbul\/api\/wp\/v2\/posts\/69022\/revisions\/69028"}],"wp:featuredmedia":[{"embeddable":true,"href":"https:\/\/zeytinburnu.istanbul\/api\/wp\/v2\/media\/69023"}],"wp:attachment":[{"href":"https:\/\/zeytinburnu.istanbul\/api\/wp\/v2\/media?parent=69022"}],"wp:term":[{"taxonomy":"category","embeddable":true,"href":"https:\/\/zeytinburnu.istanbul\/api\/wp\/v2\/categories?post=69022"},{"taxonomy":"post_tag","embeddable":true,"href":"https:\/\/zeytinburnu.istanbul\/api\/wp\/v2\/tags?post=69022"}],"curies":[{"name":"wp","href":"https:\/\/api.w.org\/{rel}","templated":true}]}}