

{"id":68973,"date":"2026-02-16T13:00:40","date_gmt":"2026-02-16T10:00:40","guid":{"rendered":"https:\/\/zeytinburnu.istanbul\/?p=68973"},"modified":"2026-02-16T13:00:40","modified_gmt":"2026-02-16T10:00:40","slug":"biz-koksuz-bir-millet-degiliz-bir-tarih-mirasimiz-var","status":"publish","type":"post","link":"https:\/\/zeytinburnu.istanbul\/haberler\/biz-koksuz-bir-millet-degiliz-bir-tarih-mirasimiz-var\/","title":{"rendered":"\u201cBiz K\u00f6ks\u00fcz Bir Millet De\u011filiz! Bir Tarih Miras\u0131m\u0131z Var!\u201d"},"content":{"rendered":"<p>\u00c7ocuklar\u0131 ve gen\u00e7leri her ay kitaplar\u0131n d\u00fcnyas\u0131na misafir eden, onlar\u0131n k\u00fclt\u00fcrel ve sanatsal anlamda geli\u015fimlerine destek veren Zeytinburnu Bilgi Evlerinin k\u0131ymetli misafiri yazar Sami Bayraktar, \u00e7ocuklarla \u00e7ok verimli bir s\u00f6yle\u015fi ger\u00e7ekle\u015ftirdi.<\/p>\n<p>\u201cBenim bir \u0130stanbul merak\u0131m, bir \u0130stanbul sevgim var.\u201d ifadeleriyle ya\u015fad\u0131\u011f\u0131 \u015fehre olan sevgisini anlatan Bayraktar, \u0130stanbul\u2019un her semtinin tarih koktu\u011fundan ve derin bir k\u00fclt\u00fcre ev sahipli\u011fi yapt\u0131\u011f\u0131ndan s\u00f6z etti. Zeytinburnu semtinin de tarihsel a\u00e7\u0131dan \u00e7ok k\u0131ymetli oldu\u011funun alt\u0131n\u0131 \u00e7izerken bu ad\u0131n nereden geldi\u011fi bilgisini \u00e7ocuklara aktard\u0131.<\/p>\n<p>\u0130\u00e7inde ya\u015fad\u0131\u011f\u0131m\u0131z \u015fehrin hik\u00e2ye, masal ve efsaneleriyle \u00e7ok y\u00f6nl\u00fc edebi bir eser toplulu\u011funu bar\u0131nd\u0131rd\u0131\u011f\u0131n\u0131 s\u00f6yleyen Sami Bayraktar, bu zenginli\u011fin ancak b\u00f6yle muhte\u015fem bir \u015fehirde olabilece\u011fine dikkat \u00e7ekti.<\/p>\n<p>\u201cBir \u015fehri tan\u0131mak \u00e7ok \u00f6nemli. Peki, neden bu kadar \u00f6nemli? \u00c7\u00fcnk\u00fc bizler insan\u0131z. Birisini ancak tan\u0131d\u0131k\u00e7a severiz; onu tan\u0131d\u0131k\u00e7a anlar\u0131z, sevdik\u00e7e ona sahip \u00e7\u0131kar\u0131z. Ya\u015fad\u0131\u011f\u0131m\u0131z semtin tarihini bilirsek ona daha \u00e7ok sahip \u00e7\u0131kar\u0131z. \u00c7\u00fcnk\u00fc atalar\u0131m\u0131z\u0131n b\u0131rakt\u0131\u011f\u0131 mirasa yine ancak biz sahip \u00e7\u0131kabiliriz. Bu \u015fehir bin y\u0131ll\u0131k bir tarihi anlat\u0131yor bizlere.\u201d c\u00fcmleleriyle de \u00e7ocuklara bize b\u0131rak\u0131lan emanetin \u00f6nemini bir kez daha anlatt\u0131.<\/p>\n<p>\u201cBen eskilerden kalan tarih\u00ee bir mek\u00e2n\u0131 g\u00f6rd\u00fc\u011f\u00fcm zaman onu bir ta\u015f par\u00e7as\u0131 olarak g\u00f6rm\u00fcyorum. O binay\u0131 yapan ki\u015finin emeklerini g\u00f6r\u00fcyorum.\u00a0 Acaba bunu kim yapt\u0131? \u00c7ocuklar\u0131 var m\u0131yd\u0131? Onun hayat hik\u00e2yesi neydi acaba diye kendi kendime soruyorum. Her \u015feyin bir hik\u00e2yesi var.\u201d \u0130fadeleriyle de \u00e7ocuklar\u0131n bak\u0131\u015f a\u00e7\u0131s\u0131na yeni bir anlam katmay\u0131 da ihmal etmedi.<\/p>\n<p>Eskiden Hristiyanlar, Rumlar ve Ermenilerin Zeytinburnu\u2019nda kom\u015fu olarak ya\u015fad\u0131klar\u0131n\u0131 ve farkl\u0131 k\u00fclt\u00fcrlerin bir arada olmas\u0131n\u0131n edebiyat\u0131m\u0131za, mimarimize ve daha bir\u00e7ok alana olumlu katk\u0131 sa\u011flad\u0131\u011f\u0131n\u0131 da dile getiren Bayraktar, Zeytinburnu\u2019nda efsane olarak dola\u015fan hik\u00e2yelerden \u00e7ocuklara kesitler anlatt\u0131ktan sonra \u201cTarihe Yaslanan Ta\u015flar Zeytinburnu\u201d kitab\u0131n\u0131 imzalayarak \u00e7i\u00e7ek takdimi e\u015fli\u011finde s\u00f6yle\u015fisini tamamlad\u0131.<\/p>\n<p>&nbsp;<\/p>\n<p>&nbsp;<\/p>\n<p>&nbsp;<\/p>\n<p>&nbsp;<\/p>\n<p>&nbsp;<\/p>\n<p>&nbsp;<\/p>\n<p>&nbsp;<\/p>\n<p>&nbsp;<\/p>\n","protected":false},"excerpt":{"rendered":"<p>\u00c7ocuklar\u0131 ve gen\u00e7leri her ay kitaplar\u0131n d\u00fcnyas\u0131na misafir eden, onlar\u0131n k\u00fclt\u00fcrel ve sanatsal anlamda geli\u015fimlerine destek veren Zeytinburnu Bilgi Evlerinin k\u0131ymetli misafiri yazar Sami Bayraktar, \u00e7ocuklarla \u00e7ok verimli bir s\u00f6yle\u015fi ger\u00e7ekle\u015ftirdi. \u201cBenim bir \u0130stanbul merak\u0131m, bir \u0130stanbul sevgim var.\u201d ifadeleriyle ya\u015fad\u0131\u011f\u0131 \u015fehre olan sevgisini anlatan Bayraktar, \u0130stanbul\u2019un her semtinin tarih koktu\u011fundan ve derin bir k\u00fclt\u00fcre [&hellip;]<\/p>\n","protected":false},"author":6,"featured_media":68974,"comment_status":"closed","ping_status":"closed","sticky":false,"template":"","format":"standard","meta":{"inline_featured_image":false,"footnotes":""},"categories":[1],"tags":[],"acf":[],"yoast_head":"<!-- This site is optimized with the Yoast SEO plugin v21.5 - https:\/\/yoast.com\/wordpress\/plugins\/seo\/ -->\n<title>\u201cBiz K\u00f6ks\u00fcz Bir Millet De\u011filiz! Bir Tarih Miras\u0131m\u0131z Var!\u201d - Zeytinburnu Belediyesi<\/title>\n<meta name=\"robots\" content=\"index, follow, max-snippet:-1, max-image-preview:large, max-video-preview:-1\" \/>\n<link rel=\"canonical\" href=\"https:\/\/zeytinburnu.istanbul\/haberler\/biz-koksuz-bir-millet-degiliz-bir-tarih-mirasimiz-var\/\" \/>\n<meta property=\"og:locale\" content=\"tr_TR\" \/>\n<meta property=\"og:type\" content=\"article\" \/>\n<meta property=\"og:title\" content=\"\u201cBiz K\u00f6ks\u00fcz Bir Millet De\u011filiz! Bir Tarih Miras\u0131m\u0131z Var!\u201d - Zeytinburnu Belediyesi\" \/>\n<meta property=\"og:description\" content=\"\u00c7ocuklar\u0131 ve gen\u00e7leri her ay kitaplar\u0131n d\u00fcnyas\u0131na misafir eden, onlar\u0131n k\u00fclt\u00fcrel ve sanatsal anlamda geli\u015fimlerine destek veren Zeytinburnu Bilgi Evlerinin k\u0131ymetli misafiri yazar Sami Bayraktar, \u00e7ocuklarla \u00e7ok verimli bir s\u00f6yle\u015fi ger\u00e7ekle\u015ftirdi. \u201cBenim bir \u0130stanbul merak\u0131m, bir \u0130stanbul sevgim var.\u201d ifadeleriyle ya\u015fad\u0131\u011f\u0131 \u015fehre olan sevgisini anlatan Bayraktar, \u0130stanbul\u2019un her semtinin tarih koktu\u011fundan ve derin bir k\u00fclt\u00fcre [&hellip;]\" \/>\n<meta property=\"og:url\" content=\"https:\/\/zeytinburnu.istanbul\/haberler\/biz-koksuz-bir-millet-degiliz-bir-tarih-mirasimiz-var\/\" \/>\n<meta property=\"og:site_name\" content=\"Zeytinburnu Belediyesi\" \/>\n<meta property=\"article:publisher\" content=\"https:\/\/web.facebook.com\/zeytinburnubld\/\" \/>\n<meta property=\"article:published_time\" content=\"2026-02-16T10:00:40+00:00\" \/>\n<meta property=\"og:image\" content=\"https:\/\/zeytinburnu.istanbul\/wp-content\/uploads\/2026\/02\/haber-genclerle-01.jpg\" \/>\n\t<meta property=\"og:image:width\" content=\"1200\" \/>\n\t<meta property=\"og:image:height\" content=\"800\" \/>\n\t<meta property=\"og:image:type\" content=\"image\/jpeg\" \/>\n<meta name=\"author\" content=\"Nihan K\u00fc\u00e7\u00fck\" \/>\n<meta name=\"twitter:card\" content=\"summary_large_image\" \/>\n<meta name=\"twitter:creator\" content=\"@zeytinburnubld\" \/>\n<meta name=\"twitter:site\" content=\"@zeytinburnubld\" \/>\n<meta name=\"twitter:label1\" content=\"Yazan:\" \/>\n\t<meta name=\"twitter:data1\" content=\"Nihan K\u00fc\u00e7\u00fck\" \/>\n\t<meta name=\"twitter:label2\" content=\"Tahmini okuma s\u00fcresi\" \/>\n\t<meta name=\"twitter:data2\" content=\"2 dakika\" \/>\n<script type=\"application\/ld+json\" class=\"yoast-schema-graph\">{\"@context\":\"https:\/\/schema.org\",\"@graph\":[{\"@type\":\"WebPage\",\"@id\":\"https:\/\/zeytinburnu.istanbul\/haberler\/biz-koksuz-bir-millet-degiliz-bir-tarih-mirasimiz-var\/\",\"url\":\"https:\/\/zeytinburnu.istanbul\/haberler\/biz-koksuz-bir-millet-degiliz-bir-tarih-mirasimiz-var\/\",\"name\":\"\u201cBiz K\u00f6ks\u00fcz Bir Millet De\u011filiz! Bir Tarih Miras\u0131m\u0131z Var!\u201d - Zeytinburnu Belediyesi\",\"isPartOf\":{\"@id\":\"https:\/\/zeytinburnu.istanbul\/#website\"},\"datePublished\":\"2026-02-16T10:00:40+00:00\",\"dateModified\":\"2026-02-16T10:00:40+00:00\",\"author\":{\"@id\":\"https:\/\/zeytinburnu.istanbul\/#\/schema\/person\/fa9b36b4d792e5aec0a8718c19538adc\"},\"breadcrumb\":{\"@id\":\"https:\/\/zeytinburnu.istanbul\/haberler\/biz-koksuz-bir-millet-degiliz-bir-tarih-mirasimiz-var\/#breadcrumb\"},\"inLanguage\":\"tr\",\"potentialAction\":[{\"@type\":\"ReadAction\",\"target\":[\"https:\/\/zeytinburnu.istanbul\/haberler\/biz-koksuz-bir-millet-degiliz-bir-tarih-mirasimiz-var\/\"]}]},{\"@type\":\"BreadcrumbList\",\"@id\":\"https:\/\/zeytinburnu.istanbul\/haberler\/biz-koksuz-bir-millet-degiliz-bir-tarih-mirasimiz-var\/#breadcrumb\",\"itemListElement\":[{\"@type\":\"ListItem\",\"position\":1,\"name\":\"Anasayfa\",\"item\":\"https:\/\/zeytinburnu.istanbul\/\"},{\"@type\":\"ListItem\",\"position\":2,\"name\":\"\u201cBiz K\u00f6ks\u00fcz Bir Millet De\u011filiz! Bir Tarih Miras\u0131m\u0131z Var!\u201d\"}]},{\"@type\":\"WebSite\",\"@id\":\"https:\/\/zeytinburnu.istanbul\/#website\",\"url\":\"https:\/\/zeytinburnu.istanbul\/\",\"name\":\"Zeytinburnu Belediyesi\",\"description\":\"\",\"potentialAction\":[{\"@type\":\"SearchAction\",\"target\":{\"@type\":\"EntryPoint\",\"urlTemplate\":\"https:\/\/zeytinburnu.istanbul\/?s={search_term_string}\"},\"query-input\":\"required name=search_term_string\"}],\"inLanguage\":\"tr\"},{\"@type\":\"Person\",\"@id\":\"https:\/\/zeytinburnu.istanbul\/#\/schema\/person\/fa9b36b4d792e5aec0a8718c19538adc\",\"name\":\"Nihan K\u00fc\u00e7\u00fck\",\"image\":{\"@type\":\"ImageObject\",\"inLanguage\":\"tr\",\"@id\":\"https:\/\/zeytinburnu.istanbul\/#\/schema\/person\/image\/\",\"url\":\"https:\/\/secure.gravatar.com\/avatar\/f5a876a005c2831c9c4939c10af65fe7?s=96&d=mm&r=g\",\"contentUrl\":\"https:\/\/secure.gravatar.com\/avatar\/f5a876a005c2831c9c4939c10af65fe7?s=96&d=mm&r=g\",\"caption\":\"Nihan K\u00fc\u00e7\u00fck\"},\"url\":\"https:\/\/zeytinburnu.istanbul\/author\/nihankucuk\/\"}]}<\/script>\n<!-- \/ Yoast SEO plugin. -->","yoast_head_json":{"title":"\u201cBiz K\u00f6ks\u00fcz Bir Millet De\u011filiz! Bir Tarih Miras\u0131m\u0131z Var!\u201d - Zeytinburnu Belediyesi","robots":{"index":"index","follow":"follow","max-snippet":"max-snippet:-1","max-image-preview":"max-image-preview:large","max-video-preview":"max-video-preview:-1"},"canonical":"https:\/\/zeytinburnu.istanbul\/haberler\/biz-koksuz-bir-millet-degiliz-bir-tarih-mirasimiz-var\/","og_locale":"tr_TR","og_type":"article","og_title":"\u201cBiz K\u00f6ks\u00fcz Bir Millet De\u011filiz! Bir Tarih Miras\u0131m\u0131z Var!\u201d - Zeytinburnu Belediyesi","og_description":"\u00c7ocuklar\u0131 ve gen\u00e7leri her ay kitaplar\u0131n d\u00fcnyas\u0131na misafir eden, onlar\u0131n k\u00fclt\u00fcrel ve sanatsal anlamda geli\u015fimlerine destek veren Zeytinburnu Bilgi Evlerinin k\u0131ymetli misafiri yazar Sami Bayraktar, \u00e7ocuklarla \u00e7ok verimli bir s\u00f6yle\u015fi ger\u00e7ekle\u015ftirdi. \u201cBenim bir \u0130stanbul merak\u0131m, bir \u0130stanbul sevgim var.\u201d ifadeleriyle ya\u015fad\u0131\u011f\u0131 \u015fehre olan sevgisini anlatan Bayraktar, \u0130stanbul\u2019un her semtinin tarih koktu\u011fundan ve derin bir k\u00fclt\u00fcre [&hellip;]","og_url":"https:\/\/zeytinburnu.istanbul\/haberler\/biz-koksuz-bir-millet-degiliz-bir-tarih-mirasimiz-var\/","og_site_name":"Zeytinburnu Belediyesi","article_publisher":"https:\/\/web.facebook.com\/zeytinburnubld\/","article_published_time":"2026-02-16T10:00:40+00:00","og_image":[{"width":1200,"height":800,"url":"https:\/\/zeytinburnu.istanbul\/wp-content\/uploads\/2026\/02\/haber-genclerle-01.jpg","type":"image\/jpeg"}],"author":"Nihan K\u00fc\u00e7\u00fck","twitter_card":"summary_large_image","twitter_creator":"@zeytinburnubld","twitter_site":"@zeytinburnubld","twitter_misc":{"Yazan:":"Nihan K\u00fc\u00e7\u00fck","Tahmini okuma s\u00fcresi":"2 dakika"},"schema":{"@context":"https:\/\/schema.org","@graph":[{"@type":"WebPage","@id":"https:\/\/zeytinburnu.istanbul\/haberler\/biz-koksuz-bir-millet-degiliz-bir-tarih-mirasimiz-var\/","url":"https:\/\/zeytinburnu.istanbul\/haberler\/biz-koksuz-bir-millet-degiliz-bir-tarih-mirasimiz-var\/","name":"\u201cBiz K\u00f6ks\u00fcz Bir Millet De\u011filiz! Bir Tarih Miras\u0131m\u0131z Var!\u201d - Zeytinburnu Belediyesi","isPartOf":{"@id":"https:\/\/zeytinburnu.istanbul\/#website"},"datePublished":"2026-02-16T10:00:40+00:00","dateModified":"2026-02-16T10:00:40+00:00","author":{"@id":"https:\/\/zeytinburnu.istanbul\/#\/schema\/person\/fa9b36b4d792e5aec0a8718c19538adc"},"breadcrumb":{"@id":"https:\/\/zeytinburnu.istanbul\/haberler\/biz-koksuz-bir-millet-degiliz-bir-tarih-mirasimiz-var\/#breadcrumb"},"inLanguage":"tr","potentialAction":[{"@type":"ReadAction","target":["https:\/\/zeytinburnu.istanbul\/haberler\/biz-koksuz-bir-millet-degiliz-bir-tarih-mirasimiz-var\/"]}]},{"@type":"BreadcrumbList","@id":"https:\/\/zeytinburnu.istanbul\/haberler\/biz-koksuz-bir-millet-degiliz-bir-tarih-mirasimiz-var\/#breadcrumb","itemListElement":[{"@type":"ListItem","position":1,"name":"Anasayfa","item":"https:\/\/zeytinburnu.istanbul\/"},{"@type":"ListItem","position":2,"name":"\u201cBiz K\u00f6ks\u00fcz Bir Millet De\u011filiz! Bir Tarih Miras\u0131m\u0131z Var!\u201d"}]},{"@type":"WebSite","@id":"https:\/\/zeytinburnu.istanbul\/#website","url":"https:\/\/zeytinburnu.istanbul\/","name":"Zeytinburnu Belediyesi","description":"","potentialAction":[{"@type":"SearchAction","target":{"@type":"EntryPoint","urlTemplate":"https:\/\/zeytinburnu.istanbul\/?s={search_term_string}"},"query-input":"required name=search_term_string"}],"inLanguage":"tr"},{"@type":"Person","@id":"https:\/\/zeytinburnu.istanbul\/#\/schema\/person\/fa9b36b4d792e5aec0a8718c19538adc","name":"Nihan K\u00fc\u00e7\u00fck","image":{"@type":"ImageObject","inLanguage":"tr","@id":"https:\/\/zeytinburnu.istanbul\/#\/schema\/person\/image\/","url":"https:\/\/secure.gravatar.com\/avatar\/f5a876a005c2831c9c4939c10af65fe7?s=96&d=mm&r=g","contentUrl":"https:\/\/secure.gravatar.com\/avatar\/f5a876a005c2831c9c4939c10af65fe7?s=96&d=mm&r=g","caption":"Nihan K\u00fc\u00e7\u00fck"},"url":"https:\/\/zeytinburnu.istanbul\/author\/nihankucuk\/"}]}},"meta_data":{"spot_ozet_metin":"Zeytinburnu Belediyesi Bilgi Evlerinin d\u00fczenledi\u011fi Gen\u00e7lerle Ba\u015f Ba\u015fa Sohbetleri\u2019nin bu ayki konu\u011fu de\u011ferli yazar Sami Bayraktar oldu.","sidebar_tipi":"varsayilan","ikincil_gorsel":{"ID":68975,"id":68975,"title":"haber genclerle 02","filename":"haber-genclerle-02.jpg","filesize":78927,"url":"https:\/\/zeytinburnu.istanbul\/wp-content\/uploads\/2026\/02\/haber-genclerle-02.jpg","link":"https:\/\/zeytinburnu.istanbul\/haberler\/biz-koksuz-bir-millet-degiliz-bir-tarih-mirasimiz-var\/attachment\/haber-genclerle-02\/","alt":"","author":"6","description":"","caption":"","name":"haber-genclerle-02","status":"inherit","uploaded_to":68973,"date":"2026-02-16 10:00:29","modified":"2026-02-16 10:00:29","menu_order":0,"mime_type":"image\/jpeg","type":"image","subtype":"jpeg","icon":"https:\/\/zeytinburnu.istanbul\/wp-includes\/images\/media\/default.png","width":641,"height":406,"sizes":{"thumbnail":"https:\/\/zeytinburnu.istanbul\/wp-content\/uploads\/2026\/02\/haber-genclerle-02.jpg","thumbnail-width":641,"thumbnail-height":406,"medium":"https:\/\/zeytinburnu.istanbul\/wp-content\/uploads\/2026\/02\/haber-genclerle-02.jpg","medium-width":641,"medium-height":406,"medium_large":"https:\/\/zeytinburnu.istanbul\/wp-content\/uploads\/2026\/02\/haber-genclerle-02.jpg","medium_large-width":641,"medium_large-height":406,"large":"https:\/\/zeytinburnu.istanbul\/wp-content\/uploads\/2026\/02\/haber-genclerle-02.jpg","large-width":641,"large-height":406,"1536x1536":"https:\/\/zeytinburnu.istanbul\/wp-content\/uploads\/2026\/02\/haber-genclerle-02.jpg","1536x1536-width":641,"1536x1536-height":406,"2048x2048":"https:\/\/zeytinburnu.istanbul\/wp-content\/uploads\/2026\/02\/haber-genclerle-02.jpg","2048x2048-width":641,"2048x2048-height":406}},"haber_tarihi":"16 \u015eubat 2026","haber_saati":"12:00","yayindan_cikis_tarihi":"","youtube_video_id":"","vimeo_video_id":"","video_dosya":false,"ekler":false,"galeri_basligi":"GALER\u0130","galeri":false,"image_details":{"thumbnail":{"url":"https:\/\/zeytinburnu.istanbul\/wp-content\/uploads\/2026\/02\/haber-genclerle-01.jpg"},"full":{"file":"2026\/02\/haber-genclerle-01.jpg","width":1200,"height":800,"mime_type":"image\/jpeg","url":"https:\/\/zeytinburnu.istanbul\/wp-content\/uploads\/2026\/02\/haber-genclerle-01.jpg"}}},"_links":{"self":[{"href":"https:\/\/zeytinburnu.istanbul\/api\/wp\/v2\/posts\/68973"}],"collection":[{"href":"https:\/\/zeytinburnu.istanbul\/api\/wp\/v2\/posts"}],"about":[{"href":"https:\/\/zeytinburnu.istanbul\/api\/wp\/v2\/types\/post"}],"author":[{"embeddable":true,"href":"https:\/\/zeytinburnu.istanbul\/api\/wp\/v2\/users\/6"}],"replies":[{"embeddable":true,"href":"https:\/\/zeytinburnu.istanbul\/api\/wp\/v2\/comments?post=68973"}],"version-history":[{"count":1,"href":"https:\/\/zeytinburnu.istanbul\/api\/wp\/v2\/posts\/68973\/revisions"}],"predecessor-version":[{"id":68976,"href":"https:\/\/zeytinburnu.istanbul\/api\/wp\/v2\/posts\/68973\/revisions\/68976"}],"wp:featuredmedia":[{"embeddable":true,"href":"https:\/\/zeytinburnu.istanbul\/api\/wp\/v2\/media\/68974"}],"wp:attachment":[{"href":"https:\/\/zeytinburnu.istanbul\/api\/wp\/v2\/media?parent=68973"}],"wp:term":[{"taxonomy":"category","embeddable":true,"href":"https:\/\/zeytinburnu.istanbul\/api\/wp\/v2\/categories?post=68973"},{"taxonomy":"post_tag","embeddable":true,"href":"https:\/\/zeytinburnu.istanbul\/api\/wp\/v2\/tags?post=68973"}],"curies":[{"name":"wp","href":"https:\/\/api.w.org\/{rel}","templated":true}]}}