

{"id":67151,"date":"2025-06-19T13:21:15","date_gmt":"2025-06-19T10:21:15","guid":{"rendered":"https:\/\/zeytinburnu.istanbul\/?p=67151"},"modified":"2025-06-19T13:23:04","modified_gmt":"2025-06-19T10:23:04","slug":"26-merkezefendi-geleneksel-tip-festivali-mesir-macunu-dagitimi-ve-ugur-isilak-konseriyle-basladi","status":"publish","type":"post","link":"https:\/\/zeytinburnu.istanbul\/haberler\/26-merkezefendi-geleneksel-tip-festivali-mesir-macunu-dagitimi-ve-ugur-isilak-konseriyle-basladi\/","title":{"rendered":"26. Merkezefendi Geleneksel T\u0131p Festivali Mesir Macunu Da\u011f\u0131t\u0131m\u0131 ve U\u011fur I\u015f\u0131lak Konseriyle Ba\u015flad\u0131"},"content":{"rendered":"<p style=\"text-align: justify\">Zeytinburnu Belediyesi taraf\u0131ndan d\u00fczenlenen <strong>26. Merkezefendi Geleneksel T\u0131p Festivali<\/strong> ba\u015flad\u0131. <strong>5 <\/strong>g\u00fcn boyunca bir\u00e7ok etkinli\u011fe ev sahipli\u011fi yapacak festivalin a\u00e7\u0131l\u0131\u015f t\u00f6reninde <strong>\u0130stanbul Valisi Davut G\u00fcl<\/strong> ve <strong>Zeytinburnu Belediye Ba\u015fkan\u0131 \u00d6mer Ar\u0131soy<\/strong> vatanda\u015flara mesir macunu da\u011f\u0131tt\u0131. Festivalin a\u00e7\u0131l\u0131\u015f gecesinde sanat\u00e7\u0131 <strong>U\u011fur I\u015f\u0131lak<\/strong> sahne ald\u0131<strong>. Merkezefendi Millet K\u0131raathanesi<\/strong> yan\u0131ndaki <strong>Merkezefendi Festival Alan\u0131<\/strong>&#8216;nda d\u00fczenlenen mesir macunu da\u011f\u0131t\u0131m etkinli\u011finde vatanda\u015flar mesir macunlar\u0131ndan alabilmek i\u00e7in birbirleriyle yar\u0131\u015ft\u0131. Baz\u0131 vatanda\u015flar\u0131n \u015femsiye a\u00e7arak mesir macunu yakalamaya \u00e7al\u0131\u015fmas\u0131 renkli g\u00f6r\u00fcnt\u00fcler olu\u015fturdu. Konserde sahne alan sanat\u00e7\u0131 <strong>U\u011fur I\u015f\u0131lak<\/strong> ise en be\u011fenilen \u015fark\u0131lar\u0131n\u0131<strong> Zeytinburnulu<\/strong> vatanda\u015flar i\u00e7in s\u00f6yledi.<\/p>\n<p style=\"text-align: justify\"><span style=\"color: #ff0000\"><strong>BA\u015eKAN ARISOY: \u201cT\u00dcM \u0130STANBULLU HEM\u015eEHR\u0130LER\u0130M\u0130Z DAVETL\u0130D\u0130R\u201d<\/strong><\/span><\/p>\n<p style=\"text-align: justify\">Festival hakk\u0131nda konu\u015fan <strong>Zeytinburnu Belediye Ba\u015fkan\u0131 \u00d6mer Ar\u0131soy<\/strong>, &#8220;Bug\u00fcn Merkezefendi Geleneksel T\u0131p Festivali\u2019mizin 26\u2019nc\u0131s\u0131n\u0131n a\u00e7\u0131l\u0131\u015f\u0131n\u0131 yapt\u0131k. 2000 y\u0131l\u0131nda ba\u015flayan bir ser\u00fcven bu. Merkezefendi Geleneksel T\u0131p Festivali \u00e7er\u00e7evesinde 25 y\u0131lda k\u00fclt\u00fcr vadisiyle bu b\u00f6lgenin \u00e7ehresi de\u011fi\u015fti. Adeta k\u00fcllerinden yeniden do\u011fdu. Burada yatan Musa Muslihuddin Merkez Efendi&#8217;den ilhamla yola \u00e7\u0131km\u0131\u015ft\u0131k. Bundan 26 y\u0131l \u00f6nce T\u00fcrkiye&#8217;nin ilk T\u0131bbi Bitkiler bah\u00e7esini il\u00e7emize kazand\u0131rd\u0131k. Ge\u00e7ti\u011fimiz 26 y\u0131lda bu b\u00f6lgede b\u00fct\u00fcn tarihi eserler restore edildi. Biz her y\u0131l yeniden hat\u0131rlamak \u00fczere Merkezefendi Festivali\u2019ni d\u00fczenlemeye devam ediyoruz. Cuma ak\u015fam\u0131na kadar burada, \u00a0Merkezefendi&#8217;deki 5 mek\u00e2nda, festival alan\u0131, Merkezefendi K\u00fct\u00fcphanesi, Namedar, Zeytinburnu Kitap\u00e7\u0131s\u0131, Tarihi Merkezefendi F\u0131r\u0131n\u0131 ve Zeytinburnu T\u0131bbi Bitkiler Bah\u00e7esinde at\u00f6lyeler, s\u00f6yle\u015filer, \u00e7ocuk etkinlikleri devam edecek. B\u00fct\u00fcn \u0130stanbullular\u0131 Merkezefendi Geleneksel T\u0131p Festivali&#8217;nin bu g\u00fczel havas\u0131n\u0131 teneff\u00fcs etmeye davet ediyorum.&#8221; dedi.<\/p>\n<p style=\"text-align: justify\"><span style=\"color: #ff0000\"><strong>VAL\u0130 G\u00dcL: \u201cGELENEKSEL TIBBIN B\u0130R \u00c7OK FAYDASINI \u00d6\u011eREN\u0130RKEN, B\u0130RL\u0130KTE OLMANIN VE DAYANI\u015eMANIN \u00d6NEM\u0130N\u0130 HATIRLAYACA\u011eIZ\u201d<\/strong><\/span><\/p>\n<p style=\"text-align: justify\">A\u00e7\u0131l\u0131\u015fta s\u00f6z alan <strong>\u0130stanbul Valisi Davut G\u00fcl<\/strong> ise, &#8220;26 y\u0131ld\u0131r yap\u0131lan bu festivale emek veren, sahiplenen, himaye eden Zeytinburnu Belediyemize, \u00f6zellikle de bug\u00fcn hepimizi misafir eden Zeytinburnu Belediye Ba\u015fkan\u0131m\u0131za ve \u00e7al\u0131\u015fma arkada\u015flar\u0131na te\u015fekk\u00fcr ediyorum. Geleneksel t\u0131bb\u0131n bir\u00e7ok faydas\u0131n\u0131 bu etkinlik sayesinde tekrar \u00f6\u011frenmi\u015f olaca\u011f\u0131z. Ayn\u0131 zamanda bu festival sayesinde ne\u015feyi, heyecan\u0131 hep birlikte hissedecek; muhabbeti, birbirimizle olan dayan\u0131\u015fmay\u0131, yard\u0131mla\u015fmay\u0131, \u00f6zetle birbirimizin dertleriyle dertlenmeyi tekrar hat\u0131rlayaca\u011f\u0131z.\u201d diye konu\u015ftu.<\/p>\n<p>&nbsp;<\/p>\n<div><a class=\"btn btn--primary btn--i-right mb-2\" href=\"https:\/\/zeytinburnu.istanbul\/wp-content\/uploads\/2025\/06\/Brosur25-23x10-1.pdf\" target=\"_blank\"><span class=\"btn__txt\">Festival Program\u0131 \u0130\u00e7in TIKLAYIN..!<\/span><span class=\"btn__icon icon-font\"><svg class=\"icon icon-font\"><use xlink:href=\"https:\/\/zeytinburnu.istanbul\/wp-content\/themes\/zb-theme\/assets\/icons\/icons.svg#icon-arrow-r\"><\/use><\/svg><\/span><\/a><\/div>\n<p>&nbsp;<\/p>\n<div><a class=\"btn btn--primary btn--i-right mb-2\" href=\"http:\/\/vatandas.zeybim.com\" target=\"_blank\"><span class=\"btn__txt\">At\u00f6lye ve Etkinliklere Kay\u0131t \u0130\u00e7in TIKLAYIN..!<\/span><span class=\"btn__icon icon-font\"><svg class=\"icon icon-font\"><use xlink:href=\"https:\/\/zeytinburnu.istanbul\/wp-content\/themes\/zb-theme\/assets\/icons\/icons.svg#icon-arrow-r\"><\/use><\/svg><\/span><\/a><\/div>\n","protected":false},"excerpt":{"rendered":"<p>Zeytinburnu Belediyesi taraf\u0131ndan d\u00fczenlenen 26. Merkezefendi Geleneksel T\u0131p Festivali ba\u015flad\u0131. 5 g\u00fcn boyunca bir\u00e7ok etkinli\u011fe ev sahipli\u011fi yapacak festivalin a\u00e7\u0131l\u0131\u015f t\u00f6reninde \u0130stanbul Valisi Davut G\u00fcl ve Zeytinburnu Belediye Ba\u015fkan\u0131 \u00d6mer Ar\u0131soy vatanda\u015flara mesir macunu da\u011f\u0131tt\u0131. Festivalin a\u00e7\u0131l\u0131\u015f gecesinde sanat\u00e7\u0131 U\u011fur I\u015f\u0131lak sahne ald\u0131. Merkezefendi Millet K\u0131raathanesi yan\u0131ndaki Merkezefendi Festival Alan\u0131&#8216;nda d\u00fczenlenen mesir macunu da\u011f\u0131t\u0131m etkinli\u011finde [&hellip;]<\/p>\n","protected":false},"author":7,"featured_media":67161,"comment_status":"closed","ping_status":"closed","sticky":false,"template":"","format":"standard","meta":{"inline_featured_image":false,"footnotes":""},"categories":[1],"tags":[],"acf":[],"yoast_head":"<!-- This site is optimized with the Yoast SEO plugin v21.5 - https:\/\/yoast.com\/wordpress\/plugins\/seo\/ -->\n<title>26. Merkezefendi Geleneksel T\u0131p Festivali Mesir Macunu Da\u011f\u0131t\u0131m\u0131 ve U\u011fur I\u015f\u0131lak Konseriyle Ba\u015flad\u0131 - Zeytinburnu Belediyesi<\/title>\n<meta name=\"robots\" content=\"index, follow, max-snippet:-1, max-image-preview:large, max-video-preview:-1\" \/>\n<link rel=\"canonical\" href=\"https:\/\/zeytinburnu.istanbul\/haberler\/26-merkezefendi-geleneksel-tip-festivali-mesir-macunu-dagitimi-ve-ugur-isilak-konseriyle-basladi\/\" \/>\n<meta property=\"og:locale\" content=\"tr_TR\" \/>\n<meta property=\"og:type\" content=\"article\" \/>\n<meta property=\"og:title\" content=\"26. Merkezefendi Geleneksel T\u0131p Festivali Mesir Macunu Da\u011f\u0131t\u0131m\u0131 ve U\u011fur I\u015f\u0131lak Konseriyle Ba\u015flad\u0131 - Zeytinburnu Belediyesi\" \/>\n<meta property=\"og:description\" content=\"Zeytinburnu Belediyesi taraf\u0131ndan d\u00fczenlenen 26. Merkezefendi Geleneksel T\u0131p Festivali ba\u015flad\u0131. 5 g\u00fcn boyunca bir\u00e7ok etkinli\u011fe ev sahipli\u011fi yapacak festivalin a\u00e7\u0131l\u0131\u015f t\u00f6reninde \u0130stanbul Valisi Davut G\u00fcl ve Zeytinburnu Belediye Ba\u015fkan\u0131 \u00d6mer Ar\u0131soy vatanda\u015flara mesir macunu da\u011f\u0131tt\u0131. Festivalin a\u00e7\u0131l\u0131\u015f gecesinde sanat\u00e7\u0131 U\u011fur I\u015f\u0131lak sahne ald\u0131. Merkezefendi Millet K\u0131raathanesi yan\u0131ndaki Merkezefendi Festival Alan\u0131&#8216;nda d\u00fczenlenen mesir macunu da\u011f\u0131t\u0131m etkinli\u011finde [&hellip;]\" \/>\n<meta property=\"og:url\" content=\"https:\/\/zeytinburnu.istanbul\/haberler\/26-merkezefendi-geleneksel-tip-festivali-mesir-macunu-dagitimi-ve-ugur-isilak-konseriyle-basladi\/\" \/>\n<meta property=\"og:site_name\" content=\"Zeytinburnu Belediyesi\" \/>\n<meta property=\"article:publisher\" content=\"https:\/\/web.facebook.com\/zeytinburnubld\/\" \/>\n<meta property=\"article:author\" content=\"https:\/\/www.facebook.com\/zeytinburnubld\" \/>\n<meta property=\"article:published_time\" content=\"2025-06-19T10:21:15+00:00\" \/>\n<meta property=\"article:modified_time\" content=\"2025-06-19T10:23:04+00:00\" \/>\n<meta property=\"og:image\" content=\"https:\/\/zeytinburnu.istanbul\/wp-content\/uploads\/2025\/06\/Tip_Festivali_Acilis-10.jpg\" \/>\n\t<meta property=\"og:image:width\" content=\"1200\" \/>\n\t<meta property=\"og:image:height\" content=\"800\" \/>\n\t<meta property=\"og:image:type\" content=\"image\/jpeg\" \/>\n<meta name=\"author\" content=\"Eren Ayd\u0131n\" \/>\n<meta name=\"twitter:card\" content=\"summary_large_image\" \/>\n<meta name=\"twitter:creator\" content=\"@zeytinburnubld\" \/>\n<meta name=\"twitter:site\" content=\"@zeytinburnubld\" \/>\n<meta name=\"twitter:label1\" content=\"Yazan:\" \/>\n\t<meta name=\"twitter:data1\" content=\"Eren Ayd\u0131n\" \/>\n\t<meta name=\"twitter:label2\" content=\"Tahmini okuma s\u00fcresi\" \/>\n\t<meta name=\"twitter:data2\" content=\"2 dakika\" \/>\n<script type=\"application\/ld+json\" class=\"yoast-schema-graph\">{\"@context\":\"https:\/\/schema.org\",\"@graph\":[{\"@type\":\"WebPage\",\"@id\":\"https:\/\/zeytinburnu.istanbul\/haberler\/26-merkezefendi-geleneksel-tip-festivali-mesir-macunu-dagitimi-ve-ugur-isilak-konseriyle-basladi\/\",\"url\":\"https:\/\/zeytinburnu.istanbul\/haberler\/26-merkezefendi-geleneksel-tip-festivali-mesir-macunu-dagitimi-ve-ugur-isilak-konseriyle-basladi\/\",\"name\":\"26. Merkezefendi Geleneksel T\u0131p Festivali Mesir Macunu Da\u011f\u0131t\u0131m\u0131 ve U\u011fur I\u015f\u0131lak Konseriyle Ba\u015flad\u0131 - Zeytinburnu Belediyesi\",\"isPartOf\":{\"@id\":\"https:\/\/zeytinburnu.istanbul\/#website\"},\"datePublished\":\"2025-06-19T10:21:15+00:00\",\"dateModified\":\"2025-06-19T10:23:04+00:00\",\"author\":{\"@id\":\"https:\/\/zeytinburnu.istanbul\/#\/schema\/person\/24bcc637eac604ad08cf78355fa7d7b9\"},\"breadcrumb\":{\"@id\":\"https:\/\/zeytinburnu.istanbul\/haberler\/26-merkezefendi-geleneksel-tip-festivali-mesir-macunu-dagitimi-ve-ugur-isilak-konseriyle-basladi\/#breadcrumb\"},\"inLanguage\":\"tr\",\"potentialAction\":[{\"@type\":\"ReadAction\",\"target\":[\"https:\/\/zeytinburnu.istanbul\/haberler\/26-merkezefendi-geleneksel-tip-festivali-mesir-macunu-dagitimi-ve-ugur-isilak-konseriyle-basladi\/\"]}]},{\"@type\":\"BreadcrumbList\",\"@id\":\"https:\/\/zeytinburnu.istanbul\/haberler\/26-merkezefendi-geleneksel-tip-festivali-mesir-macunu-dagitimi-ve-ugur-isilak-konseriyle-basladi\/#breadcrumb\",\"itemListElement\":[{\"@type\":\"ListItem\",\"position\":1,\"name\":\"Anasayfa\",\"item\":\"https:\/\/zeytinburnu.istanbul\/\"},{\"@type\":\"ListItem\",\"position\":2,\"name\":\"26. Merkezefendi Geleneksel T\u0131p Festivali Mesir Macunu Da\u011f\u0131t\u0131m\u0131 ve U\u011fur I\u015f\u0131lak Konseriyle Ba\u015flad\u0131\"}]},{\"@type\":\"WebSite\",\"@id\":\"https:\/\/zeytinburnu.istanbul\/#website\",\"url\":\"https:\/\/zeytinburnu.istanbul\/\",\"name\":\"Zeytinburnu Belediyesi\",\"description\":\"\",\"potentialAction\":[{\"@type\":\"SearchAction\",\"target\":{\"@type\":\"EntryPoint\",\"urlTemplate\":\"https:\/\/zeytinburnu.istanbul\/?s={search_term_string}\"},\"query-input\":\"required name=search_term_string\"}],\"inLanguage\":\"tr\"},{\"@type\":\"Person\",\"@id\":\"https:\/\/zeytinburnu.istanbul\/#\/schema\/person\/24bcc637eac604ad08cf78355fa7d7b9\",\"name\":\"Eren Ayd\u0131n\",\"image\":{\"@type\":\"ImageObject\",\"inLanguage\":\"tr\",\"@id\":\"https:\/\/zeytinburnu.istanbul\/#\/schema\/person\/image\/\",\"url\":\"https:\/\/secure.gravatar.com\/avatar\/9865f24b5acb1e592f0a805ec7e43716?s=96&d=mm&r=g\",\"contentUrl\":\"https:\/\/secure.gravatar.com\/avatar\/9865f24b5acb1e592f0a805ec7e43716?s=96&d=mm&r=g\",\"caption\":\"Eren Ayd\u0131n\"},\"description\":\"\u0130nsanlar\u0131n ya\u015famaktan mutlu oldu\u011fu, kendilerini g\u00fcvende hissetti\u011fi, kabiliyetlerini geli\u015ftirebildi\u011fi, \u00e7ocuklar\u0131n\u0131 gelece\u011fin d\u00fcnyas\u0131na haz\u0131rlad\u0131\u011f\u0131; bilgeli\u011fin, sanat\u0131n ve ticaretin \u015fehri Zeytinburnu. Zeytinburnu\u2019nda ya\u015fayan ailelere; \u0130stanbul\u2019un tarihi, k\u00fclt\u00fcr\u00fc ve ekonomisiyle b\u00fct\u00fcnle\u015fen, zenginlik ve de\u011ferlerini payla\u015fan huzurlu bir \u015fehir hayat\u0131 sa\u011flamak.\",\"sameAs\":[\"https:\/\/zeytinburnu.istanbul\/\",\"https:\/\/www.facebook.com\/zeytinburnubld\",\"https:\/\/www.instagram.com\/zeytinburnubld\/\",\"https:\/\/tr.linkedin.com\/company\/zeytinburnu-belediyesi\",\"https:\/\/twitter.com\/zeytinburnubld\",\"https:\/\/www.youtube.com\/c\/ZeytinburnuBld\",\"https:\/\/tr.wikipedia.org\/wiki\/Zeytinburnu\"],\"url\":\"https:\/\/zeytinburnu.istanbul\/author\/erenaydin\/\"}]}<\/script>\n<!-- \/ Yoast SEO plugin. -->","yoast_head_json":{"title":"26. Merkezefendi Geleneksel T\u0131p Festivali Mesir Macunu Da\u011f\u0131t\u0131m\u0131 ve U\u011fur I\u015f\u0131lak Konseriyle Ba\u015flad\u0131 - Zeytinburnu Belediyesi","robots":{"index":"index","follow":"follow","max-snippet":"max-snippet:-1","max-image-preview":"max-image-preview:large","max-video-preview":"max-video-preview:-1"},"canonical":"https:\/\/zeytinburnu.istanbul\/haberler\/26-merkezefendi-geleneksel-tip-festivali-mesir-macunu-dagitimi-ve-ugur-isilak-konseriyle-basladi\/","og_locale":"tr_TR","og_type":"article","og_title":"26. Merkezefendi Geleneksel T\u0131p Festivali Mesir Macunu Da\u011f\u0131t\u0131m\u0131 ve U\u011fur I\u015f\u0131lak Konseriyle Ba\u015flad\u0131 - Zeytinburnu Belediyesi","og_description":"Zeytinburnu Belediyesi taraf\u0131ndan d\u00fczenlenen 26. Merkezefendi Geleneksel T\u0131p Festivali ba\u015flad\u0131. 5 g\u00fcn boyunca bir\u00e7ok etkinli\u011fe ev sahipli\u011fi yapacak festivalin a\u00e7\u0131l\u0131\u015f t\u00f6reninde \u0130stanbul Valisi Davut G\u00fcl ve Zeytinburnu Belediye Ba\u015fkan\u0131 \u00d6mer Ar\u0131soy vatanda\u015flara mesir macunu da\u011f\u0131tt\u0131. Festivalin a\u00e7\u0131l\u0131\u015f gecesinde sanat\u00e7\u0131 U\u011fur I\u015f\u0131lak sahne ald\u0131. Merkezefendi Millet K\u0131raathanesi yan\u0131ndaki Merkezefendi Festival Alan\u0131&#8216;nda d\u00fczenlenen mesir macunu da\u011f\u0131t\u0131m etkinli\u011finde [&hellip;]","og_url":"https:\/\/zeytinburnu.istanbul\/haberler\/26-merkezefendi-geleneksel-tip-festivali-mesir-macunu-dagitimi-ve-ugur-isilak-konseriyle-basladi\/","og_site_name":"Zeytinburnu Belediyesi","article_publisher":"https:\/\/web.facebook.com\/zeytinburnubld\/","article_author":"https:\/\/www.facebook.com\/zeytinburnubld","article_published_time":"2025-06-19T10:21:15+00:00","article_modified_time":"2025-06-19T10:23:04+00:00","og_image":[{"width":1200,"height":800,"url":"https:\/\/zeytinburnu.istanbul\/wp-content\/uploads\/2025\/06\/Tip_Festivali_Acilis-10.jpg","type":"image\/jpeg"}],"author":"Eren Ayd\u0131n","twitter_card":"summary_large_image","twitter_creator":"@zeytinburnubld","twitter_site":"@zeytinburnubld","twitter_misc":{"Yazan:":"Eren Ayd\u0131n","Tahmini okuma s\u00fcresi":"2 dakika"},"schema":{"@context":"https:\/\/schema.org","@graph":[{"@type":"WebPage","@id":"https:\/\/zeytinburnu.istanbul\/haberler\/26-merkezefendi-geleneksel-tip-festivali-mesir-macunu-dagitimi-ve-ugur-isilak-konseriyle-basladi\/","url":"https:\/\/zeytinburnu.istanbul\/haberler\/26-merkezefendi-geleneksel-tip-festivali-mesir-macunu-dagitimi-ve-ugur-isilak-konseriyle-basladi\/","name":"26. Merkezefendi Geleneksel T\u0131p Festivali Mesir Macunu Da\u011f\u0131t\u0131m\u0131 ve U\u011fur I\u015f\u0131lak Konseriyle Ba\u015flad\u0131 - Zeytinburnu Belediyesi","isPartOf":{"@id":"https:\/\/zeytinburnu.istanbul\/#website"},"datePublished":"2025-06-19T10:21:15+00:00","dateModified":"2025-06-19T10:23:04+00:00","author":{"@id":"https:\/\/zeytinburnu.istanbul\/#\/schema\/person\/24bcc637eac604ad08cf78355fa7d7b9"},"breadcrumb":{"@id":"https:\/\/zeytinburnu.istanbul\/haberler\/26-merkezefendi-geleneksel-tip-festivali-mesir-macunu-dagitimi-ve-ugur-isilak-konseriyle-basladi\/#breadcrumb"},"inLanguage":"tr","potentialAction":[{"@type":"ReadAction","target":["https:\/\/zeytinburnu.istanbul\/haberler\/26-merkezefendi-geleneksel-tip-festivali-mesir-macunu-dagitimi-ve-ugur-isilak-konseriyle-basladi\/"]}]},{"@type":"BreadcrumbList","@id":"https:\/\/zeytinburnu.istanbul\/haberler\/26-merkezefendi-geleneksel-tip-festivali-mesir-macunu-dagitimi-ve-ugur-isilak-konseriyle-basladi\/#breadcrumb","itemListElement":[{"@type":"ListItem","position":1,"name":"Anasayfa","item":"https:\/\/zeytinburnu.istanbul\/"},{"@type":"ListItem","position":2,"name":"26. Merkezefendi Geleneksel T\u0131p Festivali Mesir Macunu Da\u011f\u0131t\u0131m\u0131 ve U\u011fur I\u015f\u0131lak Konseriyle Ba\u015flad\u0131"}]},{"@type":"WebSite","@id":"https:\/\/zeytinburnu.istanbul\/#website","url":"https:\/\/zeytinburnu.istanbul\/","name":"Zeytinburnu Belediyesi","description":"","potentialAction":[{"@type":"SearchAction","target":{"@type":"EntryPoint","urlTemplate":"https:\/\/zeytinburnu.istanbul\/?s={search_term_string}"},"query-input":"required name=search_term_string"}],"inLanguage":"tr"},{"@type":"Person","@id":"https:\/\/zeytinburnu.istanbul\/#\/schema\/person\/24bcc637eac604ad08cf78355fa7d7b9","name":"Eren Ayd\u0131n","image":{"@type":"ImageObject","inLanguage":"tr","@id":"https:\/\/zeytinburnu.istanbul\/#\/schema\/person\/image\/","url":"https:\/\/secure.gravatar.com\/avatar\/9865f24b5acb1e592f0a805ec7e43716?s=96&d=mm&r=g","contentUrl":"https:\/\/secure.gravatar.com\/avatar\/9865f24b5acb1e592f0a805ec7e43716?s=96&d=mm&r=g","caption":"Eren Ayd\u0131n"},"description":"\u0130nsanlar\u0131n ya\u015famaktan mutlu oldu\u011fu, kendilerini g\u00fcvende hissetti\u011fi, kabiliyetlerini geli\u015ftirebildi\u011fi, \u00e7ocuklar\u0131n\u0131 gelece\u011fin d\u00fcnyas\u0131na haz\u0131rlad\u0131\u011f\u0131; bilgeli\u011fin, sanat\u0131n ve ticaretin \u015fehri Zeytinburnu. Zeytinburnu\u2019nda ya\u015fayan ailelere; \u0130stanbul\u2019un tarihi, k\u00fclt\u00fcr\u00fc ve ekonomisiyle b\u00fct\u00fcnle\u015fen, zenginlik ve de\u011ferlerini payla\u015fan huzurlu bir \u015fehir hayat\u0131 sa\u011flamak.","sameAs":["https:\/\/zeytinburnu.istanbul\/","https:\/\/www.facebook.com\/zeytinburnubld","https:\/\/www.instagram.com\/zeytinburnubld\/","https:\/\/tr.linkedin.com\/company\/zeytinburnu-belediyesi","https:\/\/twitter.com\/zeytinburnubld","https:\/\/www.youtube.com\/c\/ZeytinburnuBld","https:\/\/tr.wikipedia.org\/wiki\/Zeytinburnu"],"url":"https:\/\/zeytinburnu.istanbul\/author\/erenaydin\/"}]}},"meta_data":{"spot_ozet_metin":"Zeytinburnu\u2019nda 26\u2019nc\u0131s\u0131 d\u00fczenlenen ve 5 g\u00fcn boyunca \u00e7e\u015fitli etkinliklerle devam edecek olan Merkezefendi T\u0131p Festivali, geleneksel Mesir Macunu da\u011f\u0131t\u0131m\u0131 ve U\u011fur I\u015f\u0131lak konseriyle ba\u015flad\u0131.","sidebar_tipi":"varsayilan","haber_tarihi":"19 Haziran 2025","haber_saati":"13:20","yayindan_cikis_tarihi":"","ikincil_gorsel":{"ID":67156,"id":67156,"title":"T\u0131p_Festivali_Acilis (5)","filename":"Tip_Festivali_Acilis-5.jpg","filesize":642859,"url":"https:\/\/zeytinburnu.istanbul\/wp-content\/uploads\/2025\/06\/Tip_Festivali_Acilis-5.jpg","link":"https:\/\/zeytinburnu.istanbul\/haberler\/26-merkezefendi-geleneksel-tip-festivali-mesir-macunu-dagitimi-ve-ugur-isilak-konseriyle-basladi\/attachment\/tip_festivali_acilis-5\/","alt":"","author":"7","description":"","caption":"","name":"tip_festivali_acilis-5","status":"inherit","uploaded_to":67151,"date":"2025-06-19 10:19:52","modified":"2025-06-19 10:19:52","menu_order":0,"mime_type":"image\/jpeg","type":"image","subtype":"jpeg","icon":"https:\/\/zeytinburnu.istanbul\/wp-includes\/images\/media\/default.png","width":1200,"height":800,"sizes":{"thumbnail":"https:\/\/zeytinburnu.istanbul\/wp-content\/uploads\/2025\/06\/Tip_Festivali_Acilis-5.jpg","thumbnail-width":720,"thumbnail-height":480,"medium":"https:\/\/zeytinburnu.istanbul\/wp-content\/uploads\/2025\/06\/Tip_Festivali_Acilis-5.jpg","medium-width":960,"medium-height":640,"medium_large":"https:\/\/zeytinburnu.istanbul\/wp-content\/uploads\/2025\/06\/Tip_Festivali_Acilis-5.jpg","medium_large-width":768,"medium_large-height":512,"large":"https:\/\/zeytinburnu.istanbul\/wp-content\/uploads\/2025\/06\/Tip_Festivali_Acilis-5.jpg","large-width":1200,"large-height":800,"1536x1536":"https:\/\/zeytinburnu.istanbul\/wp-content\/uploads\/2025\/06\/Tip_Festivali_Acilis-5.jpg","1536x1536-width":1200,"1536x1536-height":800,"2048x2048":"https:\/\/zeytinburnu.istanbul\/wp-content\/uploads\/2025\/06\/Tip_Festivali_Acilis-5.jpg","2048x2048-width":1200,"2048x2048-height":800}},"youtube_video_id":"","vimeo_video_id":"","video_dosya":false,"ekler":false,"galeri_basligi":"26. Merkezefendi Geleneksel T\u0131p Festivali Mesir Macunu Da\u011f\u0131t\u0131m\u0131 ve U\u011fur I\u015f\u0131lak Konseriyle Ba\u015flad\u0131","galeri":[{"ID":67152,"id":67152,"title":"T\u0131p_Festivali_Acilis (1)","filename":"Tip_Festivali_Acilis-1.jpg","filesize":736535,"url":"https:\/\/zeytinburnu.istanbul\/wp-content\/uploads\/2025\/06\/Tip_Festivali_Acilis-1.jpg","link":"https:\/\/zeytinburnu.istanbul\/haberler\/26-merkezefendi-geleneksel-tip-festivali-mesir-macunu-dagitimi-ve-ugur-isilak-konseriyle-basladi\/attachment\/tip_festivali_acilis-1\/","alt":"","author":"7","description":"","caption":"","name":"tip_festivali_acilis-1","status":"inherit","uploaded_to":67151,"date":"2025-06-19 10:19:46","modified":"2025-06-19 10:19:46","menu_order":0,"mime_type":"image\/jpeg","type":"image","subtype":"jpeg","icon":"https:\/\/zeytinburnu.istanbul\/wp-includes\/images\/media\/default.png","width":1200,"height":800,"sizes":{"thumbnail":"https:\/\/zeytinburnu.istanbul\/wp-content\/uploads\/2025\/06\/Tip_Festivali_Acilis-1.jpg","thumbnail-width":720,"thumbnail-height":480,"medium":"https:\/\/zeytinburnu.istanbul\/wp-content\/uploads\/2025\/06\/Tip_Festivali_Acilis-1.jpg","medium-width":960,"medium-height":640,"medium_large":"https:\/\/zeytinburnu.istanbul\/wp-content\/uploads\/2025\/06\/Tip_Festivali_Acilis-1.jpg","medium_large-width":768,"medium_large-height":512,"large":"https:\/\/zeytinburnu.istanbul\/wp-content\/uploads\/2025\/06\/Tip_Festivali_Acilis-1.jpg","large-width":1200,"large-height":800,"1536x1536":"https:\/\/zeytinburnu.istanbul\/wp-content\/uploads\/2025\/06\/Tip_Festivali_Acilis-1.jpg","1536x1536-width":1200,"1536x1536-height":800,"2048x2048":"https:\/\/zeytinburnu.istanbul\/wp-content\/uploads\/2025\/06\/Tip_Festivali_Acilis-1.jpg","2048x2048-width":1200,"2048x2048-height":800}},{"ID":67153,"id":67153,"title":"T\u0131p_Festivali_Acilis (2)","filename":"Tip_Festivali_Acilis-2.jpg","filesize":698745,"url":"https:\/\/zeytinburnu.istanbul\/wp-content\/uploads\/2025\/06\/Tip_Festivali_Acilis-2.jpg","link":"https:\/\/zeytinburnu.istanbul\/haberler\/26-merkezefendi-geleneksel-tip-festivali-mesir-macunu-dagitimi-ve-ugur-isilak-konseriyle-basladi\/attachment\/tip_festivali_acilis-2\/","alt":"","author":"7","description":"","caption":"","name":"tip_festivali_acilis-2","status":"inherit","uploaded_to":67151,"date":"2025-06-19 10:19:48","modified":"2025-06-19 10:19:48","menu_order":0,"mime_type":"image\/jpeg","type":"image","subtype":"jpeg","icon":"https:\/\/zeytinburnu.istanbul\/wp-includes\/images\/media\/default.png","width":1200,"height":800,"sizes":{"thumbnail":"https:\/\/zeytinburnu.istanbul\/wp-content\/uploads\/2025\/06\/Tip_Festivali_Acilis-2.jpg","thumbnail-width":720,"thumbnail-height":480,"medium":"https:\/\/zeytinburnu.istanbul\/wp-content\/uploads\/2025\/06\/Tip_Festivali_Acilis-2.jpg","medium-width":960,"medium-height":640,"medium_large":"https:\/\/zeytinburnu.istanbul\/wp-content\/uploads\/2025\/06\/Tip_Festivali_Acilis-2.jpg","medium_large-width":768,"medium_large-height":512,"large":"https:\/\/zeytinburnu.istanbul\/wp-content\/uploads\/2025\/06\/Tip_Festivali_Acilis-2.jpg","large-width":1200,"large-height":800,"1536x1536":"https:\/\/zeytinburnu.istanbul\/wp-content\/uploads\/2025\/06\/Tip_Festivali_Acilis-2.jpg","1536x1536-width":1200,"1536x1536-height":800,"2048x2048":"https:\/\/zeytinburnu.istanbul\/wp-content\/uploads\/2025\/06\/Tip_Festivali_Acilis-2.jpg","2048x2048-width":1200,"2048x2048-height":800}},{"ID":67155,"id":67155,"title":"T\u0131p_Festivali_Acilis (4)","filename":"Tip_Festivali_Acilis-4.jpg","filesize":789400,"url":"https:\/\/zeytinburnu.istanbul\/wp-content\/uploads\/2025\/06\/Tip_Festivali_Acilis-4.jpg","link":"https:\/\/zeytinburnu.istanbul\/haberler\/26-merkezefendi-geleneksel-tip-festivali-mesir-macunu-dagitimi-ve-ugur-isilak-konseriyle-basladi\/attachment\/tip_festivali_acilis-4\/","alt":"","author":"7","description":"","caption":"","name":"tip_festivali_acilis-4","status":"inherit","uploaded_to":67151,"date":"2025-06-19 10:19:50","modified":"2025-06-19 10:19:50","menu_order":0,"mime_type":"image\/jpeg","type":"image","subtype":"jpeg","icon":"https:\/\/zeytinburnu.istanbul\/wp-includes\/images\/media\/default.png","width":1200,"height":800,"sizes":{"thumbnail":"https:\/\/zeytinburnu.istanbul\/wp-content\/uploads\/2025\/06\/Tip_Festivali_Acilis-4.jpg","thumbnail-width":720,"thumbnail-height":480,"medium":"https:\/\/zeytinburnu.istanbul\/wp-content\/uploads\/2025\/06\/Tip_Festivali_Acilis-4.jpg","medium-width":960,"medium-height":640,"medium_large":"https:\/\/zeytinburnu.istanbul\/wp-content\/uploads\/2025\/06\/Tip_Festivali_Acilis-4.jpg","medium_large-width":768,"medium_large-height":512,"large":"https:\/\/zeytinburnu.istanbul\/wp-content\/uploads\/2025\/06\/Tip_Festivali_Acilis-4.jpg","large-width":1200,"large-height":800,"1536x1536":"https:\/\/zeytinburnu.istanbul\/wp-content\/uploads\/2025\/06\/Tip_Festivali_Acilis-4.jpg","1536x1536-width":1200,"1536x1536-height":800,"2048x2048":"https:\/\/zeytinburnu.istanbul\/wp-content\/uploads\/2025\/06\/Tip_Festivali_Acilis-4.jpg","2048x2048-width":1200,"2048x2048-height":800}},{"ID":67154,"id":67154,"title":"T\u0131p_Festivali_Acilis (3)","filename":"Tip_Festivali_Acilis-3.jpg","filesize":619732,"url":"https:\/\/zeytinburnu.istanbul\/wp-content\/uploads\/2025\/06\/Tip_Festivali_Acilis-3.jpg","link":"https:\/\/zeytinburnu.istanbul\/haberler\/26-merkezefendi-geleneksel-tip-festivali-mesir-macunu-dagitimi-ve-ugur-isilak-konseriyle-basladi\/attachment\/tip_festivali_acilis-3\/","alt":"","author":"7","description":"","caption":"","name":"tip_festivali_acilis-3","status":"inherit","uploaded_to":67151,"date":"2025-06-19 10:19:49","modified":"2025-06-19 10:19:49","menu_order":0,"mime_type":"image\/jpeg","type":"image","subtype":"jpeg","icon":"https:\/\/zeytinburnu.istanbul\/wp-includes\/images\/media\/default.png","width":1200,"height":800,"sizes":{"thumbnail":"https:\/\/zeytinburnu.istanbul\/wp-content\/uploads\/2025\/06\/Tip_Festivali_Acilis-3.jpg","thumbnail-width":720,"thumbnail-height":480,"medium":"https:\/\/zeytinburnu.istanbul\/wp-content\/uploads\/2025\/06\/Tip_Festivali_Acilis-3.jpg","medium-width":960,"medium-height":640,"medium_large":"https:\/\/zeytinburnu.istanbul\/wp-content\/uploads\/2025\/06\/Tip_Festivali_Acilis-3.jpg","medium_large-width":768,"medium_large-height":512,"large":"https:\/\/zeytinburnu.istanbul\/wp-content\/uploads\/2025\/06\/Tip_Festivali_Acilis-3.jpg","large-width":1200,"large-height":800,"1536x1536":"https:\/\/zeytinburnu.istanbul\/wp-content\/uploads\/2025\/06\/Tip_Festivali_Acilis-3.jpg","1536x1536-width":1200,"1536x1536-height":800,"2048x2048":"https:\/\/zeytinburnu.istanbul\/wp-content\/uploads\/2025\/06\/Tip_Festivali_Acilis-3.jpg","2048x2048-width":1200,"2048x2048-height":800}},{"ID":67159,"id":67159,"title":"T\u0131p_Festivali_Acilis (8)","filename":"Tip_Festivali_Acilis-8.jpg","filesize":1518804,"url":"https:\/\/zeytinburnu.istanbul\/wp-content\/uploads\/2025\/06\/Tip_Festivali_Acilis-8.jpg","link":"https:\/\/zeytinburnu.istanbul\/haberler\/26-merkezefendi-geleneksel-tip-festivali-mesir-macunu-dagitimi-ve-ugur-isilak-konseriyle-basladi\/attachment\/tip_festivali_acilis-8\/","alt":"","author":"7","description":"","caption":"","name":"tip_festivali_acilis-8","status":"inherit","uploaded_to":67151,"date":"2025-06-19 10:19:56","modified":"2025-06-19 10:19:56","menu_order":0,"mime_type":"image\/jpeg","type":"image","subtype":"jpeg","icon":"https:\/\/zeytinburnu.istanbul\/wp-includes\/images\/media\/default.png","width":1200,"height":800,"sizes":{"thumbnail":"https:\/\/zeytinburnu.istanbul\/wp-content\/uploads\/2025\/06\/Tip_Festivali_Acilis-8.jpg","thumbnail-width":720,"thumbnail-height":480,"medium":"https:\/\/zeytinburnu.istanbul\/wp-content\/uploads\/2025\/06\/Tip_Festivali_Acilis-8.jpg","medium-width":960,"medium-height":640,"medium_large":"https:\/\/zeytinburnu.istanbul\/wp-content\/uploads\/2025\/06\/Tip_Festivali_Acilis-8.jpg","medium_large-width":768,"medium_large-height":512,"large":"https:\/\/zeytinburnu.istanbul\/wp-content\/uploads\/2025\/06\/Tip_Festivali_Acilis-8.jpg","large-width":1200,"large-height":800,"1536x1536":"https:\/\/zeytinburnu.istanbul\/wp-content\/uploads\/2025\/06\/Tip_Festivali_Acilis-8.jpg","1536x1536-width":1200,"1536x1536-height":800,"2048x2048":"https:\/\/zeytinburnu.istanbul\/wp-content\/uploads\/2025\/06\/Tip_Festivali_Acilis-8.jpg","2048x2048-width":1200,"2048x2048-height":800}},{"ID":67157,"id":67157,"title":"T\u0131p_Festivali_Acilis (6)","filename":"Tip_Festivali_Acilis-6.jpg","filesize":929619,"url":"https:\/\/zeytinburnu.istanbul\/wp-content\/uploads\/2025\/06\/Tip_Festivali_Acilis-6.jpg","link":"https:\/\/zeytinburnu.istanbul\/haberler\/26-merkezefendi-geleneksel-tip-festivali-mesir-macunu-dagitimi-ve-ugur-isilak-konseriyle-basladi\/attachment\/tip_festivali_acilis-6\/","alt":"","author":"7","description":"","caption":"","name":"tip_festivali_acilis-6","status":"inherit","uploaded_to":67151,"date":"2025-06-19 10:19:53","modified":"2025-06-19 10:19:53","menu_order":0,"mime_type":"image\/jpeg","type":"image","subtype":"jpeg","icon":"https:\/\/zeytinburnu.istanbul\/wp-includes\/images\/media\/default.png","width":1200,"height":800,"sizes":{"thumbnail":"https:\/\/zeytinburnu.istanbul\/wp-content\/uploads\/2025\/06\/Tip_Festivali_Acilis-6.jpg","thumbnail-width":720,"thumbnail-height":480,"medium":"https:\/\/zeytinburnu.istanbul\/wp-content\/uploads\/2025\/06\/Tip_Festivali_Acilis-6.jpg","medium-width":960,"medium-height":640,"medium_large":"https:\/\/zeytinburnu.istanbul\/wp-content\/uploads\/2025\/06\/Tip_Festivali_Acilis-6.jpg","medium_large-width":768,"medium_large-height":512,"large":"https:\/\/zeytinburnu.istanbul\/wp-content\/uploads\/2025\/06\/Tip_Festivali_Acilis-6.jpg","large-width":1200,"large-height":800,"1536x1536":"https:\/\/zeytinburnu.istanbul\/wp-content\/uploads\/2025\/06\/Tip_Festivali_Acilis-6.jpg","1536x1536-width":1200,"1536x1536-height":800,"2048x2048":"https:\/\/zeytinburnu.istanbul\/wp-content\/uploads\/2025\/06\/Tip_Festivali_Acilis-6.jpg","2048x2048-width":1200,"2048x2048-height":800}},{"ID":67160,"id":67160,"title":"T\u0131p_Festivali_Acilis (9)","filename":"Tip_Festivali_Acilis-9.jpg","filesize":1183174,"url":"https:\/\/zeytinburnu.istanbul\/wp-content\/uploads\/2025\/06\/Tip_Festivali_Acilis-9.jpg","link":"https:\/\/zeytinburnu.istanbul\/haberler\/26-merkezefendi-geleneksel-tip-festivali-mesir-macunu-dagitimi-ve-ugur-isilak-konseriyle-basladi\/attachment\/tip_festivali_acilis-9\/","alt":"","author":"7","description":"","caption":"","name":"tip_festivali_acilis-9","status":"inherit","uploaded_to":67151,"date":"2025-06-19 10:19:57","modified":"2025-06-19 10:19:57","menu_order":0,"mime_type":"image\/jpeg","type":"image","subtype":"jpeg","icon":"https:\/\/zeytinburnu.istanbul\/wp-includes\/images\/media\/default.png","width":1200,"height":800,"sizes":{"thumbnail":"https:\/\/zeytinburnu.istanbul\/wp-content\/uploads\/2025\/06\/Tip_Festivali_Acilis-9.jpg","thumbnail-width":720,"thumbnail-height":480,"medium":"https:\/\/zeytinburnu.istanbul\/wp-content\/uploads\/2025\/06\/Tip_Festivali_Acilis-9.jpg","medium-width":960,"medium-height":640,"medium_large":"https:\/\/zeytinburnu.istanbul\/wp-content\/uploads\/2025\/06\/Tip_Festivali_Acilis-9.jpg","medium_large-width":768,"medium_large-height":512,"large":"https:\/\/zeytinburnu.istanbul\/wp-content\/uploads\/2025\/06\/Tip_Festivali_Acilis-9.jpg","large-width":1200,"large-height":800,"1536x1536":"https:\/\/zeytinburnu.istanbul\/wp-content\/uploads\/2025\/06\/Tip_Festivali_Acilis-9.jpg","1536x1536-width":1200,"1536x1536-height":800,"2048x2048":"https:\/\/zeytinburnu.istanbul\/wp-content\/uploads\/2025\/06\/Tip_Festivali_Acilis-9.jpg","2048x2048-width":1200,"2048x2048-height":800}},{"ID":67162,"id":67162,"title":"T\u0131p_Festivali_Acilis (11)","filename":"Tip_Festivali_Acilis-11.jpg","filesize":863121,"url":"https:\/\/zeytinburnu.istanbul\/wp-content\/uploads\/2025\/06\/Tip_Festivali_Acilis-11.jpg","link":"https:\/\/zeytinburnu.istanbul\/haberler\/26-merkezefendi-geleneksel-tip-festivali-mesir-macunu-dagitimi-ve-ugur-isilak-konseriyle-basladi\/attachment\/tip_festivali_acilis-11\/","alt":"","author":"7","description":"","caption":"","name":"tip_festivali_acilis-11","status":"inherit","uploaded_to":67151,"date":"2025-06-19 10:20:00","modified":"2025-06-19 10:20:00","menu_order":0,"mime_type":"image\/jpeg","type":"image","subtype":"jpeg","icon":"https:\/\/zeytinburnu.istanbul\/wp-includes\/images\/media\/default.png","width":1200,"height":800,"sizes":{"thumbnail":"https:\/\/zeytinburnu.istanbul\/wp-content\/uploads\/2025\/06\/Tip_Festivali_Acilis-11.jpg","thumbnail-width":720,"thumbnail-height":480,"medium":"https:\/\/zeytinburnu.istanbul\/wp-content\/uploads\/2025\/06\/Tip_Festivali_Acilis-11.jpg","medium-width":960,"medium-height":640,"medium_large":"https:\/\/zeytinburnu.istanbul\/wp-content\/uploads\/2025\/06\/Tip_Festivali_Acilis-11.jpg","medium_large-width":768,"medium_large-height":512,"large":"https:\/\/zeytinburnu.istanbul\/wp-content\/uploads\/2025\/06\/Tip_Festivali_Acilis-11.jpg","large-width":1200,"large-height":800,"1536x1536":"https:\/\/zeytinburnu.istanbul\/wp-content\/uploads\/2025\/06\/Tip_Festivali_Acilis-11.jpg","1536x1536-width":1200,"1536x1536-height":800,"2048x2048":"https:\/\/zeytinburnu.istanbul\/wp-content\/uploads\/2025\/06\/Tip_Festivali_Acilis-11.jpg","2048x2048-width":1200,"2048x2048-height":800}},{"ID":67161,"id":67161,"title":"T\u0131p_Festivali_Acilis (10)","filename":"Tip_Festivali_Acilis-10.jpg","filesize":819488,"url":"https:\/\/zeytinburnu.istanbul\/wp-content\/uploads\/2025\/06\/Tip_Festivali_Acilis-10.jpg","link":"https:\/\/zeytinburnu.istanbul\/haberler\/26-merkezefendi-geleneksel-tip-festivali-mesir-macunu-dagitimi-ve-ugur-isilak-konseriyle-basladi\/attachment\/tip_festivali_acilis-10\/","alt":"","author":"7","description":"","caption":"","name":"tip_festivali_acilis-10","status":"inherit","uploaded_to":67151,"date":"2025-06-19 10:19:58","modified":"2025-06-19 10:19:58","menu_order":0,"mime_type":"image\/jpeg","type":"image","subtype":"jpeg","icon":"https:\/\/zeytinburnu.istanbul\/wp-includes\/images\/media\/default.png","width":1200,"height":800,"sizes":{"thumbnail":"https:\/\/zeytinburnu.istanbul\/wp-content\/uploads\/2025\/06\/Tip_Festivali_Acilis-10.jpg","thumbnail-width":720,"thumbnail-height":480,"medium":"https:\/\/zeytinburnu.istanbul\/wp-content\/uploads\/2025\/06\/Tip_Festivali_Acilis-10.jpg","medium-width":960,"medium-height":640,"medium_large":"https:\/\/zeytinburnu.istanbul\/wp-content\/uploads\/2025\/06\/Tip_Festivali_Acilis-10.jpg","medium_large-width":768,"medium_large-height":512,"large":"https:\/\/zeytinburnu.istanbul\/wp-content\/uploads\/2025\/06\/Tip_Festivali_Acilis-10.jpg","large-width":1200,"large-height":800,"1536x1536":"https:\/\/zeytinburnu.istanbul\/wp-content\/uploads\/2025\/06\/Tip_Festivali_Acilis-10.jpg","1536x1536-width":1200,"1536x1536-height":800,"2048x2048":"https:\/\/zeytinburnu.istanbul\/wp-content\/uploads\/2025\/06\/Tip_Festivali_Acilis-10.jpg","2048x2048-width":1200,"2048x2048-height":800}},{"ID":67166,"id":67166,"title":"T\u0131p_Festivali_Acilis (15)","filename":"Tip_Festivali_Acilis-15.jpg","filesize":708351,"url":"https:\/\/zeytinburnu.istanbul\/wp-content\/uploads\/2025\/06\/Tip_Festivali_Acilis-15.jpg","link":"https:\/\/zeytinburnu.istanbul\/haberler\/26-merkezefendi-geleneksel-tip-festivali-mesir-macunu-dagitimi-ve-ugur-isilak-konseriyle-basladi\/attachment\/tip_festivali_acilis-15\/","alt":"","author":"7","description":"","caption":"","name":"tip_festivali_acilis-15","status":"inherit","uploaded_to":67151,"date":"2025-06-19 10:20:05","modified":"2025-06-19 10:20:05","menu_order":0,"mime_type":"image\/jpeg","type":"image","subtype":"jpeg","icon":"https:\/\/zeytinburnu.istanbul\/wp-includes\/images\/media\/default.png","width":1200,"height":800,"sizes":{"thumbnail":"https:\/\/zeytinburnu.istanbul\/wp-content\/uploads\/2025\/06\/Tip_Festivali_Acilis-15.jpg","thumbnail-width":720,"thumbnail-height":480,"medium":"https:\/\/zeytinburnu.istanbul\/wp-content\/uploads\/2025\/06\/Tip_Festivali_Acilis-15.jpg","medium-width":960,"medium-height":640,"medium_large":"https:\/\/zeytinburnu.istanbul\/wp-content\/uploads\/2025\/06\/Tip_Festivali_Acilis-15.jpg","medium_large-width":768,"medium_large-height":512,"large":"https:\/\/zeytinburnu.istanbul\/wp-content\/uploads\/2025\/06\/Tip_Festivali_Acilis-15.jpg","large-width":1200,"large-height":800,"1536x1536":"https:\/\/zeytinburnu.istanbul\/wp-content\/uploads\/2025\/06\/Tip_Festivali_Acilis-15.jpg","1536x1536-width":1200,"1536x1536-height":800,"2048x2048":"https:\/\/zeytinburnu.istanbul\/wp-content\/uploads\/2025\/06\/Tip_Festivali_Acilis-15.jpg","2048x2048-width":1200,"2048x2048-height":800}},{"ID":67163,"id":67163,"title":"T\u0131p_Festivali_Acilis (12)","filename":"Tip_Festivali_Acilis-12.jpg","filesize":998985,"url":"https:\/\/zeytinburnu.istanbul\/wp-content\/uploads\/2025\/06\/Tip_Festivali_Acilis-12.jpg","link":"https:\/\/zeytinburnu.istanbul\/haberler\/26-merkezefendi-geleneksel-tip-festivali-mesir-macunu-dagitimi-ve-ugur-isilak-konseriyle-basladi\/attachment\/tip_festivali_acilis-12\/","alt":"","author":"7","description":"","caption":"","name":"tip_festivali_acilis-12","status":"inherit","uploaded_to":67151,"date":"2025-06-19 10:20:01","modified":"2025-06-19 10:20:01","menu_order":0,"mime_type":"image\/jpeg","type":"image","subtype":"jpeg","icon":"https:\/\/zeytinburnu.istanbul\/wp-includes\/images\/media\/default.png","width":1200,"height":800,"sizes":{"thumbnail":"https:\/\/zeytinburnu.istanbul\/wp-content\/uploads\/2025\/06\/Tip_Festivali_Acilis-12.jpg","thumbnail-width":720,"thumbnail-height":480,"medium":"https:\/\/zeytinburnu.istanbul\/wp-content\/uploads\/2025\/06\/Tip_Festivali_Acilis-12.jpg","medium-width":960,"medium-height":640,"medium_large":"https:\/\/zeytinburnu.istanbul\/wp-content\/uploads\/2025\/06\/Tip_Festivali_Acilis-12.jpg","medium_large-width":768,"medium_large-height":512,"large":"https:\/\/zeytinburnu.istanbul\/wp-content\/uploads\/2025\/06\/Tip_Festivali_Acilis-12.jpg","large-width":1200,"large-height":800,"1536x1536":"https:\/\/zeytinburnu.istanbul\/wp-content\/uploads\/2025\/06\/Tip_Festivali_Acilis-12.jpg","1536x1536-width":1200,"1536x1536-height":800,"2048x2048":"https:\/\/zeytinburnu.istanbul\/wp-content\/uploads\/2025\/06\/Tip_Festivali_Acilis-12.jpg","2048x2048-width":1200,"2048x2048-height":800}},{"ID":67165,"id":67165,"title":"T\u0131p_Festivali_Acilis (14)","filename":"Tip_Festivali_Acilis-14.jpg","filesize":761604,"url":"https:\/\/zeytinburnu.istanbul\/wp-content\/uploads\/2025\/06\/Tip_Festivali_Acilis-14.jpg","link":"https:\/\/zeytinburnu.istanbul\/haberler\/26-merkezefendi-geleneksel-tip-festivali-mesir-macunu-dagitimi-ve-ugur-isilak-konseriyle-basladi\/attachment\/tip_festivali_acilis-14\/","alt":"","author":"7","description":"","caption":"","name":"tip_festivali_acilis-14","status":"inherit","uploaded_to":67151,"date":"2025-06-19 10:20:04","modified":"2025-06-19 10:20:04","menu_order":0,"mime_type":"image\/jpeg","type":"image","subtype":"jpeg","icon":"https:\/\/zeytinburnu.istanbul\/wp-includes\/images\/media\/default.png","width":1200,"height":800,"sizes":{"thumbnail":"https:\/\/zeytinburnu.istanbul\/wp-content\/uploads\/2025\/06\/Tip_Festivali_Acilis-14.jpg","thumbnail-width":720,"thumbnail-height":480,"medium":"https:\/\/zeytinburnu.istanbul\/wp-content\/uploads\/2025\/06\/Tip_Festivali_Acilis-14.jpg","medium-width":960,"medium-height":640,"medium_large":"https:\/\/zeytinburnu.istanbul\/wp-content\/uploads\/2025\/06\/Tip_Festivali_Acilis-14.jpg","medium_large-width":768,"medium_large-height":512,"large":"https:\/\/zeytinburnu.istanbul\/wp-content\/uploads\/2025\/06\/Tip_Festivali_Acilis-14.jpg","large-width":1200,"large-height":800,"1536x1536":"https:\/\/zeytinburnu.istanbul\/wp-content\/uploads\/2025\/06\/Tip_Festivali_Acilis-14.jpg","1536x1536-width":1200,"1536x1536-height":800,"2048x2048":"https:\/\/zeytinburnu.istanbul\/wp-content\/uploads\/2025\/06\/Tip_Festivali_Acilis-14.jpg","2048x2048-width":1200,"2048x2048-height":800}},{"ID":67164,"id":67164,"title":"T\u0131p_Festivali_Acilis (13)","filename":"Tip_Festivali_Acilis-13.jpg","filesize":577876,"url":"https:\/\/zeytinburnu.istanbul\/wp-content\/uploads\/2025\/06\/Tip_Festivali_Acilis-13.jpg","link":"https:\/\/zeytinburnu.istanbul\/haberler\/26-merkezefendi-geleneksel-tip-festivali-mesir-macunu-dagitimi-ve-ugur-isilak-konseriyle-basladi\/attachment\/tip_festivali_acilis-13\/","alt":"","author":"7","description":"","caption":"","name":"tip_festivali_acilis-13","status":"inherit","uploaded_to":67151,"date":"2025-06-19 10:20:02","modified":"2025-06-19 10:20:02","menu_order":0,"mime_type":"image\/jpeg","type":"image","subtype":"jpeg","icon":"https:\/\/zeytinburnu.istanbul\/wp-includes\/images\/media\/default.png","width":1200,"height":800,"sizes":{"thumbnail":"https:\/\/zeytinburnu.istanbul\/wp-content\/uploads\/2025\/06\/Tip_Festivali_Acilis-13.jpg","thumbnail-width":720,"thumbnail-height":480,"medium":"https:\/\/zeytinburnu.istanbul\/wp-content\/uploads\/2025\/06\/Tip_Festivali_Acilis-13.jpg","medium-width":960,"medium-height":640,"medium_large":"https:\/\/zeytinburnu.istanbul\/wp-content\/uploads\/2025\/06\/Tip_Festivali_Acilis-13.jpg","medium_large-width":768,"medium_large-height":512,"large":"https:\/\/zeytinburnu.istanbul\/wp-content\/uploads\/2025\/06\/Tip_Festivali_Acilis-13.jpg","large-width":1200,"large-height":800,"1536x1536":"https:\/\/zeytinburnu.istanbul\/wp-content\/uploads\/2025\/06\/Tip_Festivali_Acilis-13.jpg","1536x1536-width":1200,"1536x1536-height":800,"2048x2048":"https:\/\/zeytinburnu.istanbul\/wp-content\/uploads\/2025\/06\/Tip_Festivali_Acilis-13.jpg","2048x2048-width":1200,"2048x2048-height":800}},{"ID":67158,"id":67158,"title":"T\u0131p_Festivali_Acilis (7)","filename":"Tip_Festivali_Acilis-7.jpg","filesize":776891,"url":"https:\/\/zeytinburnu.istanbul\/wp-content\/uploads\/2025\/06\/Tip_Festivali_Acilis-7.jpg","link":"https:\/\/zeytinburnu.istanbul\/haberler\/26-merkezefendi-geleneksel-tip-festivali-mesir-macunu-dagitimi-ve-ugur-isilak-konseriyle-basladi\/attachment\/tip_festivali_acilis-7\/","alt":"","author":"7","description":"","caption":"","name":"tip_festivali_acilis-7","status":"inherit","uploaded_to":67151,"date":"2025-06-19 10:19:54","modified":"2025-06-19 10:19:54","menu_order":0,"mime_type":"image\/jpeg","type":"image","subtype":"jpeg","icon":"https:\/\/zeytinburnu.istanbul\/wp-includes\/images\/media\/default.png","width":1200,"height":800,"sizes":{"thumbnail":"https:\/\/zeytinburnu.istanbul\/wp-content\/uploads\/2025\/06\/Tip_Festivali_Acilis-7.jpg","thumbnail-width":720,"thumbnail-height":480,"medium":"https:\/\/zeytinburnu.istanbul\/wp-content\/uploads\/2025\/06\/Tip_Festivali_Acilis-7.jpg","medium-width":960,"medium-height":640,"medium_large":"https:\/\/zeytinburnu.istanbul\/wp-content\/uploads\/2025\/06\/Tip_Festivali_Acilis-7.jpg","medium_large-width":768,"medium_large-height":512,"large":"https:\/\/zeytinburnu.istanbul\/wp-content\/uploads\/2025\/06\/Tip_Festivali_Acilis-7.jpg","large-width":1200,"large-height":800,"1536x1536":"https:\/\/zeytinburnu.istanbul\/wp-content\/uploads\/2025\/06\/Tip_Festivali_Acilis-7.jpg","1536x1536-width":1200,"1536x1536-height":800,"2048x2048":"https:\/\/zeytinburnu.istanbul\/wp-content\/uploads\/2025\/06\/Tip_Festivali_Acilis-7.jpg","2048x2048-width":1200,"2048x2048-height":800}},{"ID":67156,"id":67156,"title":"T\u0131p_Festivali_Acilis (5)","filename":"Tip_Festivali_Acilis-5.jpg","filesize":642859,"url":"https:\/\/zeytinburnu.istanbul\/wp-content\/uploads\/2025\/06\/Tip_Festivali_Acilis-5.jpg","link":"https:\/\/zeytinburnu.istanbul\/haberler\/26-merkezefendi-geleneksel-tip-festivali-mesir-macunu-dagitimi-ve-ugur-isilak-konseriyle-basladi\/attachment\/tip_festivali_acilis-5\/","alt":"","author":"7","description":"","caption":"","name":"tip_festivali_acilis-5","status":"inherit","uploaded_to":67151,"date":"2025-06-19 10:19:52","modified":"2025-06-19 10:19:52","menu_order":0,"mime_type":"image\/jpeg","type":"image","subtype":"jpeg","icon":"https:\/\/zeytinburnu.istanbul\/wp-includes\/images\/media\/default.png","width":1200,"height":800,"sizes":{"thumbnail":"https:\/\/zeytinburnu.istanbul\/wp-content\/uploads\/2025\/06\/Tip_Festivali_Acilis-5.jpg","thumbnail-width":720,"thumbnail-height":480,"medium":"https:\/\/zeytinburnu.istanbul\/wp-content\/uploads\/2025\/06\/Tip_Festivali_Acilis-5.jpg","medium-width":960,"medium-height":640,"medium_large":"https:\/\/zeytinburnu.istanbul\/wp-content\/uploads\/2025\/06\/Tip_Festivali_Acilis-5.jpg","medium_large-width":768,"medium_large-height":512,"large":"https:\/\/zeytinburnu.istanbul\/wp-content\/uploads\/2025\/06\/Tip_Festivali_Acilis-5.jpg","large-width":1200,"large-height":800,"1536x1536":"https:\/\/zeytinburnu.istanbul\/wp-content\/uploads\/2025\/06\/Tip_Festivali_Acilis-5.jpg","1536x1536-width":1200,"1536x1536-height":800,"2048x2048":"https:\/\/zeytinburnu.istanbul\/wp-content\/uploads\/2025\/06\/Tip_Festivali_Acilis-5.jpg","2048x2048-width":1200,"2048x2048-height":800}}],"image_details":{"thumbnail":{"url":"https:\/\/zeytinburnu.istanbul\/wp-content\/uploads\/2025\/06\/Tip_Festivali_Acilis-10.jpg"},"full":{"file":"2025\/06\/Tip_Festivali_Acilis-10.jpg","width":1200,"height":800,"mime_type":"image\/jpeg","url":"https:\/\/zeytinburnu.istanbul\/wp-content\/uploads\/2025\/06\/Tip_Festivali_Acilis-10.jpg"}}},"_links":{"self":[{"href":"https:\/\/zeytinburnu.istanbul\/api\/wp\/v2\/posts\/67151"}],"collection":[{"href":"https:\/\/zeytinburnu.istanbul\/api\/wp\/v2\/posts"}],"about":[{"href":"https:\/\/zeytinburnu.istanbul\/api\/wp\/v2\/types\/post"}],"author":[{"embeddable":true,"href":"https:\/\/zeytinburnu.istanbul\/api\/wp\/v2\/users\/7"}],"replies":[{"embeddable":true,"href":"https:\/\/zeytinburnu.istanbul\/api\/wp\/v2\/comments?post=67151"}],"version-history":[{"count":2,"href":"https:\/\/zeytinburnu.istanbul\/api\/wp\/v2\/posts\/67151\/revisions"}],"predecessor-version":[{"id":67168,"href":"https:\/\/zeytinburnu.istanbul\/api\/wp\/v2\/posts\/67151\/revisions\/67168"}],"wp:featuredmedia":[{"embeddable":true,"href":"https:\/\/zeytinburnu.istanbul\/api\/wp\/v2\/media\/67161"}],"wp:attachment":[{"href":"https:\/\/zeytinburnu.istanbul\/api\/wp\/v2\/media?parent=67151"}],"wp:term":[{"taxonomy":"category","embeddable":true,"href":"https:\/\/zeytinburnu.istanbul\/api\/wp\/v2\/categories?post=67151"},{"taxonomy":"post_tag","embeddable":true,"href":"https:\/\/zeytinburnu.istanbul\/api\/wp\/v2\/tags?post=67151"}],"curies":[{"name":"wp","href":"https:\/\/api.w.org\/{rel}","templated":true}]}}