

{"id":67071,"date":"2025-06-13T16:20:05","date_gmt":"2025-06-13T13:20:05","guid":{"rendered":"https:\/\/zeytinburnu.istanbul\/?p=67071"},"modified":"2025-06-13T20:35:52","modified_gmt":"2025-06-13T17:35:52","slug":"geleneksel-tip-festivali-26inci-kez-merkezefendide","status":"publish","type":"post","link":"https:\/\/zeytinburnu.istanbul\/haberler\/geleneksel-tip-festivali-26inci-kez-merkezefendide\/","title":{"rendered":"\u201cGeleneksel T\u0131p Festivali\u201d 26\u2019\u0131nc\u0131 Kez Merkezefendi\u2019de..!"},"content":{"rendered":"<p style=\"text-align: justify;\"><strong>\u201cDo\u011fan\u0131n yeniden ke\u015ffi\u201d<\/strong> slogan\u0131yla tam <strong>25 <\/strong>y\u0131ld\u0131r <strong>Zeytinburnu Belediyesi<\/strong> taraf\u0131ndan aral\u0131ks\u0131z olarak d\u00fczenlenen <strong>\u201cMerkezefendi Geleneksel T\u0131p Festivali\u201d<\/strong> <strong>18 \u2013 22 Haziran 2025<\/strong> tarihleri aras\u0131nda <strong>26<\/strong>\u2019\u0131nc\u0131 kez <strong>Zeytinburnulularla<\/strong> bulu\u015fuyor. <strong>5<\/strong> g\u00fcn boyunca s\u00fcrecek festival; 5 g\u00fcn boyunca s\u00fcrecek festival; mozaik, karakalem gibi sanat at\u00f6lyeleri, \u00e7ocuk ve gen\u00e7lere y\u00f6nelik bitkisel \u015fifa at\u00f6lyeleri, m\u00fczik dinletileri, sinema g\u00f6sterimi, kitap \u00fczerine s\u00f6yle\u015filer, geziler, konser, geleneksel yemek yar\u0131\u015fmas\u0131, Mevlevi mukabelesi, Merkez Efendi\u2019yi anma gecesi ve \u00e7ocuklar i\u00e7in \u00e7e\u015fitli programlara ev sahipli\u011fi yapacak. Festivalin a\u00e7\u0131l\u0131\u015f\u0131 <strong>18 Haziran \u00c7ar\u015famba g\u00fcn\u00fc Saat 20.30<\/strong>\u2019da, <strong>Merkezefendi Millet K\u0131raathanesi<\/strong>\u2019nin yan\u0131ndaki etkinlik alan\u0131nda d\u00fczenlenecek mesir macunu da\u011f\u0131t\u0131m\u0131 ve <strong>U\u011fur I\u015f\u0131lak<\/strong> konseriyle yap\u0131lacak. Festival s\u00fcresince her g\u00fcn; <strong>Zeytinburnu T\u0131bb\u0131 Bitkiler Bah\u00e7esi<\/strong>\u2019nde \u00e7ocuk ve yeti\u015fkinlere y\u00f6nelik at\u00f6lye ve m\u00fczik dinletileri d\u00fczenlenirken,<strong> Tarihi Merkezefendi F\u0131r\u0131n\u0131<\/strong>\u2019nda ekmek at\u00f6lyesi,<strong> Zeytinburnu Kitap\u00e7\u0131s\u0131<\/strong>\u2019nda edebiyat s\u00f6yle\u015fileri,<strong> Yenikap\u0131 Mevlevihanesi<\/strong>\u2019nde Mevlevi mukabelesi,<strong> Na\u011fmedar<\/strong>\u2019da m\u00fczik dinletisi, at\u00f6lyeler ve s\u00f6yle\u015filer,<strong> T\u00fcrkiye Foto\u011fraf Vakf\u0131<\/strong>\u2019nda bitki foto\u011fraf\u00e7\u0131l\u0131\u011f\u0131 at\u00f6lyesi,<strong> Merkezefendi K\u0131raathanesi Konferans Salonu<\/strong>\u2019nda sinema g\u00f6sterimi ve <strong>Zeytinburnu<\/strong> k\u00fclt\u00fcr gezileri d\u00fczenlenecek<strong>.<\/strong><\/p>\n<p style=\"text-align: justify;\">Her ak\u015fam ise farkl\u0131 bir organizasyonun ger\u00e7ekle\u015fece\u011fi <strong>T\u0131p Festivali<\/strong>\u2019nde; <strong>Mevlevi Mukabelesi<\/strong> ve <strong>Merkez Efendi\u2019yi Anma Gecesi<\/strong>, <strong>\u0130brahim Sadri \u015eiir Dinletisi<\/strong> ve <strong>Geleneksel Yemek Yar\u0131\u015fmas\u0131<\/strong> etkinlikleri olacak. Festival <strong>22 Haziran Pazar g\u00fcn\u00fc saat 21<\/strong>.<strong>00<\/strong>\u2019de ba\u015flayacak olan <strong>Sedat Anar<\/strong> konseriyle son bulacak.<\/p>\n<p style=\"text-align: justify;\"><span style=\"color: #ff0000;\"><strong>\u201c\u00c7EYREK ASIRDIR DEVAM EDEN \u00d6NEML\u0130 B\u0130R K\u00dcLT\u00dcR FEST\u0130VAL\u0130\u201d<\/strong><\/span><\/p>\n<p style=\"text-align: justify;\"><strong>Zeytinburnu<\/strong>\u2019nun gelenekselle\u015fen <strong>T\u0131p Festivali<\/strong> hakk\u0131nda konu\u015fan <strong>Belediye Ba\u015fkan\u0131 \u00d6mer Ar\u0131soy<\/strong>, \u201cBir festivalin \u00e7eyrek as\u0131rd\u0131r kesintisiz devam etmesi \u00f6nemli bir k\u00fclt\u00fcrel hadisedir. Merkezefendi Geleneksel T\u0131p Festivali\u2019nin 26\u2019nc\u0131 y\u0131l\u0131na ula\u015fmas\u0131n\u0131n gururunu Zeytinburnu halk\u0131 olarak hep birlikte ya\u015f\u0131yoruz. Merkez Efendi hazretlerinin manevi \u015fahs\u0131ndan ve geleneksel t\u0131bb\u0131m\u0131za katk\u0131s\u0131ndan ald\u0131\u011f\u0131m\u0131z ilhamla d\u00fczenledi\u011fimiz festivalimize t\u00fcm \u0130stanbullular\u0131 bekliyoruz\u201d dedi.<\/p>\n<p>&nbsp;<\/p>\n<div><a class=\"btn btn--primary btn--i-right mb-2\" href=\"https:\/\/zeytinburnu.istanbul\/wp-content\/uploads\/2025\/06\/Brosur25-23x10-1.pdf\" target=\"_blank\"><span class=\"btn__txt\">Festival Program\u0131 \u0130\u00e7in TIKLAYIN..!<\/span><span class=\"btn__icon icon-font\"><svg class=\"icon icon-font\"><use xlink:href=\"https:\/\/zeytinburnu.istanbul\/wp-content\/themes\/zb-theme\/assets\/icons\/icons.svg#icon-arrow-r\"><\/use><\/svg><\/span><\/a><\/div>\n<p>&nbsp;<\/p>\n<div><a class=\"btn btn--primary btn--i-right mb-2\" href=\"http:\/\/vatandas.zeybim.com\" target=\"_blank\"><span class=\"btn__txt\">At\u00f6lye ve Etkinliklere Kay\u0131t \u0130\u00e7in TIKLAYIN..!<\/span><span class=\"btn__icon icon-font\"><svg class=\"icon icon-font\"><use xlink:href=\"https:\/\/zeytinburnu.istanbul\/wp-content\/themes\/zb-theme\/assets\/icons\/icons.svg#icon-arrow-r\"><\/use><\/svg><\/span><\/a><\/div>\n","protected":false},"excerpt":{"rendered":"<p>\u201cDo\u011fan\u0131n yeniden ke\u015ffi\u201d slogan\u0131yla tam 25 y\u0131ld\u0131r Zeytinburnu Belediyesi taraf\u0131ndan aral\u0131ks\u0131z olarak d\u00fczenlenen \u201cMerkezefendi Geleneksel T\u0131p Festivali\u201d 18 \u2013 22 Haziran 2025 tarihleri aras\u0131nda 26\u2019\u0131nc\u0131 kez Zeytinburnulularla bulu\u015fuyor. 5 g\u00fcn boyunca s\u00fcrecek festival; 5 g\u00fcn boyunca s\u00fcrecek festival; mozaik, karakalem gibi sanat at\u00f6lyeleri, \u00e7ocuk ve gen\u00e7lere y\u00f6nelik bitkisel \u015fifa at\u00f6lyeleri, m\u00fczik dinletileri, sinema g\u00f6sterimi, kitap [&hellip;]<\/p>\n","protected":false},"author":7,"featured_media":67076,"comment_status":"closed","ping_status":"closed","sticky":false,"template":"","format":"standard","meta":{"inline_featured_image":false,"footnotes":""},"categories":[1],"tags":[],"acf":[],"yoast_head":"<!-- This site is optimized with the Yoast SEO plugin v21.5 - https:\/\/yoast.com\/wordpress\/plugins\/seo\/ -->\n<title>\u201cGeleneksel T\u0131p Festivali\u201d 26\u2019\u0131nc\u0131 Kez Merkezefendi\u2019de..! - Zeytinburnu Belediyesi<\/title>\n<meta name=\"robots\" content=\"index, follow, max-snippet:-1, max-image-preview:large, max-video-preview:-1\" \/>\n<link rel=\"canonical\" href=\"https:\/\/zeytinburnu.istanbul\/haberler\/geleneksel-tip-festivali-26inci-kez-merkezefendide\/\" \/>\n<meta property=\"og:locale\" content=\"tr_TR\" \/>\n<meta property=\"og:type\" content=\"article\" \/>\n<meta property=\"og:title\" content=\"\u201cGeleneksel T\u0131p Festivali\u201d 26\u2019\u0131nc\u0131 Kez Merkezefendi\u2019de..! - Zeytinburnu Belediyesi\" \/>\n<meta property=\"og:description\" content=\"\u201cDo\u011fan\u0131n yeniden ke\u015ffi\u201d slogan\u0131yla tam 25 y\u0131ld\u0131r Zeytinburnu Belediyesi taraf\u0131ndan aral\u0131ks\u0131z olarak d\u00fczenlenen \u201cMerkezefendi Geleneksel T\u0131p Festivali\u201d 18 \u2013 22 Haziran 2025 tarihleri aras\u0131nda 26\u2019\u0131nc\u0131 kez Zeytinburnulularla bulu\u015fuyor. 5 g\u00fcn boyunca s\u00fcrecek festival; 5 g\u00fcn boyunca s\u00fcrecek festival; mozaik, karakalem gibi sanat at\u00f6lyeleri, \u00e7ocuk ve gen\u00e7lere y\u00f6nelik bitkisel \u015fifa at\u00f6lyeleri, m\u00fczik dinletileri, sinema g\u00f6sterimi, kitap [&hellip;]\" \/>\n<meta property=\"og:url\" content=\"https:\/\/zeytinburnu.istanbul\/haberler\/geleneksel-tip-festivali-26inci-kez-merkezefendide\/\" \/>\n<meta property=\"og:site_name\" content=\"Zeytinburnu Belediyesi\" \/>\n<meta property=\"article:publisher\" content=\"https:\/\/web.facebook.com\/zeytinburnubld\/\" \/>\n<meta property=\"article:author\" content=\"https:\/\/www.facebook.com\/zeytinburnubld\" \/>\n<meta property=\"article:published_time\" content=\"2025-06-13T13:20:05+00:00\" \/>\n<meta property=\"article:modified_time\" content=\"2025-06-13T17:35:52+00:00\" \/>\n<meta property=\"og:image\" content=\"https:\/\/zeytinburnu.istanbul\/wp-content\/uploads\/2025\/06\/Geleneksel_Tip_Festivali-5.jpg\" \/>\n\t<meta property=\"og:image:width\" content=\"1200\" \/>\n\t<meta property=\"og:image:height\" content=\"800\" \/>\n\t<meta property=\"og:image:type\" content=\"image\/jpeg\" \/>\n<meta name=\"author\" content=\"Eren Ayd\u0131n\" \/>\n<meta name=\"twitter:card\" content=\"summary_large_image\" \/>\n<meta name=\"twitter:creator\" content=\"@zeytinburnubld\" \/>\n<meta name=\"twitter:site\" content=\"@zeytinburnubld\" \/>\n<meta name=\"twitter:label1\" content=\"Yazan:\" \/>\n\t<meta name=\"twitter:data1\" content=\"Eren Ayd\u0131n\" \/>\n\t<meta name=\"twitter:label2\" content=\"Tahmini okuma s\u00fcresi\" \/>\n\t<meta name=\"twitter:data2\" content=\"2 dakika\" \/>\n<script type=\"application\/ld+json\" class=\"yoast-schema-graph\">{\"@context\":\"https:\/\/schema.org\",\"@graph\":[{\"@type\":\"WebPage\",\"@id\":\"https:\/\/zeytinburnu.istanbul\/haberler\/geleneksel-tip-festivali-26inci-kez-merkezefendide\/\",\"url\":\"https:\/\/zeytinburnu.istanbul\/haberler\/geleneksel-tip-festivali-26inci-kez-merkezefendide\/\",\"name\":\"\u201cGeleneksel T\u0131p Festivali\u201d 26\u2019\u0131nc\u0131 Kez Merkezefendi\u2019de..! - Zeytinburnu Belediyesi\",\"isPartOf\":{\"@id\":\"https:\/\/zeytinburnu.istanbul\/#website\"},\"datePublished\":\"2025-06-13T13:20:05+00:00\",\"dateModified\":\"2025-06-13T17:35:52+00:00\",\"author\":{\"@id\":\"https:\/\/zeytinburnu.istanbul\/#\/schema\/person\/24bcc637eac604ad08cf78355fa7d7b9\"},\"breadcrumb\":{\"@id\":\"https:\/\/zeytinburnu.istanbul\/haberler\/geleneksel-tip-festivali-26inci-kez-merkezefendide\/#breadcrumb\"},\"inLanguage\":\"tr\",\"potentialAction\":[{\"@type\":\"ReadAction\",\"target\":[\"https:\/\/zeytinburnu.istanbul\/haberler\/geleneksel-tip-festivali-26inci-kez-merkezefendide\/\"]}]},{\"@type\":\"BreadcrumbList\",\"@id\":\"https:\/\/zeytinburnu.istanbul\/haberler\/geleneksel-tip-festivali-26inci-kez-merkezefendide\/#breadcrumb\",\"itemListElement\":[{\"@type\":\"ListItem\",\"position\":1,\"name\":\"Anasayfa\",\"item\":\"https:\/\/zeytinburnu.istanbul\/\"},{\"@type\":\"ListItem\",\"position\":2,\"name\":\"\u201cGeleneksel T\u0131p Festivali\u201d 26\u2019\u0131nc\u0131 Kez Merkezefendi\u2019de..!\"}]},{\"@type\":\"WebSite\",\"@id\":\"https:\/\/zeytinburnu.istanbul\/#website\",\"url\":\"https:\/\/zeytinburnu.istanbul\/\",\"name\":\"Zeytinburnu Belediyesi\",\"description\":\"\",\"potentialAction\":[{\"@type\":\"SearchAction\",\"target\":{\"@type\":\"EntryPoint\",\"urlTemplate\":\"https:\/\/zeytinburnu.istanbul\/?s={search_term_string}\"},\"query-input\":\"required name=search_term_string\"}],\"inLanguage\":\"tr\"},{\"@type\":\"Person\",\"@id\":\"https:\/\/zeytinburnu.istanbul\/#\/schema\/person\/24bcc637eac604ad08cf78355fa7d7b9\",\"name\":\"Eren Ayd\u0131n\",\"image\":{\"@type\":\"ImageObject\",\"inLanguage\":\"tr\",\"@id\":\"https:\/\/zeytinburnu.istanbul\/#\/schema\/person\/image\/\",\"url\":\"https:\/\/secure.gravatar.com\/avatar\/9865f24b5acb1e592f0a805ec7e43716?s=96&d=mm&r=g\",\"contentUrl\":\"https:\/\/secure.gravatar.com\/avatar\/9865f24b5acb1e592f0a805ec7e43716?s=96&d=mm&r=g\",\"caption\":\"Eren Ayd\u0131n\"},\"description\":\"\u0130nsanlar\u0131n ya\u015famaktan mutlu oldu\u011fu, kendilerini g\u00fcvende hissetti\u011fi, kabiliyetlerini geli\u015ftirebildi\u011fi, \u00e7ocuklar\u0131n\u0131 gelece\u011fin d\u00fcnyas\u0131na haz\u0131rlad\u0131\u011f\u0131; bilgeli\u011fin, sanat\u0131n ve ticaretin \u015fehri Zeytinburnu. Zeytinburnu\u2019nda ya\u015fayan ailelere; \u0130stanbul\u2019un tarihi, k\u00fclt\u00fcr\u00fc ve ekonomisiyle b\u00fct\u00fcnle\u015fen, zenginlik ve de\u011ferlerini payla\u015fan huzurlu bir \u015fehir hayat\u0131 sa\u011flamak.\",\"sameAs\":[\"https:\/\/zeytinburnu.istanbul\/\",\"https:\/\/www.facebook.com\/zeytinburnubld\",\"https:\/\/www.instagram.com\/zeytinburnubld\/\",\"https:\/\/tr.linkedin.com\/company\/zeytinburnu-belediyesi\",\"https:\/\/twitter.com\/zeytinburnubld\",\"https:\/\/www.youtube.com\/c\/ZeytinburnuBld\",\"https:\/\/tr.wikipedia.org\/wiki\/Zeytinburnu\"],\"url\":\"https:\/\/zeytinburnu.istanbul\/author\/erenaydin\/\"}]}<\/script>\n<!-- \/ Yoast SEO plugin. -->","yoast_head_json":{"title":"\u201cGeleneksel T\u0131p Festivali\u201d 26\u2019\u0131nc\u0131 Kez Merkezefendi\u2019de..! - Zeytinburnu Belediyesi","robots":{"index":"index","follow":"follow","max-snippet":"max-snippet:-1","max-image-preview":"max-image-preview:large","max-video-preview":"max-video-preview:-1"},"canonical":"https:\/\/zeytinburnu.istanbul\/haberler\/geleneksel-tip-festivali-26inci-kez-merkezefendide\/","og_locale":"tr_TR","og_type":"article","og_title":"\u201cGeleneksel T\u0131p Festivali\u201d 26\u2019\u0131nc\u0131 Kez Merkezefendi\u2019de..! - Zeytinburnu Belediyesi","og_description":"\u201cDo\u011fan\u0131n yeniden ke\u015ffi\u201d slogan\u0131yla tam 25 y\u0131ld\u0131r Zeytinburnu Belediyesi taraf\u0131ndan aral\u0131ks\u0131z olarak d\u00fczenlenen \u201cMerkezefendi Geleneksel T\u0131p Festivali\u201d 18 \u2013 22 Haziran 2025 tarihleri aras\u0131nda 26\u2019\u0131nc\u0131 kez Zeytinburnulularla bulu\u015fuyor. 5 g\u00fcn boyunca s\u00fcrecek festival; 5 g\u00fcn boyunca s\u00fcrecek festival; mozaik, karakalem gibi sanat at\u00f6lyeleri, \u00e7ocuk ve gen\u00e7lere y\u00f6nelik bitkisel \u015fifa at\u00f6lyeleri, m\u00fczik dinletileri, sinema g\u00f6sterimi, kitap [&hellip;]","og_url":"https:\/\/zeytinburnu.istanbul\/haberler\/geleneksel-tip-festivali-26inci-kez-merkezefendide\/","og_site_name":"Zeytinburnu Belediyesi","article_publisher":"https:\/\/web.facebook.com\/zeytinburnubld\/","article_author":"https:\/\/www.facebook.com\/zeytinburnubld","article_published_time":"2025-06-13T13:20:05+00:00","article_modified_time":"2025-06-13T17:35:52+00:00","og_image":[{"width":1200,"height":800,"url":"https:\/\/zeytinburnu.istanbul\/wp-content\/uploads\/2025\/06\/Geleneksel_Tip_Festivali-5.jpg","type":"image\/jpeg"}],"author":"Eren Ayd\u0131n","twitter_card":"summary_large_image","twitter_creator":"@zeytinburnubld","twitter_site":"@zeytinburnubld","twitter_misc":{"Yazan:":"Eren Ayd\u0131n","Tahmini okuma s\u00fcresi":"2 dakika"},"schema":{"@context":"https:\/\/schema.org","@graph":[{"@type":"WebPage","@id":"https:\/\/zeytinburnu.istanbul\/haberler\/geleneksel-tip-festivali-26inci-kez-merkezefendide\/","url":"https:\/\/zeytinburnu.istanbul\/haberler\/geleneksel-tip-festivali-26inci-kez-merkezefendide\/","name":"\u201cGeleneksel T\u0131p Festivali\u201d 26\u2019\u0131nc\u0131 Kez Merkezefendi\u2019de..! - Zeytinburnu Belediyesi","isPartOf":{"@id":"https:\/\/zeytinburnu.istanbul\/#website"},"datePublished":"2025-06-13T13:20:05+00:00","dateModified":"2025-06-13T17:35:52+00:00","author":{"@id":"https:\/\/zeytinburnu.istanbul\/#\/schema\/person\/24bcc637eac604ad08cf78355fa7d7b9"},"breadcrumb":{"@id":"https:\/\/zeytinburnu.istanbul\/haberler\/geleneksel-tip-festivali-26inci-kez-merkezefendide\/#breadcrumb"},"inLanguage":"tr","potentialAction":[{"@type":"ReadAction","target":["https:\/\/zeytinburnu.istanbul\/haberler\/geleneksel-tip-festivali-26inci-kez-merkezefendide\/"]}]},{"@type":"BreadcrumbList","@id":"https:\/\/zeytinburnu.istanbul\/haberler\/geleneksel-tip-festivali-26inci-kez-merkezefendide\/#breadcrumb","itemListElement":[{"@type":"ListItem","position":1,"name":"Anasayfa","item":"https:\/\/zeytinburnu.istanbul\/"},{"@type":"ListItem","position":2,"name":"\u201cGeleneksel T\u0131p Festivali\u201d 26\u2019\u0131nc\u0131 Kez Merkezefendi\u2019de..!"}]},{"@type":"WebSite","@id":"https:\/\/zeytinburnu.istanbul\/#website","url":"https:\/\/zeytinburnu.istanbul\/","name":"Zeytinburnu Belediyesi","description":"","potentialAction":[{"@type":"SearchAction","target":{"@type":"EntryPoint","urlTemplate":"https:\/\/zeytinburnu.istanbul\/?s={search_term_string}"},"query-input":"required name=search_term_string"}],"inLanguage":"tr"},{"@type":"Person","@id":"https:\/\/zeytinburnu.istanbul\/#\/schema\/person\/24bcc637eac604ad08cf78355fa7d7b9","name":"Eren Ayd\u0131n","image":{"@type":"ImageObject","inLanguage":"tr","@id":"https:\/\/zeytinburnu.istanbul\/#\/schema\/person\/image\/","url":"https:\/\/secure.gravatar.com\/avatar\/9865f24b5acb1e592f0a805ec7e43716?s=96&d=mm&r=g","contentUrl":"https:\/\/secure.gravatar.com\/avatar\/9865f24b5acb1e592f0a805ec7e43716?s=96&d=mm&r=g","caption":"Eren Ayd\u0131n"},"description":"\u0130nsanlar\u0131n ya\u015famaktan mutlu oldu\u011fu, kendilerini g\u00fcvende hissetti\u011fi, kabiliyetlerini geli\u015ftirebildi\u011fi, \u00e7ocuklar\u0131n\u0131 gelece\u011fin d\u00fcnyas\u0131na haz\u0131rlad\u0131\u011f\u0131; bilgeli\u011fin, sanat\u0131n ve ticaretin \u015fehri Zeytinburnu. Zeytinburnu\u2019nda ya\u015fayan ailelere; \u0130stanbul\u2019un tarihi, k\u00fclt\u00fcr\u00fc ve ekonomisiyle b\u00fct\u00fcnle\u015fen, zenginlik ve de\u011ferlerini payla\u015fan huzurlu bir \u015fehir hayat\u0131 sa\u011flamak.","sameAs":["https:\/\/zeytinburnu.istanbul\/","https:\/\/www.facebook.com\/zeytinburnubld","https:\/\/www.instagram.com\/zeytinburnubld\/","https:\/\/tr.linkedin.com\/company\/zeytinburnu-belediyesi","https:\/\/twitter.com\/zeytinburnubld","https:\/\/www.youtube.com\/c\/ZeytinburnuBld","https:\/\/tr.wikipedia.org\/wiki\/Zeytinburnu"],"url":"https:\/\/zeytinburnu.istanbul\/author\/erenaydin\/"}]}},"meta_data":{"spot_ozet_metin":"Zeytinburnu Belediyesi taraf\u0131ndan 25 y\u0131ld\u0131r d\u00fczenlenen Merkezefendi Geleneksel T\u0131p Festivali, 18 Haziran \u00c7ar\u015famba g\u00fcn\u00fc U\u011fur I\u015f\u0131lak\u2019\u0131n a\u00e7\u0131l\u0131\u015f konseriyle birlikte 26\u2019nc\u0131 kez Zeytinburnulularla bulu\u015facak.","sidebar_tipi":"varsayilan","haber_tarihi":"13 Haziran 2025","haber_saati":"16:19","yayindan_cikis_tarihi":"","ikincil_gorsel":{"ID":67075,"id":67075,"title":"Geleneksel_Tip_Festivali (4)","filename":"Geleneksel_Tip_Festivali-4.jpg","filesize":920398,"url":"https:\/\/zeytinburnu.istanbul\/wp-content\/uploads\/2025\/06\/Geleneksel_Tip_Festivali-4.jpg","link":"https:\/\/zeytinburnu.istanbul\/haberler\/geleneksel-tip-festivali-26inci-kez-merkezefendide\/attachment\/geleneksel_tip_festivali-4\/","alt":"","author":"7","description":"","caption":"","name":"geleneksel_tip_festivali-4","status":"inherit","uploaded_to":67071,"date":"2025-06-13 13:18:31","modified":"2025-06-13 13:18:31","menu_order":0,"mime_type":"image\/jpeg","type":"image","subtype":"jpeg","icon":"https:\/\/zeytinburnu.istanbul\/wp-includes\/images\/media\/default.png","width":1200,"height":800,"sizes":{"thumbnail":"https:\/\/zeytinburnu.istanbul\/wp-content\/uploads\/2025\/06\/Geleneksel_Tip_Festivali-4-720x540.jpg","thumbnail-width":720,"thumbnail-height":540,"medium":"https:\/\/zeytinburnu.istanbul\/wp-content\/uploads\/2025\/06\/Geleneksel_Tip_Festivali-4-960x640.jpg","medium-width":960,"medium-height":640,"medium_large":"https:\/\/zeytinburnu.istanbul\/wp-content\/uploads\/2025\/06\/Geleneksel_Tip_Festivali-4-768x512.jpg","medium_large-width":768,"medium_large-height":512,"large":"https:\/\/zeytinburnu.istanbul\/wp-content\/uploads\/2025\/06\/Geleneksel_Tip_Festivali-4.jpg","large-width":1200,"large-height":800,"1536x1536":"https:\/\/zeytinburnu.istanbul\/wp-content\/uploads\/2025\/06\/Geleneksel_Tip_Festivali-4.jpg","1536x1536-width":1200,"1536x1536-height":800,"2048x2048":"https:\/\/zeytinburnu.istanbul\/wp-content\/uploads\/2025\/06\/Geleneksel_Tip_Festivali-4.jpg","2048x2048-width":1200,"2048x2048-height":800}},"youtube_video_id":"","vimeo_video_id":"","video_dosya":false,"ekler":false,"galeri_basligi":"\u201cGeleneksel T\u0131p Festivali\u201d 26\u2019\u0131nc\u0131 Kez Merkezefendi\u2019de..!","galeri":[{"ID":67073,"id":67073,"title":"Geleneksel_Tip_Festivali (2)","filename":"Geleneksel_Tip_Festivali-2.jpg","filesize":917207,"url":"https:\/\/zeytinburnu.istanbul\/wp-content\/uploads\/2025\/06\/Geleneksel_Tip_Festivali-2.jpg","link":"https:\/\/zeytinburnu.istanbul\/haberler\/geleneksel-tip-festivali-26inci-kez-merkezefendide\/attachment\/geleneksel_tip_festivali-2\/","alt":"","author":"7","description":"","caption":"","name":"geleneksel_tip_festivali-2","status":"inherit","uploaded_to":67071,"date":"2025-06-13 13:18:29","modified":"2025-06-13 13:18:29","menu_order":0,"mime_type":"image\/jpeg","type":"image","subtype":"jpeg","icon":"https:\/\/zeytinburnu.istanbul\/wp-includes\/images\/media\/default.png","width":1200,"height":800,"sizes":{"thumbnail":"https:\/\/zeytinburnu.istanbul\/wp-content\/uploads\/2025\/06\/Geleneksel_Tip_Festivali-2-720x540.jpg","thumbnail-width":720,"thumbnail-height":540,"medium":"https:\/\/zeytinburnu.istanbul\/wp-content\/uploads\/2025\/06\/Geleneksel_Tip_Festivali-2-960x640.jpg","medium-width":960,"medium-height":640,"medium_large":"https:\/\/zeytinburnu.istanbul\/wp-content\/uploads\/2025\/06\/Geleneksel_Tip_Festivali-2-768x512.jpg","medium_large-width":768,"medium_large-height":512,"large":"https:\/\/zeytinburnu.istanbul\/wp-content\/uploads\/2025\/06\/Geleneksel_Tip_Festivali-2.jpg","large-width":1200,"large-height":800,"1536x1536":"https:\/\/zeytinburnu.istanbul\/wp-content\/uploads\/2025\/06\/Geleneksel_Tip_Festivali-2.jpg","1536x1536-width":1200,"1536x1536-height":800,"2048x2048":"https:\/\/zeytinburnu.istanbul\/wp-content\/uploads\/2025\/06\/Geleneksel_Tip_Festivali-2.jpg","2048x2048-width":1200,"2048x2048-height":800}},{"ID":67077,"id":67077,"title":"Geleneksel_Tip_Festivali (6)","filename":"Geleneksel_Tip_Festivali-6.jpg","filesize":720422,"url":"https:\/\/zeytinburnu.istanbul\/wp-content\/uploads\/2025\/06\/Geleneksel_Tip_Festivali-6.jpg","link":"https:\/\/zeytinburnu.istanbul\/haberler\/geleneksel-tip-festivali-26inci-kez-merkezefendide\/attachment\/geleneksel_tip_festivali-6\/","alt":"","author":"7","description":"","caption":"","name":"geleneksel_tip_festivali-6","status":"inherit","uploaded_to":67071,"date":"2025-06-13 13:18:33","modified":"2025-06-13 13:18:33","menu_order":0,"mime_type":"image\/jpeg","type":"image","subtype":"jpeg","icon":"https:\/\/zeytinburnu.istanbul\/wp-includes\/images\/media\/default.png","width":1200,"height":800,"sizes":{"thumbnail":"https:\/\/zeytinburnu.istanbul\/wp-content\/uploads\/2025\/06\/Geleneksel_Tip_Festivali-6-720x540.jpg","thumbnail-width":720,"thumbnail-height":540,"medium":"https:\/\/zeytinburnu.istanbul\/wp-content\/uploads\/2025\/06\/Geleneksel_Tip_Festivali-6-960x640.jpg","medium-width":960,"medium-height":640,"medium_large":"https:\/\/zeytinburnu.istanbul\/wp-content\/uploads\/2025\/06\/Geleneksel_Tip_Festivali-6-768x512.jpg","medium_large-width":768,"medium_large-height":512,"large":"https:\/\/zeytinburnu.istanbul\/wp-content\/uploads\/2025\/06\/Geleneksel_Tip_Festivali-6.jpg","large-width":1200,"large-height":800,"1536x1536":"https:\/\/zeytinburnu.istanbul\/wp-content\/uploads\/2025\/06\/Geleneksel_Tip_Festivali-6.jpg","1536x1536-width":1200,"1536x1536-height":800,"2048x2048":"https:\/\/zeytinburnu.istanbul\/wp-content\/uploads\/2025\/06\/Geleneksel_Tip_Festivali-6.jpg","2048x2048-width":1200,"2048x2048-height":800}},{"ID":67078,"id":67078,"title":"Geleneksel_Tip_Festivali (7)","filename":"Geleneksel_Tip_Festivali-7.jpg","filesize":712446,"url":"https:\/\/zeytinburnu.istanbul\/wp-content\/uploads\/2025\/06\/Geleneksel_Tip_Festivali-7.jpg","link":"https:\/\/zeytinburnu.istanbul\/haberler\/geleneksel-tip-festivali-26inci-kez-merkezefendide\/attachment\/geleneksel_tip_festivali-7\/","alt":"","author":"7","description":"","caption":"","name":"geleneksel_tip_festivali-7","status":"inherit","uploaded_to":67071,"date":"2025-06-13 13:18:35","modified":"2025-06-13 13:18:35","menu_order":0,"mime_type":"image\/jpeg","type":"image","subtype":"jpeg","icon":"https:\/\/zeytinburnu.istanbul\/wp-includes\/images\/media\/default.png","width":1200,"height":800,"sizes":{"thumbnail":"https:\/\/zeytinburnu.istanbul\/wp-content\/uploads\/2025\/06\/Geleneksel_Tip_Festivali-7-720x540.jpg","thumbnail-width":720,"thumbnail-height":540,"medium":"https:\/\/zeytinburnu.istanbul\/wp-content\/uploads\/2025\/06\/Geleneksel_Tip_Festivali-7-960x640.jpg","medium-width":960,"medium-height":640,"medium_large":"https:\/\/zeytinburnu.istanbul\/wp-content\/uploads\/2025\/06\/Geleneksel_Tip_Festivali-7-768x512.jpg","medium_large-width":768,"medium_large-height":512,"large":"https:\/\/zeytinburnu.istanbul\/wp-content\/uploads\/2025\/06\/Geleneksel_Tip_Festivali-7.jpg","large-width":1200,"large-height":800,"1536x1536":"https:\/\/zeytinburnu.istanbul\/wp-content\/uploads\/2025\/06\/Geleneksel_Tip_Festivali-7.jpg","1536x1536-width":1200,"1536x1536-height":800,"2048x2048":"https:\/\/zeytinburnu.istanbul\/wp-content\/uploads\/2025\/06\/Geleneksel_Tip_Festivali-7.jpg","2048x2048-width":1200,"2048x2048-height":800}},{"ID":67074,"id":67074,"title":"Geleneksel_Tip_Festivali (3)","filename":"Geleneksel_Tip_Festivali-3.jpg","filesize":873272,"url":"https:\/\/zeytinburnu.istanbul\/wp-content\/uploads\/2025\/06\/Geleneksel_Tip_Festivali-3.jpg","link":"https:\/\/zeytinburnu.istanbul\/haberler\/geleneksel-tip-festivali-26inci-kez-merkezefendide\/attachment\/geleneksel_tip_festivali-3\/","alt":"","author":"7","description":"","caption":"","name":"geleneksel_tip_festivali-3","status":"inherit","uploaded_to":67071,"date":"2025-06-13 13:18:30","modified":"2025-06-13 13:18:30","menu_order":0,"mime_type":"image\/jpeg","type":"image","subtype":"jpeg","icon":"https:\/\/zeytinburnu.istanbul\/wp-includes\/images\/media\/default.png","width":1200,"height":800,"sizes":{"thumbnail":"https:\/\/zeytinburnu.istanbul\/wp-content\/uploads\/2025\/06\/Geleneksel_Tip_Festivali-3-720x540.jpg","thumbnail-width":720,"thumbnail-height":540,"medium":"https:\/\/zeytinburnu.istanbul\/wp-content\/uploads\/2025\/06\/Geleneksel_Tip_Festivali-3-960x640.jpg","medium-width":960,"medium-height":640,"medium_large":"https:\/\/zeytinburnu.istanbul\/wp-content\/uploads\/2025\/06\/Geleneksel_Tip_Festivali-3-768x512.jpg","medium_large-width":768,"medium_large-height":512,"large":"https:\/\/zeytinburnu.istanbul\/wp-content\/uploads\/2025\/06\/Geleneksel_Tip_Festivali-3.jpg","large-width":1200,"large-height":800,"1536x1536":"https:\/\/zeytinburnu.istanbul\/wp-content\/uploads\/2025\/06\/Geleneksel_Tip_Festivali-3.jpg","1536x1536-width":1200,"1536x1536-height":800,"2048x2048":"https:\/\/zeytinburnu.istanbul\/wp-content\/uploads\/2025\/06\/Geleneksel_Tip_Festivali-3.jpg","2048x2048-width":1200,"2048x2048-height":800}},{"ID":67079,"id":67079,"title":"Geleneksel_Tip_Festivali (8)","filename":"Geleneksel_Tip_Festivali-8.jpg","filesize":579596,"url":"https:\/\/zeytinburnu.istanbul\/wp-content\/uploads\/2025\/06\/Geleneksel_Tip_Festivali-8.jpg","link":"https:\/\/zeytinburnu.istanbul\/haberler\/geleneksel-tip-festivali-26inci-kez-merkezefendide\/attachment\/geleneksel_tip_festivali-8\/","alt":"","author":"7","description":"","caption":"","name":"geleneksel_tip_festivali-8","status":"inherit","uploaded_to":67071,"date":"2025-06-13 13:18:36","modified":"2025-06-13 13:18:36","menu_order":0,"mime_type":"image\/jpeg","type":"image","subtype":"jpeg","icon":"https:\/\/zeytinburnu.istanbul\/wp-includes\/images\/media\/default.png","width":1200,"height":800,"sizes":{"thumbnail":"https:\/\/zeytinburnu.istanbul\/wp-content\/uploads\/2025\/06\/Geleneksel_Tip_Festivali-8-720x540.jpg","thumbnail-width":720,"thumbnail-height":540,"medium":"https:\/\/zeytinburnu.istanbul\/wp-content\/uploads\/2025\/06\/Geleneksel_Tip_Festivali-8-960x640.jpg","medium-width":960,"medium-height":640,"medium_large":"https:\/\/zeytinburnu.istanbul\/wp-content\/uploads\/2025\/06\/Geleneksel_Tip_Festivali-8-768x512.jpg","medium_large-width":768,"medium_large-height":512,"large":"https:\/\/zeytinburnu.istanbul\/wp-content\/uploads\/2025\/06\/Geleneksel_Tip_Festivali-8.jpg","large-width":1200,"large-height":800,"1536x1536":"https:\/\/zeytinburnu.istanbul\/wp-content\/uploads\/2025\/06\/Geleneksel_Tip_Festivali-8.jpg","1536x1536-width":1200,"1536x1536-height":800,"2048x2048":"https:\/\/zeytinburnu.istanbul\/wp-content\/uploads\/2025\/06\/Geleneksel_Tip_Festivali-8.jpg","2048x2048-width":1200,"2048x2048-height":800}},{"ID":67080,"id":67080,"title":"Geleneksel_Tip_Festivali (9)","filename":"Geleneksel_Tip_Festivali-9.jpg","filesize":707035,"url":"https:\/\/zeytinburnu.istanbul\/wp-content\/uploads\/2025\/06\/Geleneksel_Tip_Festivali-9.jpg","link":"https:\/\/zeytinburnu.istanbul\/haberler\/geleneksel-tip-festivali-26inci-kez-merkezefendide\/attachment\/geleneksel_tip_festivali-9\/","alt":"","author":"7","description":"","caption":"","name":"geleneksel_tip_festivali-9","status":"inherit","uploaded_to":67071,"date":"2025-06-13 13:18:37","modified":"2025-06-13 13:18:37","menu_order":0,"mime_type":"image\/jpeg","type":"image","subtype":"jpeg","icon":"https:\/\/zeytinburnu.istanbul\/wp-includes\/images\/media\/default.png","width":1200,"height":800,"sizes":{"thumbnail":"https:\/\/zeytinburnu.istanbul\/wp-content\/uploads\/2025\/06\/Geleneksel_Tip_Festivali-9-720x540.jpg","thumbnail-width":720,"thumbnail-height":540,"medium":"https:\/\/zeytinburnu.istanbul\/wp-content\/uploads\/2025\/06\/Geleneksel_Tip_Festivali-9-960x640.jpg","medium-width":960,"medium-height":640,"medium_large":"https:\/\/zeytinburnu.istanbul\/wp-content\/uploads\/2025\/06\/Geleneksel_Tip_Festivali-9-768x512.jpg","medium_large-width":768,"medium_large-height":512,"large":"https:\/\/zeytinburnu.istanbul\/wp-content\/uploads\/2025\/06\/Geleneksel_Tip_Festivali-9.jpg","large-width":1200,"large-height":800,"1536x1536":"https:\/\/zeytinburnu.istanbul\/wp-content\/uploads\/2025\/06\/Geleneksel_Tip_Festivali-9.jpg","1536x1536-width":1200,"1536x1536-height":800,"2048x2048":"https:\/\/zeytinburnu.istanbul\/wp-content\/uploads\/2025\/06\/Geleneksel_Tip_Festivali-9.jpg","2048x2048-width":1200,"2048x2048-height":800}},{"ID":67081,"id":67081,"title":"Geleneksel_Tip_Festivali (10)","filename":"Geleneksel_Tip_Festivali-10.jpg","filesize":668779,"url":"https:\/\/zeytinburnu.istanbul\/wp-content\/uploads\/2025\/06\/Geleneksel_Tip_Festivali-10.jpg","link":"https:\/\/zeytinburnu.istanbul\/haberler\/geleneksel-tip-festivali-26inci-kez-merkezefendide\/attachment\/geleneksel_tip_festivali-10\/","alt":"","author":"7","description":"","caption":"","name":"geleneksel_tip_festivali-10","status":"inherit","uploaded_to":67071,"date":"2025-06-13 13:18:38","modified":"2025-06-13 13:18:38","menu_order":0,"mime_type":"image\/jpeg","type":"image","subtype":"jpeg","icon":"https:\/\/zeytinburnu.istanbul\/wp-includes\/images\/media\/default.png","width":1200,"height":800,"sizes":{"thumbnail":"https:\/\/zeytinburnu.istanbul\/wp-content\/uploads\/2025\/06\/Geleneksel_Tip_Festivali-10-720x540.jpg","thumbnail-width":720,"thumbnail-height":540,"medium":"https:\/\/zeytinburnu.istanbul\/wp-content\/uploads\/2025\/06\/Geleneksel_Tip_Festivali-10-960x640.jpg","medium-width":960,"medium-height":640,"medium_large":"https:\/\/zeytinburnu.istanbul\/wp-content\/uploads\/2025\/06\/Geleneksel_Tip_Festivali-10-768x512.jpg","medium_large-width":768,"medium_large-height":512,"large":"https:\/\/zeytinburnu.istanbul\/wp-content\/uploads\/2025\/06\/Geleneksel_Tip_Festivali-10.jpg","large-width":1200,"large-height":800,"1536x1536":"https:\/\/zeytinburnu.istanbul\/wp-content\/uploads\/2025\/06\/Geleneksel_Tip_Festivali-10.jpg","1536x1536-width":1200,"1536x1536-height":800,"2048x2048":"https:\/\/zeytinburnu.istanbul\/wp-content\/uploads\/2025\/06\/Geleneksel_Tip_Festivali-10.jpg","2048x2048-width":1200,"2048x2048-height":800}},{"ID":67083,"id":67083,"title":"Geleneksel_Tip_Festivali (12)","filename":"Geleneksel_Tip_Festivali-12.jpg","filesize":759313,"url":"https:\/\/zeytinburnu.istanbul\/wp-content\/uploads\/2025\/06\/Geleneksel_Tip_Festivali-12.jpg","link":"https:\/\/zeytinburnu.istanbul\/haberler\/geleneksel-tip-festivali-26inci-kez-merkezefendide\/attachment\/geleneksel_tip_festivali-12\/","alt":"","author":"7","description":"","caption":"","name":"geleneksel_tip_festivali-12","status":"inherit","uploaded_to":67071,"date":"2025-06-13 13:18:40","modified":"2025-06-13 13:18:52","menu_order":0,"mime_type":"image\/jpeg","type":"image","subtype":"jpeg","icon":"https:\/\/zeytinburnu.istanbul\/wp-includes\/images\/media\/default.png","width":1200,"height":800,"sizes":{"thumbnail":"https:\/\/zeytinburnu.istanbul\/wp-content\/uploads\/2025\/06\/Geleneksel_Tip_Festivali-12-720x540.jpg","thumbnail-width":720,"thumbnail-height":540,"medium":"https:\/\/zeytinburnu.istanbul\/wp-content\/uploads\/2025\/06\/Geleneksel_Tip_Festivali-12-960x640.jpg","medium-width":960,"medium-height":640,"medium_large":"https:\/\/zeytinburnu.istanbul\/wp-content\/uploads\/2025\/06\/Geleneksel_Tip_Festivali-12-768x512.jpg","medium_large-width":768,"medium_large-height":512,"large":"https:\/\/zeytinburnu.istanbul\/wp-content\/uploads\/2025\/06\/Geleneksel_Tip_Festivali-12.jpg","large-width":1200,"large-height":800,"1536x1536":"https:\/\/zeytinburnu.istanbul\/wp-content\/uploads\/2025\/06\/Geleneksel_Tip_Festivali-12.jpg","1536x1536-width":1200,"1536x1536-height":800,"2048x2048":"https:\/\/zeytinburnu.istanbul\/wp-content\/uploads\/2025\/06\/Geleneksel_Tip_Festivali-12.jpg","2048x2048-width":1200,"2048x2048-height":800}},{"ID":67082,"id":67082,"title":"Geleneksel_Tip_Festivali (11)","filename":"Geleneksel_Tip_Festivali-11.jpg","filesize":683437,"url":"https:\/\/zeytinburnu.istanbul\/wp-content\/uploads\/2025\/06\/Geleneksel_Tip_Festivali-11.jpg","link":"https:\/\/zeytinburnu.istanbul\/haberler\/geleneksel-tip-festivali-26inci-kez-merkezefendide\/attachment\/geleneksel_tip_festivali-11\/","alt":"","author":"7","description":"","caption":"","name":"geleneksel_tip_festivali-11","status":"inherit","uploaded_to":67071,"date":"2025-06-13 13:18:39","modified":"2025-06-13 13:18:39","menu_order":0,"mime_type":"image\/jpeg","type":"image","subtype":"jpeg","icon":"https:\/\/zeytinburnu.istanbul\/wp-includes\/images\/media\/default.png","width":1200,"height":800,"sizes":{"thumbnail":"https:\/\/zeytinburnu.istanbul\/wp-content\/uploads\/2025\/06\/Geleneksel_Tip_Festivali-11-720x540.jpg","thumbnail-width":720,"thumbnail-height":540,"medium":"https:\/\/zeytinburnu.istanbul\/wp-content\/uploads\/2025\/06\/Geleneksel_Tip_Festivali-11-960x640.jpg","medium-width":960,"medium-height":640,"medium_large":"https:\/\/zeytinburnu.istanbul\/wp-content\/uploads\/2025\/06\/Geleneksel_Tip_Festivali-11-768x512.jpg","medium_large-width":768,"medium_large-height":512,"large":"https:\/\/zeytinburnu.istanbul\/wp-content\/uploads\/2025\/06\/Geleneksel_Tip_Festivali-11.jpg","large-width":1200,"large-height":800,"1536x1536":"https:\/\/zeytinburnu.istanbul\/wp-content\/uploads\/2025\/06\/Geleneksel_Tip_Festivali-11.jpg","1536x1536-width":1200,"1536x1536-height":800,"2048x2048":"https:\/\/zeytinburnu.istanbul\/wp-content\/uploads\/2025\/06\/Geleneksel_Tip_Festivali-11.jpg","2048x2048-width":1200,"2048x2048-height":800}},{"ID":67076,"id":67076,"title":"Geleneksel_Tip_Festivali (5)","filename":"Geleneksel_Tip_Festivali-5.jpg","filesize":833087,"url":"https:\/\/zeytinburnu.istanbul\/wp-content\/uploads\/2025\/06\/Geleneksel_Tip_Festivali-5.jpg","link":"https:\/\/zeytinburnu.istanbul\/haberler\/geleneksel-tip-festivali-26inci-kez-merkezefendide\/attachment\/geleneksel_tip_festivali-5\/","alt":"","author":"7","description":"","caption":"","name":"geleneksel_tip_festivali-5","status":"inherit","uploaded_to":67071,"date":"2025-06-13 13:18:32","modified":"2025-06-13 13:18:32","menu_order":0,"mime_type":"image\/jpeg","type":"image","subtype":"jpeg","icon":"https:\/\/zeytinburnu.istanbul\/wp-includes\/images\/media\/default.png","width":1200,"height":800,"sizes":{"thumbnail":"https:\/\/zeytinburnu.istanbul\/wp-content\/uploads\/2025\/06\/Geleneksel_Tip_Festivali-5-720x540.jpg","thumbnail-width":720,"thumbnail-height":540,"medium":"https:\/\/zeytinburnu.istanbul\/wp-content\/uploads\/2025\/06\/Geleneksel_Tip_Festivali-5-960x640.jpg","medium-width":960,"medium-height":640,"medium_large":"https:\/\/zeytinburnu.istanbul\/wp-content\/uploads\/2025\/06\/Geleneksel_Tip_Festivali-5-768x512.jpg","medium_large-width":768,"medium_large-height":512,"large":"https:\/\/zeytinburnu.istanbul\/wp-content\/uploads\/2025\/06\/Geleneksel_Tip_Festivali-5.jpg","large-width":1200,"large-height":800,"1536x1536":"https:\/\/zeytinburnu.istanbul\/wp-content\/uploads\/2025\/06\/Geleneksel_Tip_Festivali-5.jpg","1536x1536-width":1200,"1536x1536-height":800,"2048x2048":"https:\/\/zeytinburnu.istanbul\/wp-content\/uploads\/2025\/06\/Geleneksel_Tip_Festivali-5.jpg","2048x2048-width":1200,"2048x2048-height":800}},{"ID":67075,"id":67075,"title":"Geleneksel_Tip_Festivali (4)","filename":"Geleneksel_Tip_Festivali-4.jpg","filesize":920398,"url":"https:\/\/zeytinburnu.istanbul\/wp-content\/uploads\/2025\/06\/Geleneksel_Tip_Festivali-4.jpg","link":"https:\/\/zeytinburnu.istanbul\/haberler\/geleneksel-tip-festivali-26inci-kez-merkezefendide\/attachment\/geleneksel_tip_festivali-4\/","alt":"","author":"7","description":"","caption":"","name":"geleneksel_tip_festivali-4","status":"inherit","uploaded_to":67071,"date":"2025-06-13 13:18:31","modified":"2025-06-13 13:18:31","menu_order":0,"mime_type":"image\/jpeg","type":"image","subtype":"jpeg","icon":"https:\/\/zeytinburnu.istanbul\/wp-includes\/images\/media\/default.png","width":1200,"height":800,"sizes":{"thumbnail":"https:\/\/zeytinburnu.istanbul\/wp-content\/uploads\/2025\/06\/Geleneksel_Tip_Festivali-4-720x540.jpg","thumbnail-width":720,"thumbnail-height":540,"medium":"https:\/\/zeytinburnu.istanbul\/wp-content\/uploads\/2025\/06\/Geleneksel_Tip_Festivali-4-960x640.jpg","medium-width":960,"medium-height":640,"medium_large":"https:\/\/zeytinburnu.istanbul\/wp-content\/uploads\/2025\/06\/Geleneksel_Tip_Festivali-4-768x512.jpg","medium_large-width":768,"medium_large-height":512,"large":"https:\/\/zeytinburnu.istanbul\/wp-content\/uploads\/2025\/06\/Geleneksel_Tip_Festivali-4.jpg","large-width":1200,"large-height":800,"1536x1536":"https:\/\/zeytinburnu.istanbul\/wp-content\/uploads\/2025\/06\/Geleneksel_Tip_Festivali-4.jpg","1536x1536-width":1200,"1536x1536-height":800,"2048x2048":"https:\/\/zeytinburnu.istanbul\/wp-content\/uploads\/2025\/06\/Geleneksel_Tip_Festivali-4.jpg","2048x2048-width":1200,"2048x2048-height":800}}],"image_details":{"thumbnail":{"file":"Geleneksel_Tip_Festivali-5-720x540.jpg","width":720,"height":540,"mime-type":"image\/jpeg","filesize":121815,"url":"https:\/\/zeytinburnu.istanbul\/wp-content\/uploads\/2025\/06\/Geleneksel_Tip_Festivali-5-720x540.jpg"},"full":{"file":"2025\/06\/Geleneksel_Tip_Festivali-5.jpg","width":1200,"height":800,"mime_type":"image\/jpeg","url":"https:\/\/zeytinburnu.istanbul\/wp-content\/uploads\/2025\/06\/Geleneksel_Tip_Festivali-5.jpg"}}},"_links":{"self":[{"href":"https:\/\/zeytinburnu.istanbul\/api\/wp\/v2\/posts\/67071"}],"collection":[{"href":"https:\/\/zeytinburnu.istanbul\/api\/wp\/v2\/posts"}],"about":[{"href":"https:\/\/zeytinburnu.istanbul\/api\/wp\/v2\/types\/post"}],"author":[{"embeddable":true,"href":"https:\/\/zeytinburnu.istanbul\/api\/wp\/v2\/users\/7"}],"replies":[{"embeddable":true,"href":"https:\/\/zeytinburnu.istanbul\/api\/wp\/v2\/comments?post=67071"}],"version-history":[{"count":3,"href":"https:\/\/zeytinburnu.istanbul\/api\/wp\/v2\/posts\/67071\/revisions"}],"predecessor-version":[{"id":67091,"href":"https:\/\/zeytinburnu.istanbul\/api\/wp\/v2\/posts\/67071\/revisions\/67091"}],"wp:featuredmedia":[{"embeddable":true,"href":"https:\/\/zeytinburnu.istanbul\/api\/wp\/v2\/media\/67076"}],"wp:attachment":[{"href":"https:\/\/zeytinburnu.istanbul\/api\/wp\/v2\/media?parent=67071"}],"wp:term":[{"taxonomy":"category","embeddable":true,"href":"https:\/\/zeytinburnu.istanbul\/api\/wp\/v2\/categories?post=67071"},{"taxonomy":"post_tag","embeddable":true,"href":"https:\/\/zeytinburnu.istanbul\/api\/wp\/v2\/tags?post=67071"}],"curies":[{"name":"wp","href":"https:\/\/api.w.org\/{rel}","templated":true}]}}