

{"id":66882,"date":"2025-05-21T15:14:46","date_gmt":"2025-05-21T12:14:46","guid":{"rendered":"https:\/\/zeytinburnu.istanbul\/?p=66882"},"modified":"2025-05-21T15:14:46","modified_gmt":"2025-05-21T12:14:46","slug":"zeytinburnunda-feslegen-mevsimi-basladi","status":"publish","type":"post","link":"https:\/\/zeytinburnu.istanbul\/haberler\/zeytinburnunda-feslegen-mevsimi-basladi\/","title":{"rendered":"Zeytinburnu\u2019nda Fesle\u011fen Mevsimi Ba\u015flad\u0131"},"content":{"rendered":"<p>Zeytinburnu Belediyesi\u2019nin bahar ay\u0131n\u0131n gelmesiyle 13 y\u0131ld\u0131r s\u00fcrd\u00fcrd\u00fc\u011f\u00fc fesle\u011fen da\u011f\u0131t\u0131m gelene\u011fi bu y\u0131l da bozulmad\u0131<strong>.<\/strong> Sokaklar\u0131 tek tek dola\u015farak vatanda\u015flar\u0131n hat\u0131rlar\u0131n\u0131 soran Zeytinburnu Belediye Ba\u015fkan\u0131 \u00d6mer Ar\u0131soy, balkonlardan sarkan sepetleri de bo\u015f g\u00f6ndermedi.<\/p>\n<p>Merkezefendi Mahallesi\u2019nden ba\u015flayan fesle\u011fen da\u011f\u0131t\u0131m\u0131 s\u0131ras\u0131nda Ar\u0131soy\u2019a AK Parti \u0130l\u00e7e Ba\u015fkan\u0131 Mustafa Yal\u00e7\u0131nkaya ve Ba\u015fkan Yard\u0131mc\u0131lar\u0131 da e\u015flik etti.<\/p>\n<p>Vatanda\u015flar\u0131n yo\u011fun ilgi g\u00f6sterdi\u011fi programda konu\u015fan Ba\u015fkan \u00d6mer Ar\u0131soy , \u201cMerkezefendi Mahalle\u2019mizin g\u00fczel insanlar\u0131 han\u0131mefendiler, beyfendiler\u2026 Zeytinburnu\u2019muzun bir gelene\u011fiyle bahar ay\u0131nda t\u00fcm sokaklar\u0131m\u0131z\u0131 donat\u0131yoruz. Yeni bir bahar\u0131 daha fesle\u011fenle kar\u015f\u0131lamak \u00fczere sokaklar\u0131m\u0131zday\u0131z. Hepinize hay\u0131rl\u0131 sa\u011fl\u0131kl\u0131 g\u00fcnler diliyorum. Her \u015fey g\u00f6nl\u00fcn\u00fczce olsun. Allah Zeytinburnu\u2019muzda birli\u011fimizi, beraberli\u011fimizi, huzurumuzu daim etsin. Hepinize sa\u011fl\u0131k afiyet diliyorum. Sa\u011f olun, var olun\u201d dedi.<\/p>\n<p>&nbsp;<\/p>\n<p>&nbsp;<\/p>\n","protected":false},"excerpt":{"rendered":"<p>Zeytinburnu Belediyesi\u2019nin bahar ay\u0131n\u0131n gelmesiyle 13 y\u0131ld\u0131r s\u00fcrd\u00fcrd\u00fc\u011f\u00fc fesle\u011fen da\u011f\u0131t\u0131m gelene\u011fi bu y\u0131l da bozulmad\u0131. Sokaklar\u0131 tek tek dola\u015farak vatanda\u015flar\u0131n hat\u0131rlar\u0131n\u0131 soran Zeytinburnu Belediye Ba\u015fkan\u0131 \u00d6mer Ar\u0131soy, balkonlardan sarkan sepetleri de bo\u015f g\u00f6ndermedi. Merkezefendi Mahallesi\u2019nden ba\u015flayan fesle\u011fen da\u011f\u0131t\u0131m\u0131 s\u0131ras\u0131nda Ar\u0131soy\u2019a AK Parti \u0130l\u00e7e Ba\u015fkan\u0131 Mustafa Yal\u00e7\u0131nkaya ve Ba\u015fkan Yard\u0131mc\u0131lar\u0131 da e\u015flik etti. Vatanda\u015flar\u0131n yo\u011fun ilgi [&hellip;]<\/p>\n","protected":false},"author":6,"featured_media":66883,"comment_status":"closed","ping_status":"closed","sticky":false,"template":"","format":"standard","meta":{"inline_featured_image":false,"footnotes":""},"categories":[1],"tags":[],"acf":[],"yoast_head":"<!-- This site is optimized with the Yoast SEO plugin v21.5 - https:\/\/yoast.com\/wordpress\/plugins\/seo\/ -->\n<title>Zeytinburnu\u2019nda Fesle\u011fen Mevsimi Ba\u015flad\u0131 - Zeytinburnu Belediyesi<\/title>\n<meta name=\"robots\" content=\"index, follow, max-snippet:-1, max-image-preview:large, max-video-preview:-1\" \/>\n<link rel=\"canonical\" href=\"https:\/\/zeytinburnu.istanbul\/haberler\/zeytinburnunda-feslegen-mevsimi-basladi\/\" \/>\n<meta property=\"og:locale\" content=\"tr_TR\" \/>\n<meta property=\"og:type\" content=\"article\" \/>\n<meta property=\"og:title\" content=\"Zeytinburnu\u2019nda Fesle\u011fen Mevsimi Ba\u015flad\u0131 - Zeytinburnu Belediyesi\" \/>\n<meta property=\"og:description\" content=\"Zeytinburnu Belediyesi\u2019nin bahar ay\u0131n\u0131n gelmesiyle 13 y\u0131ld\u0131r s\u00fcrd\u00fcrd\u00fc\u011f\u00fc fesle\u011fen da\u011f\u0131t\u0131m gelene\u011fi bu y\u0131l da bozulmad\u0131. Sokaklar\u0131 tek tek dola\u015farak vatanda\u015flar\u0131n hat\u0131rlar\u0131n\u0131 soran Zeytinburnu Belediye Ba\u015fkan\u0131 \u00d6mer Ar\u0131soy, balkonlardan sarkan sepetleri de bo\u015f g\u00f6ndermedi. Merkezefendi Mahallesi\u2019nden ba\u015flayan fesle\u011fen da\u011f\u0131t\u0131m\u0131 s\u0131ras\u0131nda Ar\u0131soy\u2019a AK Parti \u0130l\u00e7e Ba\u015fkan\u0131 Mustafa Yal\u00e7\u0131nkaya ve Ba\u015fkan Yard\u0131mc\u0131lar\u0131 da e\u015flik etti. Vatanda\u015flar\u0131n yo\u011fun ilgi [&hellip;]\" \/>\n<meta property=\"og:url\" content=\"https:\/\/zeytinburnu.istanbul\/haberler\/zeytinburnunda-feslegen-mevsimi-basladi\/\" \/>\n<meta property=\"og:site_name\" content=\"Zeytinburnu Belediyesi\" \/>\n<meta property=\"article:publisher\" content=\"https:\/\/web.facebook.com\/zeytinburnubld\/\" \/>\n<meta property=\"article:published_time\" content=\"2025-05-21T12:14:46+00:00\" \/>\n<meta property=\"og:image\" content=\"https:\/\/zeytinburnu.istanbul\/wp-content\/uploads\/2025\/05\/Haber-feslegen-001t.jpg\" \/>\n\t<meta property=\"og:image:width\" content=\"615\" \/>\n\t<meta property=\"og:image:height\" content=\"413\" \/>\n\t<meta property=\"og:image:type\" content=\"image\/jpeg\" \/>\n<meta name=\"author\" content=\"Nihan K\u00fc\u00e7\u00fck\" \/>\n<meta name=\"twitter:card\" content=\"summary_large_image\" \/>\n<meta name=\"twitter:creator\" content=\"@zeytinburnubld\" \/>\n<meta name=\"twitter:site\" content=\"@zeytinburnubld\" \/>\n<meta name=\"twitter:label1\" content=\"Yazan:\" \/>\n\t<meta name=\"twitter:data1\" content=\"Nihan K\u00fc\u00e7\u00fck\" \/>\n\t<meta name=\"twitter:label2\" content=\"Tahmini okuma s\u00fcresi\" \/>\n\t<meta name=\"twitter:data2\" content=\"1 dakika\" \/>\n<script type=\"application\/ld+json\" class=\"yoast-schema-graph\">{\"@context\":\"https:\/\/schema.org\",\"@graph\":[{\"@type\":\"WebPage\",\"@id\":\"https:\/\/zeytinburnu.istanbul\/haberler\/zeytinburnunda-feslegen-mevsimi-basladi\/\",\"url\":\"https:\/\/zeytinburnu.istanbul\/haberler\/zeytinburnunda-feslegen-mevsimi-basladi\/\",\"name\":\"Zeytinburnu\u2019nda Fesle\u011fen Mevsimi Ba\u015flad\u0131 - Zeytinburnu Belediyesi\",\"isPartOf\":{\"@id\":\"https:\/\/zeytinburnu.istanbul\/#website\"},\"datePublished\":\"2025-05-21T12:14:46+00:00\",\"dateModified\":\"2025-05-21T12:14:46+00:00\",\"author\":{\"@id\":\"https:\/\/zeytinburnu.istanbul\/#\/schema\/person\/fa9b36b4d792e5aec0a8718c19538adc\"},\"breadcrumb\":{\"@id\":\"https:\/\/zeytinburnu.istanbul\/haberler\/zeytinburnunda-feslegen-mevsimi-basladi\/#breadcrumb\"},\"inLanguage\":\"tr\",\"potentialAction\":[{\"@type\":\"ReadAction\",\"target\":[\"https:\/\/zeytinburnu.istanbul\/haberler\/zeytinburnunda-feslegen-mevsimi-basladi\/\"]}]},{\"@type\":\"BreadcrumbList\",\"@id\":\"https:\/\/zeytinburnu.istanbul\/haberler\/zeytinburnunda-feslegen-mevsimi-basladi\/#breadcrumb\",\"itemListElement\":[{\"@type\":\"ListItem\",\"position\":1,\"name\":\"Anasayfa\",\"item\":\"https:\/\/zeytinburnu.istanbul\/\"},{\"@type\":\"ListItem\",\"position\":2,\"name\":\"Zeytinburnu\u2019nda Fesle\u011fen Mevsimi Ba\u015flad\u0131\"}]},{\"@type\":\"WebSite\",\"@id\":\"https:\/\/zeytinburnu.istanbul\/#website\",\"url\":\"https:\/\/zeytinburnu.istanbul\/\",\"name\":\"Zeytinburnu Belediyesi\",\"description\":\"\",\"potentialAction\":[{\"@type\":\"SearchAction\",\"target\":{\"@type\":\"EntryPoint\",\"urlTemplate\":\"https:\/\/zeytinburnu.istanbul\/?s={search_term_string}\"},\"query-input\":\"required name=search_term_string\"}],\"inLanguage\":\"tr\"},{\"@type\":\"Person\",\"@id\":\"https:\/\/zeytinburnu.istanbul\/#\/schema\/person\/fa9b36b4d792e5aec0a8718c19538adc\",\"name\":\"Nihan K\u00fc\u00e7\u00fck\",\"image\":{\"@type\":\"ImageObject\",\"inLanguage\":\"tr\",\"@id\":\"https:\/\/zeytinburnu.istanbul\/#\/schema\/person\/image\/\",\"url\":\"https:\/\/secure.gravatar.com\/avatar\/f5a876a005c2831c9c4939c10af65fe7?s=96&d=mm&r=g\",\"contentUrl\":\"https:\/\/secure.gravatar.com\/avatar\/f5a876a005c2831c9c4939c10af65fe7?s=96&d=mm&r=g\",\"caption\":\"Nihan K\u00fc\u00e7\u00fck\"},\"url\":\"https:\/\/zeytinburnu.istanbul\/author\/nihankucuk\/\"}]}<\/script>\n<!-- \/ Yoast SEO plugin. -->","yoast_head_json":{"title":"Zeytinburnu\u2019nda Fesle\u011fen Mevsimi Ba\u015flad\u0131 - Zeytinburnu Belediyesi","robots":{"index":"index","follow":"follow","max-snippet":"max-snippet:-1","max-image-preview":"max-image-preview:large","max-video-preview":"max-video-preview:-1"},"canonical":"https:\/\/zeytinburnu.istanbul\/haberler\/zeytinburnunda-feslegen-mevsimi-basladi\/","og_locale":"tr_TR","og_type":"article","og_title":"Zeytinburnu\u2019nda Fesle\u011fen Mevsimi Ba\u015flad\u0131 - Zeytinburnu Belediyesi","og_description":"Zeytinburnu Belediyesi\u2019nin bahar ay\u0131n\u0131n gelmesiyle 13 y\u0131ld\u0131r s\u00fcrd\u00fcrd\u00fc\u011f\u00fc fesle\u011fen da\u011f\u0131t\u0131m gelene\u011fi bu y\u0131l da bozulmad\u0131. Sokaklar\u0131 tek tek dola\u015farak vatanda\u015flar\u0131n hat\u0131rlar\u0131n\u0131 soran Zeytinburnu Belediye Ba\u015fkan\u0131 \u00d6mer Ar\u0131soy, balkonlardan sarkan sepetleri de bo\u015f g\u00f6ndermedi. Merkezefendi Mahallesi\u2019nden ba\u015flayan fesle\u011fen da\u011f\u0131t\u0131m\u0131 s\u0131ras\u0131nda Ar\u0131soy\u2019a AK Parti \u0130l\u00e7e Ba\u015fkan\u0131 Mustafa Yal\u00e7\u0131nkaya ve Ba\u015fkan Yard\u0131mc\u0131lar\u0131 da e\u015flik etti. Vatanda\u015flar\u0131n yo\u011fun ilgi [&hellip;]","og_url":"https:\/\/zeytinburnu.istanbul\/haberler\/zeytinburnunda-feslegen-mevsimi-basladi\/","og_site_name":"Zeytinburnu Belediyesi","article_publisher":"https:\/\/web.facebook.com\/zeytinburnubld\/","article_published_time":"2025-05-21T12:14:46+00:00","og_image":[{"width":615,"height":413,"url":"https:\/\/zeytinburnu.istanbul\/wp-content\/uploads\/2025\/05\/Haber-feslegen-001t.jpg","type":"image\/jpeg"}],"author":"Nihan K\u00fc\u00e7\u00fck","twitter_card":"summary_large_image","twitter_creator":"@zeytinburnubld","twitter_site":"@zeytinburnubld","twitter_misc":{"Yazan:":"Nihan K\u00fc\u00e7\u00fck","Tahmini okuma s\u00fcresi":"1 dakika"},"schema":{"@context":"https:\/\/schema.org","@graph":[{"@type":"WebPage","@id":"https:\/\/zeytinburnu.istanbul\/haberler\/zeytinburnunda-feslegen-mevsimi-basladi\/","url":"https:\/\/zeytinburnu.istanbul\/haberler\/zeytinburnunda-feslegen-mevsimi-basladi\/","name":"Zeytinburnu\u2019nda Fesle\u011fen Mevsimi Ba\u015flad\u0131 - Zeytinburnu Belediyesi","isPartOf":{"@id":"https:\/\/zeytinburnu.istanbul\/#website"},"datePublished":"2025-05-21T12:14:46+00:00","dateModified":"2025-05-21T12:14:46+00:00","author":{"@id":"https:\/\/zeytinburnu.istanbul\/#\/schema\/person\/fa9b36b4d792e5aec0a8718c19538adc"},"breadcrumb":{"@id":"https:\/\/zeytinburnu.istanbul\/haberler\/zeytinburnunda-feslegen-mevsimi-basladi\/#breadcrumb"},"inLanguage":"tr","potentialAction":[{"@type":"ReadAction","target":["https:\/\/zeytinburnu.istanbul\/haberler\/zeytinburnunda-feslegen-mevsimi-basladi\/"]}]},{"@type":"BreadcrumbList","@id":"https:\/\/zeytinburnu.istanbul\/haberler\/zeytinburnunda-feslegen-mevsimi-basladi\/#breadcrumb","itemListElement":[{"@type":"ListItem","position":1,"name":"Anasayfa","item":"https:\/\/zeytinburnu.istanbul\/"},{"@type":"ListItem","position":2,"name":"Zeytinburnu\u2019nda Fesle\u011fen Mevsimi Ba\u015flad\u0131"}]},{"@type":"WebSite","@id":"https:\/\/zeytinburnu.istanbul\/#website","url":"https:\/\/zeytinburnu.istanbul\/","name":"Zeytinburnu Belediyesi","description":"","potentialAction":[{"@type":"SearchAction","target":{"@type":"EntryPoint","urlTemplate":"https:\/\/zeytinburnu.istanbul\/?s={search_term_string}"},"query-input":"required name=search_term_string"}],"inLanguage":"tr"},{"@type":"Person","@id":"https:\/\/zeytinburnu.istanbul\/#\/schema\/person\/fa9b36b4d792e5aec0a8718c19538adc","name":"Nihan K\u00fc\u00e7\u00fck","image":{"@type":"ImageObject","inLanguage":"tr","@id":"https:\/\/zeytinburnu.istanbul\/#\/schema\/person\/image\/","url":"https:\/\/secure.gravatar.com\/avatar\/f5a876a005c2831c9c4939c10af65fe7?s=96&d=mm&r=g","contentUrl":"https:\/\/secure.gravatar.com\/avatar\/f5a876a005c2831c9c4939c10af65fe7?s=96&d=mm&r=g","caption":"Nihan K\u00fc\u00e7\u00fck"},"url":"https:\/\/zeytinburnu.istanbul\/author\/nihankucuk\/"}]}},"meta_data":{"spot_ozet_metin":"Zeytinburnu\u2019nda bahar aylar\u0131n\u0131n m\u00fcjdecisi fesle\u011fen da\u011f\u0131t\u0131m gelene\u011fi bu y\u0131l Merkezefendi Mahallesi\u2019nden ba\u015flad\u0131. Zeytinburnu Belediye Ba\u015fkan\u0131 \u00d6mer Ar\u0131soy, bahar kokulu fesle\u011fenleri bir ay boyunca t\u00fcm mahalleleri ziyaret ederek il\u00e7e halk\u0131na da\u011f\u0131tacak.","sidebar_tipi":"varsayilan","ikincil_gorsel":{"ID":66884,"id":66884,"title":"Haber- feslegen 002","filename":"Haber-feslegen-002.jpg","filesize":78328,"url":"https:\/\/zeytinburnu.istanbul\/wp-content\/uploads\/2025\/05\/Haber-feslegen-002.jpg","link":"https:\/\/zeytinburnu.istanbul\/haberler\/zeytinburnunda-feslegen-mevsimi-basladi\/attachment\/haber-feslegen-002-2\/","alt":"","author":"6","description":"","caption":"","name":"haber-feslegen-002-2","status":"inherit","uploaded_to":66882,"date":"2025-05-21 12:12:47","modified":"2025-05-21 12:12:47","menu_order":0,"mime_type":"image\/jpeg","type":"image","subtype":"jpeg","icon":"https:\/\/zeytinburnu.istanbul\/wp-includes\/images\/media\/default.png","width":641,"height":406,"sizes":{"thumbnail":"https:\/\/zeytinburnu.istanbul\/wp-content\/uploads\/2025\/05\/Haber-feslegen-002.jpg","thumbnail-width":641,"thumbnail-height":406,"medium":"https:\/\/zeytinburnu.istanbul\/wp-content\/uploads\/2025\/05\/Haber-feslegen-002.jpg","medium-width":641,"medium-height":406,"medium_large":"https:\/\/zeytinburnu.istanbul\/wp-content\/uploads\/2025\/05\/Haber-feslegen-002.jpg","medium_large-width":641,"medium_large-height":406,"large":"https:\/\/zeytinburnu.istanbul\/wp-content\/uploads\/2025\/05\/Haber-feslegen-002.jpg","large-width":641,"large-height":406,"1536x1536":"https:\/\/zeytinburnu.istanbul\/wp-content\/uploads\/2025\/05\/Haber-feslegen-002.jpg","1536x1536-width":641,"1536x1536-height":406,"2048x2048":"https:\/\/zeytinburnu.istanbul\/wp-content\/uploads\/2025\/05\/Haber-feslegen-002.jpg","2048x2048-width":641,"2048x2048-height":406}},"haber_tarihi":"21 May\u0131s 2025","haber_saati":"12:00","yayindan_cikis_tarihi":"","youtube_video_id":"","vimeo_video_id":"","video_dosya":false,"ekler":false,"galeri_basligi":"Zeytinburnu\u2019nda Fesle\u011fen Mevsimi Ba\u015flad\u0131","galeri":[{"ID":66885,"id":66885,"title":"Haber- feslegen 003","filename":"Haber-feslegen-003.jpg","filesize":88497,"url":"https:\/\/zeytinburnu.istanbul\/wp-content\/uploads\/2025\/05\/Haber-feslegen-003.jpg","link":"https:\/\/zeytinburnu.istanbul\/haberler\/zeytinburnunda-feslegen-mevsimi-basladi\/attachment\/haber-feslegen-003-2\/","alt":"","author":"6","description":"","caption":"","name":"haber-feslegen-003-2","status":"inherit","uploaded_to":66882,"date":"2025-05-21 12:13:07","modified":"2025-05-21 12:13:07","menu_order":0,"mime_type":"image\/jpeg","type":"image","subtype":"jpeg","icon":"https:\/\/zeytinburnu.istanbul\/wp-includes\/images\/media\/default.png","width":1200,"height":800,"sizes":{"thumbnail":"https:\/\/zeytinburnu.istanbul\/wp-content\/uploads\/2025\/05\/Haber-feslegen-003-720x540.jpg","thumbnail-width":720,"thumbnail-height":540,"medium":"https:\/\/zeytinburnu.istanbul\/wp-content\/uploads\/2025\/05\/Haber-feslegen-003-960x640.jpg","medium-width":960,"medium-height":640,"medium_large":"https:\/\/zeytinburnu.istanbul\/wp-content\/uploads\/2025\/05\/Haber-feslegen-003-768x512.jpg","medium_large-width":768,"medium_large-height":512,"large":"https:\/\/zeytinburnu.istanbul\/wp-content\/uploads\/2025\/05\/Haber-feslegen-003.jpg","large-width":1200,"large-height":800,"1536x1536":"https:\/\/zeytinburnu.istanbul\/wp-content\/uploads\/2025\/05\/Haber-feslegen-003.jpg","1536x1536-width":1200,"1536x1536-height":800,"2048x2048":"https:\/\/zeytinburnu.istanbul\/wp-content\/uploads\/2025\/05\/Haber-feslegen-003.jpg","2048x2048-width":1200,"2048x2048-height":800}},{"ID":66886,"id":66886,"title":"Haber- feslegen 004","filename":"Haber-feslegen-004.jpg","filesize":132048,"url":"https:\/\/zeytinburnu.istanbul\/wp-content\/uploads\/2025\/05\/Haber-feslegen-004.jpg","link":"https:\/\/zeytinburnu.istanbul\/haberler\/zeytinburnunda-feslegen-mevsimi-basladi\/attachment\/haber-feslegen-004-2\/","alt":"","author":"6","description":"","caption":"","name":"haber-feslegen-004-2","status":"inherit","uploaded_to":66882,"date":"2025-05-21 12:13:08","modified":"2025-05-21 12:13:08","menu_order":0,"mime_type":"image\/jpeg","type":"image","subtype":"jpeg","icon":"https:\/\/zeytinburnu.istanbul\/wp-includes\/images\/media\/default.png","width":1200,"height":800,"sizes":{"thumbnail":"https:\/\/zeytinburnu.istanbul\/wp-content\/uploads\/2025\/05\/Haber-feslegen-004-720x540.jpg","thumbnail-width":720,"thumbnail-height":540,"medium":"https:\/\/zeytinburnu.istanbul\/wp-content\/uploads\/2025\/05\/Haber-feslegen-004-960x640.jpg","medium-width":960,"medium-height":640,"medium_large":"https:\/\/zeytinburnu.istanbul\/wp-content\/uploads\/2025\/05\/Haber-feslegen-004-768x512.jpg","medium_large-width":768,"medium_large-height":512,"large":"https:\/\/zeytinburnu.istanbul\/wp-content\/uploads\/2025\/05\/Haber-feslegen-004.jpg","large-width":1200,"large-height":800,"1536x1536":"https:\/\/zeytinburnu.istanbul\/wp-content\/uploads\/2025\/05\/Haber-feslegen-004.jpg","1536x1536-width":1200,"1536x1536-height":800,"2048x2048":"https:\/\/zeytinburnu.istanbul\/wp-content\/uploads\/2025\/05\/Haber-feslegen-004.jpg","2048x2048-width":1200,"2048x2048-height":800}},{"ID":66887,"id":66887,"title":"Haber- feslegen 005","filename":"Haber-feslegen-005.jpg","filesize":140228,"url":"https:\/\/zeytinburnu.istanbul\/wp-content\/uploads\/2025\/05\/Haber-feslegen-005.jpg","link":"https:\/\/zeytinburnu.istanbul\/haberler\/zeytinburnunda-feslegen-mevsimi-basladi\/attachment\/haber-feslegen-005-2\/","alt":"","author":"6","description":"","caption":"","name":"haber-feslegen-005-2","status":"inherit","uploaded_to":66882,"date":"2025-05-21 12:13:09","modified":"2025-05-21 12:13:09","menu_order":0,"mime_type":"image\/jpeg","type":"image","subtype":"jpeg","icon":"https:\/\/zeytinburnu.istanbul\/wp-includes\/images\/media\/default.png","width":1200,"height":800,"sizes":{"thumbnail":"https:\/\/zeytinburnu.istanbul\/wp-content\/uploads\/2025\/05\/Haber-feslegen-005-720x540.jpg","thumbnail-width":720,"thumbnail-height":540,"medium":"https:\/\/zeytinburnu.istanbul\/wp-content\/uploads\/2025\/05\/Haber-feslegen-005-960x640.jpg","medium-width":960,"medium-height":640,"medium_large":"https:\/\/zeytinburnu.istanbul\/wp-content\/uploads\/2025\/05\/Haber-feslegen-005-768x512.jpg","medium_large-width":768,"medium_large-height":512,"large":"https:\/\/zeytinburnu.istanbul\/wp-content\/uploads\/2025\/05\/Haber-feslegen-005.jpg","large-width":1200,"large-height":800,"1536x1536":"https:\/\/zeytinburnu.istanbul\/wp-content\/uploads\/2025\/05\/Haber-feslegen-005.jpg","1536x1536-width":1200,"1536x1536-height":800,"2048x2048":"https:\/\/zeytinburnu.istanbul\/wp-content\/uploads\/2025\/05\/Haber-feslegen-005.jpg","2048x2048-width":1200,"2048x2048-height":800}},{"ID":66888,"id":66888,"title":"Haber- feslegen 006","filename":"Haber-feslegen-006.jpg","filesize":75028,"url":"https:\/\/zeytinburnu.istanbul\/wp-content\/uploads\/2025\/05\/Haber-feslegen-006.jpg","link":"https:\/\/zeytinburnu.istanbul\/haberler\/zeytinburnunda-feslegen-mevsimi-basladi\/attachment\/haber-feslegen-006-2\/","alt":"","author":"6","description":"","caption":"","name":"haber-feslegen-006-2","status":"inherit","uploaded_to":66882,"date":"2025-05-21 12:13:11","modified":"2025-05-21 12:13:11","menu_order":0,"mime_type":"image\/jpeg","type":"image","subtype":"jpeg","icon":"https:\/\/zeytinburnu.istanbul\/wp-includes\/images\/media\/default.png","width":1200,"height":800,"sizes":{"thumbnail":"https:\/\/zeytinburnu.istanbul\/wp-content\/uploads\/2025\/05\/Haber-feslegen-006-720x540.jpg","thumbnail-width":720,"thumbnail-height":540,"medium":"https:\/\/zeytinburnu.istanbul\/wp-content\/uploads\/2025\/05\/Haber-feslegen-006-960x640.jpg","medium-width":960,"medium-height":640,"medium_large":"https:\/\/zeytinburnu.istanbul\/wp-content\/uploads\/2025\/05\/Haber-feslegen-006-768x512.jpg","medium_large-width":768,"medium_large-height":512,"large":"https:\/\/zeytinburnu.istanbul\/wp-content\/uploads\/2025\/05\/Haber-feslegen-006.jpg","large-width":1200,"large-height":800,"1536x1536":"https:\/\/zeytinburnu.istanbul\/wp-content\/uploads\/2025\/05\/Haber-feslegen-006.jpg","1536x1536-width":1200,"1536x1536-height":800,"2048x2048":"https:\/\/zeytinburnu.istanbul\/wp-content\/uploads\/2025\/05\/Haber-feslegen-006.jpg","2048x2048-width":1200,"2048x2048-height":800}}],"image_details":{"thumbnail":{"url":"https:\/\/zeytinburnu.istanbul\/wp-content\/uploads\/2025\/05\/Haber-feslegen-001t.jpg"},"full":{"file":"2025\/05\/Haber-feslegen-001t.jpg","width":615,"height":413,"mime_type":"image\/jpeg","url":"https:\/\/zeytinburnu.istanbul\/wp-content\/uploads\/2025\/05\/Haber-feslegen-001t.jpg"}}},"_links":{"self":[{"href":"https:\/\/zeytinburnu.istanbul\/api\/wp\/v2\/posts\/66882"}],"collection":[{"href":"https:\/\/zeytinburnu.istanbul\/api\/wp\/v2\/posts"}],"about":[{"href":"https:\/\/zeytinburnu.istanbul\/api\/wp\/v2\/types\/post"}],"author":[{"embeddable":true,"href":"https:\/\/zeytinburnu.istanbul\/api\/wp\/v2\/users\/6"}],"replies":[{"embeddable":true,"href":"https:\/\/zeytinburnu.istanbul\/api\/wp\/v2\/comments?post=66882"}],"version-history":[{"count":3,"href":"https:\/\/zeytinburnu.istanbul\/api\/wp\/v2\/posts\/66882\/revisions"}],"predecessor-version":[{"id":66891,"href":"https:\/\/zeytinburnu.istanbul\/api\/wp\/v2\/posts\/66882\/revisions\/66891"}],"wp:featuredmedia":[{"embeddable":true,"href":"https:\/\/zeytinburnu.istanbul\/api\/wp\/v2\/media\/66883"}],"wp:attachment":[{"href":"https:\/\/zeytinburnu.istanbul\/api\/wp\/v2\/media?parent=66882"}],"wp:term":[{"taxonomy":"category","embeddable":true,"href":"https:\/\/zeytinburnu.istanbul\/api\/wp\/v2\/categories?post=66882"},{"taxonomy":"post_tag","embeddable":true,"href":"https:\/\/zeytinburnu.istanbul\/api\/wp\/v2\/tags?post=66882"}],"curies":[{"name":"wp","href":"https:\/\/api.w.org\/{rel}","templated":true}]}}