

{"id":66847,"date":"2025-05-10T19:49:02","date_gmt":"2025-05-10T16:49:02","guid":{"rendered":"https:\/\/zeytinburnu.istanbul\/?p=66847"},"modified":"2025-05-10T19:49:02","modified_gmt":"2025-05-10T16:49:02","slug":"19-geleneksel-kitap-okuma-yarismasi-odul-toreni-yapildi","status":"publish","type":"post","link":"https:\/\/zeytinburnu.istanbul\/haberler\/19-geleneksel-kitap-okuma-yarismasi-odul-toreni-yapildi\/","title":{"rendered":"19. Geleneksel Kitap Okuma Yar\u0131\u015fmas\u0131 \u00d6d\u00fcl T\u00f6reni Yap\u0131ld\u0131"},"content":{"rendered":"<p style=\"text-align: justify\"><strong>Zeytinburnu Belediyesi Bilgi Evleri<\/strong> ve <strong>Gen\u00e7lik Merkezi<\/strong> taraf\u0131ndan d\u00fczenlenen <strong>19. Geleneksel Kitap Okuma Yar\u0131\u015fmas\u0131 \u00d6d\u00fcl T\u00f6reni<\/strong>,<strong> Zeytinburnu Belediye Ba\u015fkan\u0131 \u00d6mer Ar\u0131soy<\/strong> ev sahipli\u011finde<strong> Zeytinburnu K\u00fclt\u00fcr Sanat Merkezi<\/strong>\u2019nde ger\u00e7ekle\u015fti. \u00d6d\u00fcl t\u00f6renine kat\u0131lan <strong>Milli E\u011fitim Bakan\u0131 Yusuf Tekin<\/strong>, &#8220;T\u00fcrkiye Y\u00fczy\u0131l\u0131 Maarif Modeliyle en \u00e7ok yapmak istedi\u011fimiz kitap okuma al\u0131\u015fkanl\u0131\u011f\u0131 kazand\u0131rmakt\u0131r. \u00c7ocuklar\u0131m\u0131z\u0131n okuma yazma becerilerini geli\u015ftirmektir. Okudu\u011funu anlayabilen, okudu\u011fu \u00fczerinden analiz yapabilen, yorumlayabilen \u00e7ocuklar\u0131m\u0131z olsun istiyoruz&#8221; dedi.<\/p>\n<p style=\"text-align: justify\"><strong>4<\/strong> grupta d\u00fczenlenen yar\u0131\u015fmada,<strong> 1<\/strong>\u2019inci grubu <strong>4<\/strong> ve <strong>5.<\/strong> s\u0131n\u0131flar,<strong> 2<\/strong>\u2019inci grubu <strong>6,<\/strong> <strong>7<\/strong> ve <strong>8.<\/strong> s\u0131n\u0131flar, <strong>3<\/strong>\u2019\u00fcnc\u00fc grubu lise \u00f6\u011frencileri, <strong>4<\/strong>\u2019\u00fcnc\u00fc grubu ise yeti\u015fkinler olu\u015fturdu.<\/p>\n<p style=\"text-align: justify\"><span style=\"color: #ff0000\"><strong>YARI\u015eMA \u0130\u00c7\u0130N 22 B\u0130N 900 K\u0130TAP OKUNDU<\/strong><\/span><\/p>\n<p style=\"text-align: justify\"><strong>Milli E\u011fitim Bakan\u0131 Yusuf Tekin<\/strong> ve <strong>Zeytinburnu Belediye Ba\u015fkan\u0131 \u00d6mer Ar\u0131soy<\/strong>\u2019un kat\u0131l\u0131m\u0131yla ba\u015flayan t\u00f6ren, sayg\u0131 duru\u015fu ve \u0130stiklal Mar\u015f\u0131\u2019n\u0131n okunmas\u0131n\u0131n ard\u0131ndan yar\u0131\u015fma tan\u0131t\u0131m videosunun g\u00f6sterimi ile devam etti. <strong>7 bin 668<\/strong> okuyucunun kat\u0131ld\u0131\u011f\u0131 yar\u0131\u015fmada<strong> 22 bin 900<\/strong> adet kitap okundu. Yar\u0131\u015fmay\u0131 kazanan birincilere <strong>30 bin TL<\/strong>, ikincilere <strong>20 bin TL<\/strong>, \u00fc\u00e7\u00fcnc\u00fclere <strong>15 bin TL<\/strong>, d\u00f6rd\u00fcnc\u00fclere <strong>10 bin TL<\/strong>, be\u015fincilere <strong>7 bin 500 TL<\/strong>, 6,7,8,9 ve <strong>10<\/strong>\u2019unculara ise<strong> 5 bin TL<\/strong> para \u00f6d\u00fcl\u00fc verildi.<\/p>\n<p style=\"text-align: justify\"><span style=\"color: #ff0000\"><strong>BAKAN TEK\u0130N: \u201cVEL\u0130LER\u0130M\u0130Z\u0130N DAHA FAZLA OKUMASI GEREKL\u0130\u201d <\/strong><\/span><\/p>\n<p style=\"text-align: justify\">Velilerin az kitap okudu\u011funu s\u00f6yleyen <strong>Bakan Tekin<\/strong>, &#8220;Biz \u00f6zellikle bu y\u0131l uygulamaya koydu\u011fumuz T\u00fcrkiye Y\u00fczy\u0131l\u0131 Maarif Modeliyle en \u00e7ok yapmak istedi\u011fimiz \u015fey kitap okuma al\u0131\u015fkanl\u0131\u011f\u0131 kazand\u0131rmakt\u0131r. \u00c7ocuklar\u0131m\u0131z\u0131n okuma yazma becerilerini geli\u015ftirmektir. Okudu\u011funu anlayabilen, okudu\u011fu \u00fczerinden analiz yapabilen, yorumlayabilen \u00e7ocuklar\u0131m\u0131z olsun istiyoruz. Bunu te\u015fvik ediyoruz. Ben belediye ba\u015fkan\u0131m\u0131za \u015funun i\u00e7in te\u015fekk\u00fcr ediyorum. Daha \u00f6ncede ben birka\u00e7 yerde s\u00f6yledim. Bizde \u00e7ocuklar\u0131m\u0131za bir \u015fekilde okuma konusunda te\u015fvikler yap\u0131yoruz. Velilerimiz bu s\u00fcrecin d\u0131\u015f\u0131nda kal\u0131yordu. Belediye ba\u015fkan\u0131m\u0131za bunun i\u00e7in te\u015fekk\u00fcr ediyorum. Bu yar\u0131\u015fmada yeti\u015fkin kategorisi de var. O da \u00e7ok \u00f6nemli. Ebeveynlerin haftal\u0131k okuma saatleri d\u00fcnya ortalamas\u0131n\u0131n 3\u2019te 1\u2019i d\u00fczeyindedir. Velilerimiz az kitap okuyor. Bu vesileyle bu s\u00fcreci de hep beraber desteklemi\u015f olaca\u011f\u0131z.&#8221; ifadelerini kulland\u0131.<\/p>\n<p style=\"text-align: justify\"><span style=\"color: #ff0000\"><strong>BA\u015eKAN ARISOY: \u201cBU YARI\u015eMANIN KAYBEDEN\u0130 YOK, OKUNMU\u015e HER K\u0130TAP B\u0130R \u00d6D\u00dcLD\u00dcR\u2026\u201d<\/strong><\/span><\/p>\n<p style=\"text-align: justify\"><strong>Zeytinburnu Belediye Ba\u015fkan\u0131 \u00d6mer Ar\u0131soy<\/strong> ise, &#8220;Zeytinburnu\u2019nda Bilgi Evi uygulamas\u0131 2005 y\u0131l\u0131nda ba\u015flad\u0131. Ayn\u0131 y\u0131l kitap okuma yar\u0131\u015fmas\u0131n\u0131 da ba\u015flatm\u0131\u015ft\u0131k. Pandemi yani 2020 ve 2021 y\u0131llar\u0131 d\u0131\u015f\u0131nda her y\u0131l kitap okuma yar\u0131\u015fmas\u0131n\u0131 il\u00e7emizde b\u00fcy\u00fck bir koordinasyon i\u00e7inde kaymakaml\u0131\u011f\u0131m\u0131z, il\u00e7e milli e\u011fitim m\u00fcd\u00fcrl\u00fc\u011f\u00fcm\u00fcz, okullar\u0131m\u0131z, \u00f6\u011fretmenlerimizle birlikte y\u00fcr\u00fct\u00fcyoruz. \u00c7ok \u015f\u00fck\u00fcr, bug\u00fcn yeniden g\u00fczel bir say\u0131yla \u00f6d\u00fcl t\u00f6renindeyiz. Bu yar\u0131\u015fman\u0131n kaybedeni yok. \u00c7\u00fcnk\u00fc kitap okumak tek ba\u015f\u0131na bir \u00f6d\u00fcld\u00fcr. Hepimiz i\u00e7in insanl\u0131k i\u00e7in bir \u00f6d\u00fcl. Zeytinburnu Belediyesi olarak \u00e7eyrek as\u0131rd\u0131r \u00e7ocuklar\u0131m\u0131za gen\u00e7lerimize, okul d\u0131\u015f\u0131nda ba\u015fka yetenekler, u\u011fra\u015flar, kabiliyetler kazand\u0131rmak i\u00e7in \u00e7al\u0131\u015f\u0131yoruz.&#8221; diye konu\u015ftu.<\/p>\n<div><a class=\"btn btn--primary btn--i-right mb-2\" href=\"https:\/\/bilgievi.org.tr\/\" target=\"_blank\"><span class=\"btn__txt\">Yar\u0131\u015fma Sonu\u00e7lar\u0131 \u0130\u00e7in TIKLAYIN..!<\/span><span class=\"btn__icon icon-font\"><svg class=\"icon icon-font\"><use xlink:href=\"https:\/\/zeytinburnu.istanbul\/wp-content\/themes\/zb-theme\/assets\/icons\/icons.svg#icon-arrow-r\"><\/use><\/svg><\/span><\/a><\/div>\n","protected":false},"excerpt":{"rendered":"<p>Zeytinburnu Belediyesi Bilgi Evleri ve Gen\u00e7lik Merkezi taraf\u0131ndan d\u00fczenlenen 19. Geleneksel Kitap Okuma Yar\u0131\u015fmas\u0131 \u00d6d\u00fcl T\u00f6reni, Zeytinburnu Belediye Ba\u015fkan\u0131 \u00d6mer Ar\u0131soy ev sahipli\u011finde Zeytinburnu K\u00fclt\u00fcr Sanat Merkezi\u2019nde ger\u00e7ekle\u015fti. \u00d6d\u00fcl t\u00f6renine kat\u0131lan Milli E\u011fitim Bakan\u0131 Yusuf Tekin, &#8220;T\u00fcrkiye Y\u00fczy\u0131l\u0131 Maarif Modeliyle en \u00e7ok yapmak istedi\u011fimiz kitap okuma al\u0131\u015fkanl\u0131\u011f\u0131 kazand\u0131rmakt\u0131r. \u00c7ocuklar\u0131m\u0131z\u0131n okuma yazma becerilerini geli\u015ftirmektir. Okudu\u011funu anlayabilen, [&hellip;]<\/p>\n","protected":false},"author":7,"featured_media":66859,"comment_status":"closed","ping_status":"closed","sticky":false,"template":"","format":"standard","meta":{"inline_featured_image":false,"footnotes":""},"categories":[1],"tags":[],"acf":[],"yoast_head":"<!-- This site is optimized with the Yoast SEO plugin v21.5 - https:\/\/yoast.com\/wordpress\/plugins\/seo\/ -->\n<title>19. Geleneksel Kitap Okuma Yar\u0131\u015fmas\u0131 \u00d6d\u00fcl T\u00f6reni Yap\u0131ld\u0131 - Zeytinburnu Belediyesi<\/title>\n<meta name=\"robots\" content=\"index, follow, max-snippet:-1, max-image-preview:large, max-video-preview:-1\" \/>\n<link rel=\"canonical\" href=\"https:\/\/zeytinburnu.istanbul\/haberler\/19-geleneksel-kitap-okuma-yarismasi-odul-toreni-yapildi\/\" \/>\n<meta property=\"og:locale\" content=\"tr_TR\" \/>\n<meta property=\"og:type\" content=\"article\" \/>\n<meta property=\"og:title\" content=\"19. Geleneksel Kitap Okuma Yar\u0131\u015fmas\u0131 \u00d6d\u00fcl T\u00f6reni Yap\u0131ld\u0131 - Zeytinburnu Belediyesi\" \/>\n<meta property=\"og:description\" content=\"Zeytinburnu Belediyesi Bilgi Evleri ve Gen\u00e7lik Merkezi taraf\u0131ndan d\u00fczenlenen 19. Geleneksel Kitap Okuma Yar\u0131\u015fmas\u0131 \u00d6d\u00fcl T\u00f6reni, Zeytinburnu Belediye Ba\u015fkan\u0131 \u00d6mer Ar\u0131soy ev sahipli\u011finde Zeytinburnu K\u00fclt\u00fcr Sanat Merkezi\u2019nde ger\u00e7ekle\u015fti. \u00d6d\u00fcl t\u00f6renine kat\u0131lan Milli E\u011fitim Bakan\u0131 Yusuf Tekin, &#8220;T\u00fcrkiye Y\u00fczy\u0131l\u0131 Maarif Modeliyle en \u00e7ok yapmak istedi\u011fimiz kitap okuma al\u0131\u015fkanl\u0131\u011f\u0131 kazand\u0131rmakt\u0131r. \u00c7ocuklar\u0131m\u0131z\u0131n okuma yazma becerilerini geli\u015ftirmektir. Okudu\u011funu anlayabilen, [&hellip;]\" \/>\n<meta property=\"og:url\" content=\"https:\/\/zeytinburnu.istanbul\/haberler\/19-geleneksel-kitap-okuma-yarismasi-odul-toreni-yapildi\/\" \/>\n<meta property=\"og:site_name\" content=\"Zeytinburnu Belediyesi\" \/>\n<meta property=\"article:publisher\" content=\"https:\/\/web.facebook.com\/zeytinburnubld\/\" \/>\n<meta property=\"article:author\" content=\"https:\/\/www.facebook.com\/zeytinburnubld\" \/>\n<meta property=\"article:published_time\" content=\"2025-05-10T16:49:02+00:00\" \/>\n<meta property=\"og:image\" content=\"https:\/\/zeytinburnu.istanbul\/wp-content\/uploads\/2025\/05\/19-_Kitap_Okuma_Yarismasi_Odul-8.jpg\" \/>\n\t<meta property=\"og:image:width\" content=\"1200\" \/>\n\t<meta property=\"og:image:height\" content=\"800\" \/>\n\t<meta property=\"og:image:type\" content=\"image\/jpeg\" \/>\n<meta name=\"author\" content=\"Eren Ayd\u0131n\" \/>\n<meta name=\"twitter:card\" content=\"summary_large_image\" \/>\n<meta name=\"twitter:creator\" content=\"@zeytinburnubld\" \/>\n<meta name=\"twitter:site\" content=\"@zeytinburnubld\" \/>\n<meta name=\"twitter:label1\" content=\"Yazan:\" \/>\n\t<meta name=\"twitter:data1\" content=\"Eren Ayd\u0131n\" \/>\n\t<meta name=\"twitter:label2\" content=\"Tahmini okuma s\u00fcresi\" \/>\n\t<meta name=\"twitter:data2\" content=\"3 dakika\" \/>\n<script type=\"application\/ld+json\" class=\"yoast-schema-graph\">{\"@context\":\"https:\/\/schema.org\",\"@graph\":[{\"@type\":\"WebPage\",\"@id\":\"https:\/\/zeytinburnu.istanbul\/haberler\/19-geleneksel-kitap-okuma-yarismasi-odul-toreni-yapildi\/\",\"url\":\"https:\/\/zeytinburnu.istanbul\/haberler\/19-geleneksel-kitap-okuma-yarismasi-odul-toreni-yapildi\/\",\"name\":\"19. Geleneksel Kitap Okuma Yar\u0131\u015fmas\u0131 \u00d6d\u00fcl T\u00f6reni Yap\u0131ld\u0131 - Zeytinburnu Belediyesi\",\"isPartOf\":{\"@id\":\"https:\/\/zeytinburnu.istanbul\/#website\"},\"datePublished\":\"2025-05-10T16:49:02+00:00\",\"dateModified\":\"2025-05-10T16:49:02+00:00\",\"author\":{\"@id\":\"https:\/\/zeytinburnu.istanbul\/#\/schema\/person\/24bcc637eac604ad08cf78355fa7d7b9\"},\"breadcrumb\":{\"@id\":\"https:\/\/zeytinburnu.istanbul\/haberler\/19-geleneksel-kitap-okuma-yarismasi-odul-toreni-yapildi\/#breadcrumb\"},\"inLanguage\":\"tr\",\"potentialAction\":[{\"@type\":\"ReadAction\",\"target\":[\"https:\/\/zeytinburnu.istanbul\/haberler\/19-geleneksel-kitap-okuma-yarismasi-odul-toreni-yapildi\/\"]}]},{\"@type\":\"BreadcrumbList\",\"@id\":\"https:\/\/zeytinburnu.istanbul\/haberler\/19-geleneksel-kitap-okuma-yarismasi-odul-toreni-yapildi\/#breadcrumb\",\"itemListElement\":[{\"@type\":\"ListItem\",\"position\":1,\"name\":\"Anasayfa\",\"item\":\"https:\/\/zeytinburnu.istanbul\/\"},{\"@type\":\"ListItem\",\"position\":2,\"name\":\"19. Geleneksel Kitap Okuma Yar\u0131\u015fmas\u0131 \u00d6d\u00fcl T\u00f6reni Yap\u0131ld\u0131\"}]},{\"@type\":\"WebSite\",\"@id\":\"https:\/\/zeytinburnu.istanbul\/#website\",\"url\":\"https:\/\/zeytinburnu.istanbul\/\",\"name\":\"Zeytinburnu Belediyesi\",\"description\":\"\",\"potentialAction\":[{\"@type\":\"SearchAction\",\"target\":{\"@type\":\"EntryPoint\",\"urlTemplate\":\"https:\/\/zeytinburnu.istanbul\/?s={search_term_string}\"},\"query-input\":\"required name=search_term_string\"}],\"inLanguage\":\"tr\"},{\"@type\":\"Person\",\"@id\":\"https:\/\/zeytinburnu.istanbul\/#\/schema\/person\/24bcc637eac604ad08cf78355fa7d7b9\",\"name\":\"Eren Ayd\u0131n\",\"image\":{\"@type\":\"ImageObject\",\"inLanguage\":\"tr\",\"@id\":\"https:\/\/zeytinburnu.istanbul\/#\/schema\/person\/image\/\",\"url\":\"https:\/\/secure.gravatar.com\/avatar\/9865f24b5acb1e592f0a805ec7e43716?s=96&d=mm&r=g\",\"contentUrl\":\"https:\/\/secure.gravatar.com\/avatar\/9865f24b5acb1e592f0a805ec7e43716?s=96&d=mm&r=g\",\"caption\":\"Eren Ayd\u0131n\"},\"description\":\"\u0130nsanlar\u0131n ya\u015famaktan mutlu oldu\u011fu, kendilerini g\u00fcvende hissetti\u011fi, kabiliyetlerini geli\u015ftirebildi\u011fi, \u00e7ocuklar\u0131n\u0131 gelece\u011fin d\u00fcnyas\u0131na haz\u0131rlad\u0131\u011f\u0131; bilgeli\u011fin, sanat\u0131n ve ticaretin \u015fehri Zeytinburnu. Zeytinburnu\u2019nda ya\u015fayan ailelere; \u0130stanbul\u2019un tarihi, k\u00fclt\u00fcr\u00fc ve ekonomisiyle b\u00fct\u00fcnle\u015fen, zenginlik ve de\u011ferlerini payla\u015fan huzurlu bir \u015fehir hayat\u0131 sa\u011flamak.\",\"sameAs\":[\"https:\/\/zeytinburnu.istanbul\/\",\"https:\/\/www.facebook.com\/zeytinburnubld\",\"https:\/\/www.instagram.com\/zeytinburnubld\/\",\"https:\/\/tr.linkedin.com\/company\/zeytinburnu-belediyesi\",\"https:\/\/twitter.com\/zeytinburnubld\",\"https:\/\/www.youtube.com\/c\/ZeytinburnuBld\",\"https:\/\/tr.wikipedia.org\/wiki\/Zeytinburnu\"],\"url\":\"https:\/\/zeytinburnu.istanbul\/author\/erenaydin\/\"}]}<\/script>\n<!-- \/ Yoast SEO plugin. -->","yoast_head_json":{"title":"19. Geleneksel Kitap Okuma Yar\u0131\u015fmas\u0131 \u00d6d\u00fcl T\u00f6reni Yap\u0131ld\u0131 - Zeytinburnu Belediyesi","robots":{"index":"index","follow":"follow","max-snippet":"max-snippet:-1","max-image-preview":"max-image-preview:large","max-video-preview":"max-video-preview:-1"},"canonical":"https:\/\/zeytinburnu.istanbul\/haberler\/19-geleneksel-kitap-okuma-yarismasi-odul-toreni-yapildi\/","og_locale":"tr_TR","og_type":"article","og_title":"19. Geleneksel Kitap Okuma Yar\u0131\u015fmas\u0131 \u00d6d\u00fcl T\u00f6reni Yap\u0131ld\u0131 - Zeytinburnu Belediyesi","og_description":"Zeytinburnu Belediyesi Bilgi Evleri ve Gen\u00e7lik Merkezi taraf\u0131ndan d\u00fczenlenen 19. Geleneksel Kitap Okuma Yar\u0131\u015fmas\u0131 \u00d6d\u00fcl T\u00f6reni, Zeytinburnu Belediye Ba\u015fkan\u0131 \u00d6mer Ar\u0131soy ev sahipli\u011finde Zeytinburnu K\u00fclt\u00fcr Sanat Merkezi\u2019nde ger\u00e7ekle\u015fti. \u00d6d\u00fcl t\u00f6renine kat\u0131lan Milli E\u011fitim Bakan\u0131 Yusuf Tekin, &#8220;T\u00fcrkiye Y\u00fczy\u0131l\u0131 Maarif Modeliyle en \u00e7ok yapmak istedi\u011fimiz kitap okuma al\u0131\u015fkanl\u0131\u011f\u0131 kazand\u0131rmakt\u0131r. \u00c7ocuklar\u0131m\u0131z\u0131n okuma yazma becerilerini geli\u015ftirmektir. Okudu\u011funu anlayabilen, [&hellip;]","og_url":"https:\/\/zeytinburnu.istanbul\/haberler\/19-geleneksel-kitap-okuma-yarismasi-odul-toreni-yapildi\/","og_site_name":"Zeytinburnu Belediyesi","article_publisher":"https:\/\/web.facebook.com\/zeytinburnubld\/","article_author":"https:\/\/www.facebook.com\/zeytinburnubld","article_published_time":"2025-05-10T16:49:02+00:00","og_image":[{"width":1200,"height":800,"url":"https:\/\/zeytinburnu.istanbul\/wp-content\/uploads\/2025\/05\/19-_Kitap_Okuma_Yarismasi_Odul-8.jpg","type":"image\/jpeg"}],"author":"Eren Ayd\u0131n","twitter_card":"summary_large_image","twitter_creator":"@zeytinburnubld","twitter_site":"@zeytinburnubld","twitter_misc":{"Yazan:":"Eren Ayd\u0131n","Tahmini okuma s\u00fcresi":"3 dakika"},"schema":{"@context":"https:\/\/schema.org","@graph":[{"@type":"WebPage","@id":"https:\/\/zeytinburnu.istanbul\/haberler\/19-geleneksel-kitap-okuma-yarismasi-odul-toreni-yapildi\/","url":"https:\/\/zeytinburnu.istanbul\/haberler\/19-geleneksel-kitap-okuma-yarismasi-odul-toreni-yapildi\/","name":"19. Geleneksel Kitap Okuma Yar\u0131\u015fmas\u0131 \u00d6d\u00fcl T\u00f6reni Yap\u0131ld\u0131 - Zeytinburnu Belediyesi","isPartOf":{"@id":"https:\/\/zeytinburnu.istanbul\/#website"},"datePublished":"2025-05-10T16:49:02+00:00","dateModified":"2025-05-10T16:49:02+00:00","author":{"@id":"https:\/\/zeytinburnu.istanbul\/#\/schema\/person\/24bcc637eac604ad08cf78355fa7d7b9"},"breadcrumb":{"@id":"https:\/\/zeytinburnu.istanbul\/haberler\/19-geleneksel-kitap-okuma-yarismasi-odul-toreni-yapildi\/#breadcrumb"},"inLanguage":"tr","potentialAction":[{"@type":"ReadAction","target":["https:\/\/zeytinburnu.istanbul\/haberler\/19-geleneksel-kitap-okuma-yarismasi-odul-toreni-yapildi\/"]}]},{"@type":"BreadcrumbList","@id":"https:\/\/zeytinburnu.istanbul\/haberler\/19-geleneksel-kitap-okuma-yarismasi-odul-toreni-yapildi\/#breadcrumb","itemListElement":[{"@type":"ListItem","position":1,"name":"Anasayfa","item":"https:\/\/zeytinburnu.istanbul\/"},{"@type":"ListItem","position":2,"name":"19. Geleneksel Kitap Okuma Yar\u0131\u015fmas\u0131 \u00d6d\u00fcl T\u00f6reni Yap\u0131ld\u0131"}]},{"@type":"WebSite","@id":"https:\/\/zeytinburnu.istanbul\/#website","url":"https:\/\/zeytinburnu.istanbul\/","name":"Zeytinburnu Belediyesi","description":"","potentialAction":[{"@type":"SearchAction","target":{"@type":"EntryPoint","urlTemplate":"https:\/\/zeytinburnu.istanbul\/?s={search_term_string}"},"query-input":"required name=search_term_string"}],"inLanguage":"tr"},{"@type":"Person","@id":"https:\/\/zeytinburnu.istanbul\/#\/schema\/person\/24bcc637eac604ad08cf78355fa7d7b9","name":"Eren Ayd\u0131n","image":{"@type":"ImageObject","inLanguage":"tr","@id":"https:\/\/zeytinburnu.istanbul\/#\/schema\/person\/image\/","url":"https:\/\/secure.gravatar.com\/avatar\/9865f24b5acb1e592f0a805ec7e43716?s=96&d=mm&r=g","contentUrl":"https:\/\/secure.gravatar.com\/avatar\/9865f24b5acb1e592f0a805ec7e43716?s=96&d=mm&r=g","caption":"Eren Ayd\u0131n"},"description":"\u0130nsanlar\u0131n ya\u015famaktan mutlu oldu\u011fu, kendilerini g\u00fcvende hissetti\u011fi, kabiliyetlerini geli\u015ftirebildi\u011fi, \u00e7ocuklar\u0131n\u0131 gelece\u011fin d\u00fcnyas\u0131na haz\u0131rlad\u0131\u011f\u0131; bilgeli\u011fin, sanat\u0131n ve ticaretin \u015fehri Zeytinburnu. Zeytinburnu\u2019nda ya\u015fayan ailelere; \u0130stanbul\u2019un tarihi, k\u00fclt\u00fcr\u00fc ve ekonomisiyle b\u00fct\u00fcnle\u015fen, zenginlik ve de\u011ferlerini payla\u015fan huzurlu bir \u015fehir hayat\u0131 sa\u011flamak.","sameAs":["https:\/\/zeytinburnu.istanbul\/","https:\/\/www.facebook.com\/zeytinburnubld","https:\/\/www.instagram.com\/zeytinburnubld\/","https:\/\/tr.linkedin.com\/company\/zeytinburnu-belediyesi","https:\/\/twitter.com\/zeytinburnubld","https:\/\/www.youtube.com\/c\/ZeytinburnuBld","https:\/\/tr.wikipedia.org\/wiki\/Zeytinburnu"],"url":"https:\/\/zeytinburnu.istanbul\/author\/erenaydin\/"}]}},"meta_data":{"spot_ozet_metin":"Zeytinburnu Bilgi Evleri ve Gen\u00e7lik Merkezi taraf\u0131ndan bu y\u0131l 19\u2019uncusu d\u00fczenlenen Geleneksel Kitap Okuma Yar\u0131\u015fmas\u0131\u2019n\u0131n kazananlar\u0131 \u00f6d\u00fcllerini Milli E\u011fitim Bakan\u0131 Yusuf Tekin\u2019in elinden ald\u0131lar.","sidebar_tipi":"varsayilan","haber_tarihi":"10 May\u0131s 2025","haber_saati":"19:48","yayindan_cikis_tarihi":"","ikincil_gorsel":{"ID":66857,"id":66857,"title":"19 _Kitap_Okuma_Yarismasi_Odul (6)","filename":"19-_Kitap_Okuma_Yarismasi_Odul-6.jpg","filesize":706169,"url":"https:\/\/zeytinburnu.istanbul\/wp-content\/uploads\/2025\/05\/19-_Kitap_Okuma_Yarismasi_Odul-6.jpg","link":"https:\/\/zeytinburnu.istanbul\/haberler\/19-geleneksel-kitap-okuma-yarismasi-odul-toreni-yapildi\/attachment\/19-_kitap_okuma_yarismasi_odul-6\/","alt":"","author":"7","description":"","caption":"","name":"19-_kitap_okuma_yarismasi_odul-6","status":"inherit","uploaded_to":66847,"date":"2025-05-10 16:47:16","modified":"2025-05-10 16:47:16","menu_order":0,"mime_type":"image\/jpeg","type":"image","subtype":"jpeg","icon":"https:\/\/zeytinburnu.istanbul\/wp-includes\/images\/media\/default.png","width":1200,"height":800,"sizes":{"thumbnail":"https:\/\/zeytinburnu.istanbul\/wp-content\/uploads\/2025\/05\/19-_Kitap_Okuma_Yarismasi_Odul-6-720x540.jpg","thumbnail-width":720,"thumbnail-height":540,"medium":"https:\/\/zeytinburnu.istanbul\/wp-content\/uploads\/2025\/05\/19-_Kitap_Okuma_Yarismasi_Odul-6-960x640.jpg","medium-width":960,"medium-height":640,"medium_large":"https:\/\/zeytinburnu.istanbul\/wp-content\/uploads\/2025\/05\/19-_Kitap_Okuma_Yarismasi_Odul-6-768x512.jpg","medium_large-width":768,"medium_large-height":512,"large":"https:\/\/zeytinburnu.istanbul\/wp-content\/uploads\/2025\/05\/19-_Kitap_Okuma_Yarismasi_Odul-6.jpg","large-width":1200,"large-height":800,"1536x1536":"https:\/\/zeytinburnu.istanbul\/wp-content\/uploads\/2025\/05\/19-_Kitap_Okuma_Yarismasi_Odul-6.jpg","1536x1536-width":1200,"1536x1536-height":800,"2048x2048":"https:\/\/zeytinburnu.istanbul\/wp-content\/uploads\/2025\/05\/19-_Kitap_Okuma_Yarismasi_Odul-6.jpg","2048x2048-width":1200,"2048x2048-height":800}},"youtube_video_id":"","vimeo_video_id":"","video_dosya":false,"ekler":false,"galeri_basligi":"19. Geleneksel Kitap Okuma Yar\u0131\u015fmas\u0131 \u00d6d\u00fcl T\u00f6reni Yap\u0131ld\u0131","galeri":[{"ID":66853,"id":66853,"title":"19 _Kitap_Okuma_Yarismasi_Odul (2)","filename":"19-_Kitap_Okuma_Yarismasi_Odul-2-1.jpg","filesize":502098,"url":"https:\/\/zeytinburnu.istanbul\/wp-content\/uploads\/2025\/05\/19-_Kitap_Okuma_Yarismasi_Odul-2-1.jpg","link":"https:\/\/zeytinburnu.istanbul\/haberler\/19-geleneksel-kitap-okuma-yarismasi-odul-toreni-yapildi\/attachment\/19-_kitap_okuma_yarismasi_odul-2\/","alt":"","author":"7","description":"","caption":"","name":"19-_kitap_okuma_yarismasi_odul-2","status":"inherit","uploaded_to":66847,"date":"2025-05-10 16:47:13","modified":"2025-05-10 16:47:13","menu_order":0,"mime_type":"image\/jpeg","type":"image","subtype":"jpeg","icon":"https:\/\/zeytinburnu.istanbul\/wp-includes\/images\/media\/default.png","width":1200,"height":800,"sizes":{"thumbnail":"https:\/\/zeytinburnu.istanbul\/wp-content\/uploads\/2025\/05\/19-_Kitap_Okuma_Yarismasi_Odul-2-1-720x540.jpg","thumbnail-width":720,"thumbnail-height":540,"medium":"https:\/\/zeytinburnu.istanbul\/wp-content\/uploads\/2025\/05\/19-_Kitap_Okuma_Yarismasi_Odul-2-1-960x640.jpg","medium-width":960,"medium-height":640,"medium_large":"https:\/\/zeytinburnu.istanbul\/wp-content\/uploads\/2025\/05\/19-_Kitap_Okuma_Yarismasi_Odul-2-1-768x512.jpg","medium_large-width":768,"medium_large-height":512,"large":"https:\/\/zeytinburnu.istanbul\/wp-content\/uploads\/2025\/05\/19-_Kitap_Okuma_Yarismasi_Odul-2-1.jpg","large-width":1200,"large-height":800,"1536x1536":"https:\/\/zeytinburnu.istanbul\/wp-content\/uploads\/2025\/05\/19-_Kitap_Okuma_Yarismasi_Odul-2-1.jpg","1536x1536-width":1200,"1536x1536-height":800,"2048x2048":"https:\/\/zeytinburnu.istanbul\/wp-content\/uploads\/2025\/05\/19-_Kitap_Okuma_Yarismasi_Odul-2-1.jpg","2048x2048-width":1200,"2048x2048-height":800}},{"ID":66857,"id":66857,"title":"19 _Kitap_Okuma_Yarismasi_Odul (6)","filename":"19-_Kitap_Okuma_Yarismasi_Odul-6.jpg","filesize":706169,"url":"https:\/\/zeytinburnu.istanbul\/wp-content\/uploads\/2025\/05\/19-_Kitap_Okuma_Yarismasi_Odul-6.jpg","link":"https:\/\/zeytinburnu.istanbul\/haberler\/19-geleneksel-kitap-okuma-yarismasi-odul-toreni-yapildi\/attachment\/19-_kitap_okuma_yarismasi_odul-6\/","alt":"","author":"7","description":"","caption":"","name":"19-_kitap_okuma_yarismasi_odul-6","status":"inherit","uploaded_to":66847,"date":"2025-05-10 16:47:16","modified":"2025-05-10 16:47:16","menu_order":0,"mime_type":"image\/jpeg","type":"image","subtype":"jpeg","icon":"https:\/\/zeytinburnu.istanbul\/wp-includes\/images\/media\/default.png","width":1200,"height":800,"sizes":{"thumbnail":"https:\/\/zeytinburnu.istanbul\/wp-content\/uploads\/2025\/05\/19-_Kitap_Okuma_Yarismasi_Odul-6-720x540.jpg","thumbnail-width":720,"thumbnail-height":540,"medium":"https:\/\/zeytinburnu.istanbul\/wp-content\/uploads\/2025\/05\/19-_Kitap_Okuma_Yarismasi_Odul-6-960x640.jpg","medium-width":960,"medium-height":640,"medium_large":"https:\/\/zeytinburnu.istanbul\/wp-content\/uploads\/2025\/05\/19-_Kitap_Okuma_Yarismasi_Odul-6-768x512.jpg","medium_large-width":768,"medium_large-height":512,"large":"https:\/\/zeytinburnu.istanbul\/wp-content\/uploads\/2025\/05\/19-_Kitap_Okuma_Yarismasi_Odul-6.jpg","large-width":1200,"large-height":800,"1536x1536":"https:\/\/zeytinburnu.istanbul\/wp-content\/uploads\/2025\/05\/19-_Kitap_Okuma_Yarismasi_Odul-6.jpg","1536x1536-width":1200,"1536x1536-height":800,"2048x2048":"https:\/\/zeytinburnu.istanbul\/wp-content\/uploads\/2025\/05\/19-_Kitap_Okuma_Yarismasi_Odul-6.jpg","2048x2048-width":1200,"2048x2048-height":800}},{"ID":66855,"id":66855,"title":"19 _Kitap_Okuma_Yarismasi_Odul (4)","filename":"19-_Kitap_Okuma_Yarismasi_Odul-4.jpg","filesize":648564,"url":"https:\/\/zeytinburnu.istanbul\/wp-content\/uploads\/2025\/05\/19-_Kitap_Okuma_Yarismasi_Odul-4.jpg","link":"https:\/\/zeytinburnu.istanbul\/haberler\/19-geleneksel-kitap-okuma-yarismasi-odul-toreni-yapildi\/attachment\/19-_kitap_okuma_yarismasi_odul-4\/","alt":"","author":"7","description":"","caption":"","name":"19-_kitap_okuma_yarismasi_odul-4","status":"inherit","uploaded_to":66847,"date":"2025-05-10 16:47:15","modified":"2025-05-10 16:47:15","menu_order":0,"mime_type":"image\/jpeg","type":"image","subtype":"jpeg","icon":"https:\/\/zeytinburnu.istanbul\/wp-includes\/images\/media\/default.png","width":1200,"height":800,"sizes":{"thumbnail":"https:\/\/zeytinburnu.istanbul\/wp-content\/uploads\/2025\/05\/19-_Kitap_Okuma_Yarismasi_Odul-4-720x540.jpg","thumbnail-width":720,"thumbnail-height":540,"medium":"https:\/\/zeytinburnu.istanbul\/wp-content\/uploads\/2025\/05\/19-_Kitap_Okuma_Yarismasi_Odul-4-960x640.jpg","medium-width":960,"medium-height":640,"medium_large":"https:\/\/zeytinburnu.istanbul\/wp-content\/uploads\/2025\/05\/19-_Kitap_Okuma_Yarismasi_Odul-4-768x512.jpg","medium_large-width":768,"medium_large-height":512,"large":"https:\/\/zeytinburnu.istanbul\/wp-content\/uploads\/2025\/05\/19-_Kitap_Okuma_Yarismasi_Odul-4.jpg","large-width":1200,"large-height":800,"1536x1536":"https:\/\/zeytinburnu.istanbul\/wp-content\/uploads\/2025\/05\/19-_Kitap_Okuma_Yarismasi_Odul-4.jpg","1536x1536-width":1200,"1536x1536-height":800,"2048x2048":"https:\/\/zeytinburnu.istanbul\/wp-content\/uploads\/2025\/05\/19-_Kitap_Okuma_Yarismasi_Odul-4.jpg","2048x2048-width":1200,"2048x2048-height":800}},{"ID":66852,"id":66852,"title":"19 _Kitap_Okuma_Yarismasi_Odul (1)","filename":"19-_Kitap_Okuma_Yarismasi_Odul-1.jpg","filesize":587648,"url":"https:\/\/zeytinburnu.istanbul\/wp-content\/uploads\/2025\/05\/19-_Kitap_Okuma_Yarismasi_Odul-1.jpg","link":"https:\/\/zeytinburnu.istanbul\/haberler\/19-geleneksel-kitap-okuma-yarismasi-odul-toreni-yapildi\/attachment\/19-_kitap_okuma_yarismasi_odul-1\/","alt":"","author":"7","description":"","caption":"","name":"19-_kitap_okuma_yarismasi_odul-1","status":"inherit","uploaded_to":66847,"date":"2025-05-10 16:47:12","modified":"2025-05-10 16:47:21","menu_order":0,"mime_type":"image\/jpeg","type":"image","subtype":"jpeg","icon":"https:\/\/zeytinburnu.istanbul\/wp-includes\/images\/media\/default.png","width":1200,"height":800,"sizes":{"thumbnail":"https:\/\/zeytinburnu.istanbul\/wp-content\/uploads\/2025\/05\/19-_Kitap_Okuma_Yarismasi_Odul-1-720x540.jpg","thumbnail-width":720,"thumbnail-height":540,"medium":"https:\/\/zeytinburnu.istanbul\/wp-content\/uploads\/2025\/05\/19-_Kitap_Okuma_Yarismasi_Odul-1-960x640.jpg","medium-width":960,"medium-height":640,"medium_large":"https:\/\/zeytinburnu.istanbul\/wp-content\/uploads\/2025\/05\/19-_Kitap_Okuma_Yarismasi_Odul-1-768x512.jpg","medium_large-width":768,"medium_large-height":512,"large":"https:\/\/zeytinburnu.istanbul\/wp-content\/uploads\/2025\/05\/19-_Kitap_Okuma_Yarismasi_Odul-1.jpg","large-width":1200,"large-height":800,"1536x1536":"https:\/\/zeytinburnu.istanbul\/wp-content\/uploads\/2025\/05\/19-_Kitap_Okuma_Yarismasi_Odul-1.jpg","1536x1536-width":1200,"1536x1536-height":800,"2048x2048":"https:\/\/zeytinburnu.istanbul\/wp-content\/uploads\/2025\/05\/19-_Kitap_Okuma_Yarismasi_Odul-1.jpg","2048x2048-width":1200,"2048x2048-height":800}},{"ID":66856,"id":66856,"title":"19 _Kitap_Okuma_Yarismasi_Odul (5)","filename":"19-_Kitap_Okuma_Yarismasi_Odul-5.jpg","filesize":637377,"url":"https:\/\/zeytinburnu.istanbul\/wp-content\/uploads\/2025\/05\/19-_Kitap_Okuma_Yarismasi_Odul-5.jpg","link":"https:\/\/zeytinburnu.istanbul\/haberler\/19-geleneksel-kitap-okuma-yarismasi-odul-toreni-yapildi\/attachment\/19-_kitap_okuma_yarismasi_odul-5\/","alt":"","author":"7","description":"","caption":"","name":"19-_kitap_okuma_yarismasi_odul-5","status":"inherit","uploaded_to":66847,"date":"2025-05-10 16:47:16","modified":"2025-05-10 16:47:16","menu_order":0,"mime_type":"image\/jpeg","type":"image","subtype":"jpeg","icon":"https:\/\/zeytinburnu.istanbul\/wp-includes\/images\/media\/default.png","width":1200,"height":800,"sizes":{"thumbnail":"https:\/\/zeytinburnu.istanbul\/wp-content\/uploads\/2025\/05\/19-_Kitap_Okuma_Yarismasi_Odul-5-720x540.jpg","thumbnail-width":720,"thumbnail-height":540,"medium":"https:\/\/zeytinburnu.istanbul\/wp-content\/uploads\/2025\/05\/19-_Kitap_Okuma_Yarismasi_Odul-5-960x640.jpg","medium-width":960,"medium-height":640,"medium_large":"https:\/\/zeytinburnu.istanbul\/wp-content\/uploads\/2025\/05\/19-_Kitap_Okuma_Yarismasi_Odul-5-768x512.jpg","medium_large-width":768,"medium_large-height":512,"large":"https:\/\/zeytinburnu.istanbul\/wp-content\/uploads\/2025\/05\/19-_Kitap_Okuma_Yarismasi_Odul-5.jpg","large-width":1200,"large-height":800,"1536x1536":"https:\/\/zeytinburnu.istanbul\/wp-content\/uploads\/2025\/05\/19-_Kitap_Okuma_Yarismasi_Odul-5.jpg","1536x1536-width":1200,"1536x1536-height":800,"2048x2048":"https:\/\/zeytinburnu.istanbul\/wp-content\/uploads\/2025\/05\/19-_Kitap_Okuma_Yarismasi_Odul-5.jpg","2048x2048-width":1200,"2048x2048-height":800}},{"ID":66858,"id":66858,"title":"19 _Kitap_Okuma_Yarismasi_Odul (7)","filename":"19-_Kitap_Okuma_Yarismasi_Odul-7.jpg","filesize":621491,"url":"https:\/\/zeytinburnu.istanbul\/wp-content\/uploads\/2025\/05\/19-_Kitap_Okuma_Yarismasi_Odul-7.jpg","link":"https:\/\/zeytinburnu.istanbul\/haberler\/19-geleneksel-kitap-okuma-yarismasi-odul-toreni-yapildi\/attachment\/19-_kitap_okuma_yarismasi_odul-7\/","alt":"","author":"7","description":"","caption":"","name":"19-_kitap_okuma_yarismasi_odul-7","status":"inherit","uploaded_to":66847,"date":"2025-05-10 16:47:17","modified":"2025-05-10 16:47:17","menu_order":0,"mime_type":"image\/jpeg","type":"image","subtype":"jpeg","icon":"https:\/\/zeytinburnu.istanbul\/wp-includes\/images\/media\/default.png","width":1200,"height":800,"sizes":{"thumbnail":"https:\/\/zeytinburnu.istanbul\/wp-content\/uploads\/2025\/05\/19-_Kitap_Okuma_Yarismasi_Odul-7-720x540.jpg","thumbnail-width":720,"thumbnail-height":540,"medium":"https:\/\/zeytinburnu.istanbul\/wp-content\/uploads\/2025\/05\/19-_Kitap_Okuma_Yarismasi_Odul-7-960x640.jpg","medium-width":960,"medium-height":640,"medium_large":"https:\/\/zeytinburnu.istanbul\/wp-content\/uploads\/2025\/05\/19-_Kitap_Okuma_Yarismasi_Odul-7-768x512.jpg","medium_large-width":768,"medium_large-height":512,"large":"https:\/\/zeytinburnu.istanbul\/wp-content\/uploads\/2025\/05\/19-_Kitap_Okuma_Yarismasi_Odul-7.jpg","large-width":1200,"large-height":800,"1536x1536":"https:\/\/zeytinburnu.istanbul\/wp-content\/uploads\/2025\/05\/19-_Kitap_Okuma_Yarismasi_Odul-7.jpg","1536x1536-width":1200,"1536x1536-height":800,"2048x2048":"https:\/\/zeytinburnu.istanbul\/wp-content\/uploads\/2025\/05\/19-_Kitap_Okuma_Yarismasi_Odul-7.jpg","2048x2048-width":1200,"2048x2048-height":800}},{"ID":66859,"id":66859,"title":"19 _Kitap_Okuma_Yarismasi_Odul (8)","filename":"19-_Kitap_Okuma_Yarismasi_Odul-8.jpg","filesize":895785,"url":"https:\/\/zeytinburnu.istanbul\/wp-content\/uploads\/2025\/05\/19-_Kitap_Okuma_Yarismasi_Odul-8.jpg","link":"https:\/\/zeytinburnu.istanbul\/haberler\/19-geleneksel-kitap-okuma-yarismasi-odul-toreni-yapildi\/attachment\/19-_kitap_okuma_yarismasi_odul-8\/","alt":"","author":"7","description":"","caption":"","name":"19-_kitap_okuma_yarismasi_odul-8","status":"inherit","uploaded_to":66847,"date":"2025-05-10 16:47:18","modified":"2025-05-10 16:47:18","menu_order":0,"mime_type":"image\/jpeg","type":"image","subtype":"jpeg","icon":"https:\/\/zeytinburnu.istanbul\/wp-includes\/images\/media\/default.png","width":1200,"height":800,"sizes":{"thumbnail":"https:\/\/zeytinburnu.istanbul\/wp-content\/uploads\/2025\/05\/19-_Kitap_Okuma_Yarismasi_Odul-8-720x540.jpg","thumbnail-width":720,"thumbnail-height":540,"medium":"https:\/\/zeytinburnu.istanbul\/wp-content\/uploads\/2025\/05\/19-_Kitap_Okuma_Yarismasi_Odul-8-960x640.jpg","medium-width":960,"medium-height":640,"medium_large":"https:\/\/zeytinburnu.istanbul\/wp-content\/uploads\/2025\/05\/19-_Kitap_Okuma_Yarismasi_Odul-8-768x512.jpg","medium_large-width":768,"medium_large-height":512,"large":"https:\/\/zeytinburnu.istanbul\/wp-content\/uploads\/2025\/05\/19-_Kitap_Okuma_Yarismasi_Odul-8.jpg","large-width":1200,"large-height":800,"1536x1536":"https:\/\/zeytinburnu.istanbul\/wp-content\/uploads\/2025\/05\/19-_Kitap_Okuma_Yarismasi_Odul-8.jpg","1536x1536-width":1200,"1536x1536-height":800,"2048x2048":"https:\/\/zeytinburnu.istanbul\/wp-content\/uploads\/2025\/05\/19-_Kitap_Okuma_Yarismasi_Odul-8.jpg","2048x2048-width":1200,"2048x2048-height":800}},{"ID":66854,"id":66854,"title":"19 _Kitap_Okuma_Yarismasi_Odul (3)","filename":"19-_Kitap_Okuma_Yarismasi_Odul-3-1.jpg","filesize":507653,"url":"https:\/\/zeytinburnu.istanbul\/wp-content\/uploads\/2025\/05\/19-_Kitap_Okuma_Yarismasi_Odul-3-1.jpg","link":"https:\/\/zeytinburnu.istanbul\/haberler\/19-geleneksel-kitap-okuma-yarismasi-odul-toreni-yapildi\/attachment\/19-_kitap_okuma_yarismasi_odul-3\/","alt":"","author":"7","description":"","caption":"","name":"19-_kitap_okuma_yarismasi_odul-3","status":"inherit","uploaded_to":66847,"date":"2025-05-10 16:47:14","modified":"2025-05-10 16:47:14","menu_order":0,"mime_type":"image\/jpeg","type":"image","subtype":"jpeg","icon":"https:\/\/zeytinburnu.istanbul\/wp-includes\/images\/media\/default.png","width":1200,"height":800,"sizes":{"thumbnail":"https:\/\/zeytinburnu.istanbul\/wp-content\/uploads\/2025\/05\/19-_Kitap_Okuma_Yarismasi_Odul-3-1-720x540.jpg","thumbnail-width":720,"thumbnail-height":540,"medium":"https:\/\/zeytinburnu.istanbul\/wp-content\/uploads\/2025\/05\/19-_Kitap_Okuma_Yarismasi_Odul-3-1-960x640.jpg","medium-width":960,"medium-height":640,"medium_large":"https:\/\/zeytinburnu.istanbul\/wp-content\/uploads\/2025\/05\/19-_Kitap_Okuma_Yarismasi_Odul-3-1-768x512.jpg","medium_large-width":768,"medium_large-height":512,"large":"https:\/\/zeytinburnu.istanbul\/wp-content\/uploads\/2025\/05\/19-_Kitap_Okuma_Yarismasi_Odul-3-1.jpg","large-width":1200,"large-height":800,"1536x1536":"https:\/\/zeytinburnu.istanbul\/wp-content\/uploads\/2025\/05\/19-_Kitap_Okuma_Yarismasi_Odul-3-1.jpg","1536x1536-width":1200,"1536x1536-height":800,"2048x2048":"https:\/\/zeytinburnu.istanbul\/wp-content\/uploads\/2025\/05\/19-_Kitap_Okuma_Yarismasi_Odul-3-1.jpg","2048x2048-width":1200,"2048x2048-height":800}}],"image_details":{"thumbnail":{"file":"19-_Kitap_Okuma_Yarismasi_Odul-8-720x540.jpg","width":720,"height":540,"mime-type":"image\/jpeg","filesize":129634,"url":"https:\/\/zeytinburnu.istanbul\/wp-content\/uploads\/2025\/05\/19-_Kitap_Okuma_Yarismasi_Odul-8-720x540.jpg"},"full":{"file":"2025\/05\/19-_Kitap_Okuma_Yarismasi_Odul-8.jpg","width":1200,"height":800,"mime_type":"image\/jpeg","url":"https:\/\/zeytinburnu.istanbul\/wp-content\/uploads\/2025\/05\/19-_Kitap_Okuma_Yarismasi_Odul-8.jpg"}}},"_links":{"self":[{"href":"https:\/\/zeytinburnu.istanbul\/api\/wp\/v2\/posts\/66847"}],"collection":[{"href":"https:\/\/zeytinburnu.istanbul\/api\/wp\/v2\/posts"}],"about":[{"href":"https:\/\/zeytinburnu.istanbul\/api\/wp\/v2\/types\/post"}],"author":[{"embeddable":true,"href":"https:\/\/zeytinburnu.istanbul\/api\/wp\/v2\/users\/7"}],"replies":[{"embeddable":true,"href":"https:\/\/zeytinburnu.istanbul\/api\/wp\/v2\/comments?post=66847"}],"version-history":[{"count":1,"href":"https:\/\/zeytinburnu.istanbul\/api\/wp\/v2\/posts\/66847\/revisions"}],"predecessor-version":[{"id":66860,"href":"https:\/\/zeytinburnu.istanbul\/api\/wp\/v2\/posts\/66847\/revisions\/66860"}],"wp:featuredmedia":[{"embeddable":true,"href":"https:\/\/zeytinburnu.istanbul\/api\/wp\/v2\/media\/66859"}],"wp:attachment":[{"href":"https:\/\/zeytinburnu.istanbul\/api\/wp\/v2\/media?parent=66847"}],"wp:term":[{"taxonomy":"category","embeddable":true,"href":"https:\/\/zeytinburnu.istanbul\/api\/wp\/v2\/categories?post=66847"},{"taxonomy":"post_tag","embeddable":true,"href":"https:\/\/zeytinburnu.istanbul\/api\/wp\/v2\/tags?post=66847"}],"curies":[{"name":"wp","href":"https:\/\/api.w.org\/{rel}","templated":true}]}}