

{"id":66840,"date":"2025-05-08T14:44:43","date_gmt":"2025-05-08T11:44:43","guid":{"rendered":"https:\/\/zeytinburnu.istanbul\/?p=66840"},"modified":"2025-05-08T14:44:43","modified_gmt":"2025-05-08T11:44:43","slug":"zeytinburnu-z-kafeyi-sevdi","status":"publish","type":"post","link":"https:\/\/zeytinburnu.istanbul\/haberler\/zeytinburnu-z-kafeyi-sevdi\/","title":{"rendered":"Zeytinburnu Z Kafe\u2019yi Sevdi!"},"content":{"rendered":"<p>\u0130l\u00e7ede vatanda\u015flar\u0131n yo\u011funlukla bir araya geldi\u011fi noktalara kurulan Z Kafeler vatanda\u015flar\u0131n u\u011frak noktas\u0131 oldu.<\/p>\n<p>\u00c7ocuklar\u0131 parkta oynarken kafede vakit ge\u00e7iren vatanda\u015flar \u201cKafe a\u00e7\u0131ld\u0131\u011f\u0131ndan beri buraya geliyorum. Fiyatlar\u0131, lezzeti her \u015feyinden memnunum. \u00c7ocuklar\u0131m\u0131z burada oynarken biz de arkada\u015flar\u0131m\u0131zla burada oturup sohbet ediyoruz. Semtimize g\u00f6re \u00e7ok uygun, ortam g\u00fczel her \u015fey i\u00e7in te\u015fekk\u00fcr ederiz\u201d dedi.<\/p>\n<p>Z Kafe \u015fubeleri sabah 09.00 ak\u015fam 22.00 saatleri aras\u0131nda hizmet veriyor.<\/p>\n","protected":false},"excerpt":{"rendered":"<p>\u0130l\u00e7ede vatanda\u015flar\u0131n yo\u011funlukla bir araya geldi\u011fi noktalara kurulan Z Kafeler vatanda\u015flar\u0131n u\u011frak noktas\u0131 oldu. \u00c7ocuklar\u0131 parkta oynarken kafede vakit ge\u00e7iren vatanda\u015flar \u201cKafe a\u00e7\u0131ld\u0131\u011f\u0131ndan beri buraya geliyorum. Fiyatlar\u0131, lezzeti her \u015feyinden memnunum. \u00c7ocuklar\u0131m\u0131z burada oynarken biz de arkada\u015flar\u0131m\u0131zla burada oturup sohbet ediyoruz. Semtimize g\u00f6re \u00e7ok uygun, ortam g\u00fczel her \u015fey i\u00e7in te\u015fekk\u00fcr ederiz\u201d dedi. Z Kafe [&hellip;]<\/p>\n","protected":false},"author":6,"featured_media":66841,"comment_status":"closed","ping_status":"closed","sticky":false,"template":"","format":"standard","meta":{"inline_featured_image":false,"footnotes":""},"categories":[1],"tags":[],"acf":[],"yoast_head":"<!-- This site is optimized with the Yoast SEO plugin v21.5 - https:\/\/yoast.com\/wordpress\/plugins\/seo\/ -->\n<title>Zeytinburnu Z Kafe\u2019yi Sevdi! - Zeytinburnu Belediyesi<\/title>\n<meta name=\"robots\" content=\"index, follow, max-snippet:-1, max-image-preview:large, max-video-preview:-1\" \/>\n<link rel=\"canonical\" href=\"https:\/\/zeytinburnu.istanbul\/haberler\/zeytinburnu-z-kafeyi-sevdi\/\" \/>\n<meta property=\"og:locale\" content=\"tr_TR\" \/>\n<meta property=\"og:type\" content=\"article\" \/>\n<meta property=\"og:title\" content=\"Zeytinburnu Z Kafe\u2019yi Sevdi! - Zeytinburnu Belediyesi\" \/>\n<meta property=\"og:description\" content=\"\u0130l\u00e7ede vatanda\u015flar\u0131n yo\u011funlukla bir araya geldi\u011fi noktalara kurulan Z Kafeler vatanda\u015flar\u0131n u\u011frak noktas\u0131 oldu. \u00c7ocuklar\u0131 parkta oynarken kafede vakit ge\u00e7iren vatanda\u015flar \u201cKafe a\u00e7\u0131ld\u0131\u011f\u0131ndan beri buraya geliyorum. Fiyatlar\u0131, lezzeti her \u015feyinden memnunum. \u00c7ocuklar\u0131m\u0131z burada oynarken biz de arkada\u015flar\u0131m\u0131zla burada oturup sohbet ediyoruz. Semtimize g\u00f6re \u00e7ok uygun, ortam g\u00fczel her \u015fey i\u00e7in te\u015fekk\u00fcr ederiz\u201d dedi. Z Kafe [&hellip;]\" \/>\n<meta property=\"og:url\" content=\"https:\/\/zeytinburnu.istanbul\/haberler\/zeytinburnu-z-kafeyi-sevdi\/\" \/>\n<meta property=\"og:site_name\" content=\"Zeytinburnu Belediyesi\" \/>\n<meta property=\"article:publisher\" content=\"https:\/\/web.facebook.com\/zeytinburnubld\/\" \/>\n<meta property=\"article:published_time\" content=\"2025-05-08T11:44:43+00:00\" \/>\n<meta property=\"og:image\" content=\"https:\/\/zeytinburnu.istanbul\/wp-content\/uploads\/2025\/05\/Haber-z-kafe-01.jpg\" \/>\n\t<meta property=\"og:image:width\" content=\"615\" \/>\n\t<meta property=\"og:image:height\" content=\"413\" \/>\n\t<meta property=\"og:image:type\" content=\"image\/jpeg\" \/>\n<meta name=\"author\" content=\"Nihan K\u00fc\u00e7\u00fck\" \/>\n<meta name=\"twitter:card\" content=\"summary_large_image\" \/>\n<meta name=\"twitter:creator\" content=\"@zeytinburnubld\" \/>\n<meta name=\"twitter:site\" content=\"@zeytinburnubld\" \/>\n<meta name=\"twitter:label1\" content=\"Yazan:\" \/>\n\t<meta name=\"twitter:data1\" content=\"Nihan K\u00fc\u00e7\u00fck\" \/>\n\t<meta name=\"twitter:label2\" content=\"Tahmini okuma s\u00fcresi\" \/>\n\t<meta name=\"twitter:data2\" content=\"1 dakika\" \/>\n<script type=\"application\/ld+json\" class=\"yoast-schema-graph\">{\"@context\":\"https:\/\/schema.org\",\"@graph\":[{\"@type\":\"WebPage\",\"@id\":\"https:\/\/zeytinburnu.istanbul\/haberler\/zeytinburnu-z-kafeyi-sevdi\/\",\"url\":\"https:\/\/zeytinburnu.istanbul\/haberler\/zeytinburnu-z-kafeyi-sevdi\/\",\"name\":\"Zeytinburnu Z Kafe\u2019yi Sevdi! - Zeytinburnu Belediyesi\",\"isPartOf\":{\"@id\":\"https:\/\/zeytinburnu.istanbul\/#website\"},\"datePublished\":\"2025-05-08T11:44:43+00:00\",\"dateModified\":\"2025-05-08T11:44:43+00:00\",\"author\":{\"@id\":\"https:\/\/zeytinburnu.istanbul\/#\/schema\/person\/fa9b36b4d792e5aec0a8718c19538adc\"},\"breadcrumb\":{\"@id\":\"https:\/\/zeytinburnu.istanbul\/haberler\/zeytinburnu-z-kafeyi-sevdi\/#breadcrumb\"},\"inLanguage\":\"tr\",\"potentialAction\":[{\"@type\":\"ReadAction\",\"target\":[\"https:\/\/zeytinburnu.istanbul\/haberler\/zeytinburnu-z-kafeyi-sevdi\/\"]}]},{\"@type\":\"BreadcrumbList\",\"@id\":\"https:\/\/zeytinburnu.istanbul\/haberler\/zeytinburnu-z-kafeyi-sevdi\/#breadcrumb\",\"itemListElement\":[{\"@type\":\"ListItem\",\"position\":1,\"name\":\"Anasayfa\",\"item\":\"https:\/\/zeytinburnu.istanbul\/\"},{\"@type\":\"ListItem\",\"position\":2,\"name\":\"Zeytinburnu Z Kafe\u2019yi Sevdi!\"}]},{\"@type\":\"WebSite\",\"@id\":\"https:\/\/zeytinburnu.istanbul\/#website\",\"url\":\"https:\/\/zeytinburnu.istanbul\/\",\"name\":\"Zeytinburnu Belediyesi\",\"description\":\"\",\"potentialAction\":[{\"@type\":\"SearchAction\",\"target\":{\"@type\":\"EntryPoint\",\"urlTemplate\":\"https:\/\/zeytinburnu.istanbul\/?s={search_term_string}\"},\"query-input\":\"required name=search_term_string\"}],\"inLanguage\":\"tr\"},{\"@type\":\"Person\",\"@id\":\"https:\/\/zeytinburnu.istanbul\/#\/schema\/person\/fa9b36b4d792e5aec0a8718c19538adc\",\"name\":\"Nihan K\u00fc\u00e7\u00fck\",\"image\":{\"@type\":\"ImageObject\",\"inLanguage\":\"tr\",\"@id\":\"https:\/\/zeytinburnu.istanbul\/#\/schema\/person\/image\/\",\"url\":\"https:\/\/secure.gravatar.com\/avatar\/f5a876a005c2831c9c4939c10af65fe7?s=96&d=mm&r=g\",\"contentUrl\":\"https:\/\/secure.gravatar.com\/avatar\/f5a876a005c2831c9c4939c10af65fe7?s=96&d=mm&r=g\",\"caption\":\"Nihan K\u00fc\u00e7\u00fck\"},\"url\":\"https:\/\/zeytinburnu.istanbul\/author\/nihankucuk\/\"}]}<\/script>\n<!-- \/ Yoast SEO plugin. -->","yoast_head_json":{"title":"Zeytinburnu Z Kafe\u2019yi Sevdi! - Zeytinburnu Belediyesi","robots":{"index":"index","follow":"follow","max-snippet":"max-snippet:-1","max-image-preview":"max-image-preview:large","max-video-preview":"max-video-preview:-1"},"canonical":"https:\/\/zeytinburnu.istanbul\/haberler\/zeytinburnu-z-kafeyi-sevdi\/","og_locale":"tr_TR","og_type":"article","og_title":"Zeytinburnu Z Kafe\u2019yi Sevdi! - Zeytinburnu Belediyesi","og_description":"\u0130l\u00e7ede vatanda\u015flar\u0131n yo\u011funlukla bir araya geldi\u011fi noktalara kurulan Z Kafeler vatanda\u015flar\u0131n u\u011frak noktas\u0131 oldu. \u00c7ocuklar\u0131 parkta oynarken kafede vakit ge\u00e7iren vatanda\u015flar \u201cKafe a\u00e7\u0131ld\u0131\u011f\u0131ndan beri buraya geliyorum. Fiyatlar\u0131, lezzeti her \u015feyinden memnunum. \u00c7ocuklar\u0131m\u0131z burada oynarken biz de arkada\u015flar\u0131m\u0131zla burada oturup sohbet ediyoruz. Semtimize g\u00f6re \u00e7ok uygun, ortam g\u00fczel her \u015fey i\u00e7in te\u015fekk\u00fcr ederiz\u201d dedi. Z Kafe [&hellip;]","og_url":"https:\/\/zeytinburnu.istanbul\/haberler\/zeytinburnu-z-kafeyi-sevdi\/","og_site_name":"Zeytinburnu Belediyesi","article_publisher":"https:\/\/web.facebook.com\/zeytinburnubld\/","article_published_time":"2025-05-08T11:44:43+00:00","og_image":[{"width":615,"height":413,"url":"https:\/\/zeytinburnu.istanbul\/wp-content\/uploads\/2025\/05\/Haber-z-kafe-01.jpg","type":"image\/jpeg"}],"author":"Nihan K\u00fc\u00e7\u00fck","twitter_card":"summary_large_image","twitter_creator":"@zeytinburnubld","twitter_site":"@zeytinburnubld","twitter_misc":{"Yazan:":"Nihan K\u00fc\u00e7\u00fck","Tahmini okuma s\u00fcresi":"1 dakika"},"schema":{"@context":"https:\/\/schema.org","@graph":[{"@type":"WebPage","@id":"https:\/\/zeytinburnu.istanbul\/haberler\/zeytinburnu-z-kafeyi-sevdi\/","url":"https:\/\/zeytinburnu.istanbul\/haberler\/zeytinburnu-z-kafeyi-sevdi\/","name":"Zeytinburnu Z Kafe\u2019yi Sevdi! - Zeytinburnu Belediyesi","isPartOf":{"@id":"https:\/\/zeytinburnu.istanbul\/#website"},"datePublished":"2025-05-08T11:44:43+00:00","dateModified":"2025-05-08T11:44:43+00:00","author":{"@id":"https:\/\/zeytinburnu.istanbul\/#\/schema\/person\/fa9b36b4d792e5aec0a8718c19538adc"},"breadcrumb":{"@id":"https:\/\/zeytinburnu.istanbul\/haberler\/zeytinburnu-z-kafeyi-sevdi\/#breadcrumb"},"inLanguage":"tr","potentialAction":[{"@type":"ReadAction","target":["https:\/\/zeytinburnu.istanbul\/haberler\/zeytinburnu-z-kafeyi-sevdi\/"]}]},{"@type":"BreadcrumbList","@id":"https:\/\/zeytinburnu.istanbul\/haberler\/zeytinburnu-z-kafeyi-sevdi\/#breadcrumb","itemListElement":[{"@type":"ListItem","position":1,"name":"Anasayfa","item":"https:\/\/zeytinburnu.istanbul\/"},{"@type":"ListItem","position":2,"name":"Zeytinburnu Z Kafe\u2019yi Sevdi!"}]},{"@type":"WebSite","@id":"https:\/\/zeytinburnu.istanbul\/#website","url":"https:\/\/zeytinburnu.istanbul\/","name":"Zeytinburnu Belediyesi","description":"","potentialAction":[{"@type":"SearchAction","target":{"@type":"EntryPoint","urlTemplate":"https:\/\/zeytinburnu.istanbul\/?s={search_term_string}"},"query-input":"required name=search_term_string"}],"inLanguage":"tr"},{"@type":"Person","@id":"https:\/\/zeytinburnu.istanbul\/#\/schema\/person\/fa9b36b4d792e5aec0a8718c19538adc","name":"Nihan K\u00fc\u00e7\u00fck","image":{"@type":"ImageObject","inLanguage":"tr","@id":"https:\/\/zeytinburnu.istanbul\/#\/schema\/person\/image\/","url":"https:\/\/secure.gravatar.com\/avatar\/f5a876a005c2831c9c4939c10af65fe7?s=96&d=mm&r=g","contentUrl":"https:\/\/secure.gravatar.com\/avatar\/f5a876a005c2831c9c4939c10af65fe7?s=96&d=mm&r=g","caption":"Nihan K\u00fc\u00e7\u00fck"},"url":"https:\/\/zeytinburnu.istanbul\/author\/nihankucuk\/"}]}},"meta_data":{"spot_ozet_metin":"Marmaray Z\u00fcbeyde Han\u0131m, Ziya G\u00fcn ve Merkezefendi Park\u0131\u2019nda hizmete giren Z Kafe \u015fubeleri yo\u011fun ilgi g\u00f6r\u00fcyor.","sidebar_tipi":"varsayilan","ikincil_gorsel":{"ID":66842,"id":66842,"title":"Haber- z kafe 02","filename":"Haber-z-kafe-02.jpg","filesize":88809,"url":"https:\/\/zeytinburnu.istanbul\/wp-content\/uploads\/2025\/05\/Haber-z-kafe-02.jpg","link":"https:\/\/zeytinburnu.istanbul\/haberler\/zeytinburnu-z-kafeyi-sevdi\/attachment\/haber-z-kafe-02\/","alt":"","author":"6","description":"","caption":"","name":"haber-z-kafe-02","status":"inherit","uploaded_to":66840,"date":"2025-05-08 11:43:38","modified":"2025-05-08 11:43:38","menu_order":0,"mime_type":"image\/jpeg","type":"image","subtype":"jpeg","icon":"https:\/\/zeytinburnu.istanbul\/wp-includes\/images\/media\/default.png","width":641,"height":406,"sizes":{"thumbnail":"https:\/\/zeytinburnu.istanbul\/wp-content\/uploads\/2025\/05\/Haber-z-kafe-02.jpg","thumbnail-width":641,"thumbnail-height":406,"medium":"https:\/\/zeytinburnu.istanbul\/wp-content\/uploads\/2025\/05\/Haber-z-kafe-02.jpg","medium-width":641,"medium-height":406,"medium_large":"https:\/\/zeytinburnu.istanbul\/wp-content\/uploads\/2025\/05\/Haber-z-kafe-02.jpg","medium_large-width":641,"medium_large-height":406,"large":"https:\/\/zeytinburnu.istanbul\/wp-content\/uploads\/2025\/05\/Haber-z-kafe-02.jpg","large-width":641,"large-height":406,"1536x1536":"https:\/\/zeytinburnu.istanbul\/wp-content\/uploads\/2025\/05\/Haber-z-kafe-02.jpg","1536x1536-width":641,"1536x1536-height":406,"2048x2048":"https:\/\/zeytinburnu.istanbul\/wp-content\/uploads\/2025\/05\/Haber-z-kafe-02.jpg","2048x2048-width":641,"2048x2048-height":406}},"haber_tarihi":"08 May\u0131s 2025","haber_saati":"09:00","yayindan_cikis_tarihi":"","youtube_video_id":"","vimeo_video_id":"","video_dosya":false,"ekler":false,"galeri_basligi":"GALER\u0130","galeri":false,"image_details":{"thumbnail":{"url":"https:\/\/zeytinburnu.istanbul\/wp-content\/uploads\/2025\/05\/Haber-z-kafe-01.jpg"},"full":{"file":"2025\/05\/Haber-z-kafe-01.jpg","width":615,"height":413,"mime_type":"image\/jpeg","url":"https:\/\/zeytinburnu.istanbul\/wp-content\/uploads\/2025\/05\/Haber-z-kafe-01.jpg"}}},"_links":{"self":[{"href":"https:\/\/zeytinburnu.istanbul\/api\/wp\/v2\/posts\/66840"}],"collection":[{"href":"https:\/\/zeytinburnu.istanbul\/api\/wp\/v2\/posts"}],"about":[{"href":"https:\/\/zeytinburnu.istanbul\/api\/wp\/v2\/types\/post"}],"author":[{"embeddable":true,"href":"https:\/\/zeytinburnu.istanbul\/api\/wp\/v2\/users\/6"}],"replies":[{"embeddable":true,"href":"https:\/\/zeytinburnu.istanbul\/api\/wp\/v2\/comments?post=66840"}],"version-history":[{"count":2,"href":"https:\/\/zeytinburnu.istanbul\/api\/wp\/v2\/posts\/66840\/revisions"}],"predecessor-version":[{"id":66844,"href":"https:\/\/zeytinburnu.istanbul\/api\/wp\/v2\/posts\/66840\/revisions\/66844"}],"wp:featuredmedia":[{"embeddable":true,"href":"https:\/\/zeytinburnu.istanbul\/api\/wp\/v2\/media\/66841"}],"wp:attachment":[{"href":"https:\/\/zeytinburnu.istanbul\/api\/wp\/v2\/media?parent=66840"}],"wp:term":[{"taxonomy":"category","embeddable":true,"href":"https:\/\/zeytinburnu.istanbul\/api\/wp\/v2\/categories?post=66840"},{"taxonomy":"post_tag","embeddable":true,"href":"https:\/\/zeytinburnu.istanbul\/api\/wp\/v2\/tags?post=66840"}],"curies":[{"name":"wp","href":"https:\/\/api.w.org\/{rel}","templated":true}]}}