

{"id":66687,"date":"2025-04-30T14:27:23","date_gmt":"2025-04-30T11:27:23","guid":{"rendered":"https:\/\/zeytinburnu.istanbul\/?p=66687"},"modified":"2025-04-30T14:27:23","modified_gmt":"2025-04-30T11:27:23","slug":"turk-kultur-tarihinin-onemli-ismi-zksmde-duzenlenen-panelle-anildi","status":"publish","type":"post","link":"https:\/\/zeytinburnu.istanbul\/haberler\/turk-kultur-tarihinin-onemli-ismi-zksmde-duzenlenen-panelle-anildi\/","title":{"rendered":"T\u00fcrk K\u00fclt\u00fcr Tarihinin \u00d6nemli \u0130smi ZKSM\u2019de D\u00fczenlenen Panelle An\u0131ld\u0131"},"content":{"rendered":"<p style=\"text-align: justify\">T\u00fcrk k\u00fclt\u00fcr tarihi i\u00e7in \u00f6nemli bir isim olan <strong>Bahaeddin \u00d6gel<\/strong>, do\u011fumunun <strong>101<\/strong>\u2019inci y\u0131l\u0131nda <strong>Zeytinburnu K\u00fclt\u00fcr Sanat<\/strong>\u2019ta an\u0131ld\u0131. Panelin moderat\u00f6rl\u00fc\u011f\u00fcn\u00fc <strong>Prof. Dr. Ahmet Ta\u015fa\u011f\u0131l<\/strong> \u00fcstlenirken konu\u015fmac\u0131 olarak <strong>Prof. Dr. Abdulkadir Yuval\u0131<\/strong> ve <strong>Prof. Dr. \u00dc\u00e7ler Bulduk<\/strong> kat\u0131ld\u0131. Panelde <strong>Bahaeddin \u00d6gel<\/strong>\u2019in ya\u015fam\u0131, ki\u015filik \u00f6zellikleri ve \u00e7al\u0131\u015fmalar\u0131 ele al\u0131nd\u0131. <strong>\u00d6gel<\/strong>\u2019in \u00f6\u011frencisi olan ve onu yak\u0131ndan tan\u0131yan iki akademisyen <strong>Prof. Dr. Abdulkadir Yuval\u0131<\/strong> ve <strong>Prof. Dr. \u00dc\u00e7ler Bulduk<\/strong> ise <strong>Bahaeddin \u00d6gel<\/strong>\u2019e dair bilinmeyen bir\u00e7ok \u00f6nemli ayr\u0131nt\u0131y\u0131 payla\u015ft\u0131lar.<\/p>\n<p style=\"text-align: justify\"><span style=\"color: #ff0000\"><strong>PROF. DR. BULDUK: \u201cBEN\u0130 DEDE KORKUT\u2019A Y\u00d6NELTEN \u0130S\u0130M KEND\u0130S\u0130YD\u0130\u201d<\/strong><\/span><\/p>\n<p style=\"text-align: justify\"><strong>Prof. Dr. \u00dc\u00e7ler Bulduk<\/strong>, <strong>Bahaeddin \u00d6gel<\/strong>\u2019le olan hoca-\u00f6\u011frenci ili\u015fkisinden s\u00f6z ederek: \u201cBahaeddin \u00d6gel\u2019le lisans \u00f6\u011frencili\u011finden ba\u015flayan bir m\u00fcnasebetim vard\u0131. Eskiden beri onu takip ediyordum. Bitirme tezimi de ondan ald\u0131m. Beni Dede Korkut\u2019a y\u00f6nlendiren ilk hoca Bahaeddin \u00d6gel\u2019dir. \u2018Dede Korkut\u2019ta Din\u2019 konulu bir tezi bana verdi. Bu olay Dede Korkut\u2019a y\u00f6neli\u015fimin ba\u015flang\u0131c\u0131 oldu.\u201d dedi.<\/p>\n<p style=\"text-align: justify\"><span style=\"color: #ff0000\"><strong>PROF. DR. YUVALI: \u201cBAHAEDD\u0130N \u00d6GEL, A\u0130LEYE \u00c7OK \u00d6NEM VER\u0130RD\u0130.\u201d<\/strong><\/span><\/p>\n<p style=\"text-align: justify\"><strong>Prof. Dr. Abdulkadir Yuval\u0131<\/strong>, <strong>Bahaeddin \u00d6gel<\/strong>\u2019in aile kavram\u0131n\u0131 \u00e7ok \u00f6nemsedi\u011fini ifade ederel \u015funlar\u0131 s\u00f6yledi: \u201cHocam\u0131z aileye \u00f6nem verirdi. T\u00fcrk k\u00fclt\u00fcr\u00fcnde aile bireylerinin her birinin g\u00f6revi, sorumlulu\u011fu vard\u0131r. Saat gibi i\u015fler. Bir obada ka\u00e7 aile varsa ailelerin de o oba i\u00e7inde g\u00f6revleri vard\u0131r. Her oban\u0131n da boy i\u00e7inde g\u00f6revleri, sorumluluklar\u0131 olur. Bir milletin i\u00e7inde ka\u00e7 boy varsa onlar\u0131n da ayr\u0131 ayr\u0131 g\u00f6revleri vard\u0131r.\u201d<\/p>\n","protected":false},"excerpt":{"rendered":"<p>T\u00fcrk k\u00fclt\u00fcr tarihi i\u00e7in \u00f6nemli bir isim olan Bahaeddin \u00d6gel, do\u011fumunun 101\u2019inci y\u0131l\u0131nda Zeytinburnu K\u00fclt\u00fcr Sanat\u2019ta an\u0131ld\u0131. Panelin moderat\u00f6rl\u00fc\u011f\u00fcn\u00fc Prof. Dr. Ahmet Ta\u015fa\u011f\u0131l \u00fcstlenirken konu\u015fmac\u0131 olarak Prof. Dr. Abdulkadir Yuval\u0131 ve Prof. Dr. \u00dc\u00e7ler Bulduk kat\u0131ld\u0131. Panelde Bahaeddin \u00d6gel\u2019in ya\u015fam\u0131, ki\u015filik \u00f6zellikleri ve \u00e7al\u0131\u015fmalar\u0131 ele al\u0131nd\u0131. \u00d6gel\u2019in \u00f6\u011frencisi olan ve onu yak\u0131ndan tan\u0131yan iki akademisyen [&hellip;]<\/p>\n","protected":false},"author":7,"featured_media":66688,"comment_status":"closed","ping_status":"closed","sticky":false,"template":"","format":"standard","meta":{"inline_featured_image":false,"footnotes":""},"categories":[1],"tags":[],"acf":[],"yoast_head":"<!-- This site is optimized with the Yoast SEO plugin v21.5 - https:\/\/yoast.com\/wordpress\/plugins\/seo\/ -->\n<title>T\u00fcrk K\u00fclt\u00fcr Tarihinin \u00d6nemli \u0130smi ZKSM\u2019de D\u00fczenlenen Panelle An\u0131ld\u0131 - Zeytinburnu Belediyesi<\/title>\n<meta name=\"robots\" content=\"index, follow, max-snippet:-1, max-image-preview:large, max-video-preview:-1\" \/>\n<link rel=\"canonical\" href=\"https:\/\/zeytinburnu.istanbul\/haberler\/turk-kultur-tarihinin-onemli-ismi-zksmde-duzenlenen-panelle-anildi\/\" \/>\n<meta property=\"og:locale\" content=\"tr_TR\" \/>\n<meta property=\"og:type\" content=\"article\" \/>\n<meta property=\"og:title\" content=\"T\u00fcrk K\u00fclt\u00fcr Tarihinin \u00d6nemli \u0130smi ZKSM\u2019de D\u00fczenlenen Panelle An\u0131ld\u0131 - Zeytinburnu Belediyesi\" \/>\n<meta property=\"og:description\" content=\"T\u00fcrk k\u00fclt\u00fcr tarihi i\u00e7in \u00f6nemli bir isim olan Bahaeddin \u00d6gel, do\u011fumunun 101\u2019inci y\u0131l\u0131nda Zeytinburnu K\u00fclt\u00fcr Sanat\u2019ta an\u0131ld\u0131. Panelin moderat\u00f6rl\u00fc\u011f\u00fcn\u00fc Prof. Dr. Ahmet Ta\u015fa\u011f\u0131l \u00fcstlenirken konu\u015fmac\u0131 olarak Prof. Dr. Abdulkadir Yuval\u0131 ve Prof. Dr. \u00dc\u00e7ler Bulduk kat\u0131ld\u0131. Panelde Bahaeddin \u00d6gel\u2019in ya\u015fam\u0131, ki\u015filik \u00f6zellikleri ve \u00e7al\u0131\u015fmalar\u0131 ele al\u0131nd\u0131. \u00d6gel\u2019in \u00f6\u011frencisi olan ve onu yak\u0131ndan tan\u0131yan iki akademisyen [&hellip;]\" \/>\n<meta property=\"og:url\" content=\"https:\/\/zeytinburnu.istanbul\/haberler\/turk-kultur-tarihinin-onemli-ismi-zksmde-duzenlenen-panelle-anildi\/\" \/>\n<meta property=\"og:site_name\" content=\"Zeytinburnu Belediyesi\" \/>\n<meta property=\"article:publisher\" content=\"https:\/\/web.facebook.com\/zeytinburnubld\/\" \/>\n<meta property=\"article:author\" content=\"https:\/\/www.facebook.com\/zeytinburnubld\" \/>\n<meta property=\"article:published_time\" content=\"2025-04-30T11:27:23+00:00\" \/>\n<meta property=\"og:image\" content=\"https:\/\/zeytinburnu.istanbul\/wp-content\/uploads\/2025\/04\/bahaeddin-ogel-paneli-1-scaled.jpg\" \/>\n\t<meta property=\"og:image:width\" content=\"2560\" \/>\n\t<meta property=\"og:image:height\" content=\"1441\" \/>\n\t<meta property=\"og:image:type\" content=\"image\/jpeg\" \/>\n<meta name=\"author\" content=\"Eren Ayd\u0131n\" \/>\n<meta name=\"twitter:card\" content=\"summary_large_image\" \/>\n<meta name=\"twitter:creator\" content=\"@zeytinburnubld\" \/>\n<meta name=\"twitter:site\" content=\"@zeytinburnubld\" \/>\n<meta name=\"twitter:label1\" content=\"Yazan:\" \/>\n\t<meta name=\"twitter:data1\" content=\"Eren Ayd\u0131n\" \/>\n\t<meta name=\"twitter:label2\" content=\"Tahmini okuma s\u00fcresi\" \/>\n\t<meta name=\"twitter:data2\" content=\"2 dakika\" \/>\n<script type=\"application\/ld+json\" class=\"yoast-schema-graph\">{\"@context\":\"https:\/\/schema.org\",\"@graph\":[{\"@type\":\"WebPage\",\"@id\":\"https:\/\/zeytinburnu.istanbul\/haberler\/turk-kultur-tarihinin-onemli-ismi-zksmde-duzenlenen-panelle-anildi\/\",\"url\":\"https:\/\/zeytinburnu.istanbul\/haberler\/turk-kultur-tarihinin-onemli-ismi-zksmde-duzenlenen-panelle-anildi\/\",\"name\":\"T\u00fcrk K\u00fclt\u00fcr Tarihinin \u00d6nemli \u0130smi ZKSM\u2019de D\u00fczenlenen Panelle An\u0131ld\u0131 - Zeytinburnu Belediyesi\",\"isPartOf\":{\"@id\":\"https:\/\/zeytinburnu.istanbul\/#website\"},\"datePublished\":\"2025-04-30T11:27:23+00:00\",\"dateModified\":\"2025-04-30T11:27:23+00:00\",\"author\":{\"@id\":\"https:\/\/zeytinburnu.istanbul\/#\/schema\/person\/24bcc637eac604ad08cf78355fa7d7b9\"},\"breadcrumb\":{\"@id\":\"https:\/\/zeytinburnu.istanbul\/haberler\/turk-kultur-tarihinin-onemli-ismi-zksmde-duzenlenen-panelle-anildi\/#breadcrumb\"},\"inLanguage\":\"tr\",\"potentialAction\":[{\"@type\":\"ReadAction\",\"target\":[\"https:\/\/zeytinburnu.istanbul\/haberler\/turk-kultur-tarihinin-onemli-ismi-zksmde-duzenlenen-panelle-anildi\/\"]}]},{\"@type\":\"BreadcrumbList\",\"@id\":\"https:\/\/zeytinburnu.istanbul\/haberler\/turk-kultur-tarihinin-onemli-ismi-zksmde-duzenlenen-panelle-anildi\/#breadcrumb\",\"itemListElement\":[{\"@type\":\"ListItem\",\"position\":1,\"name\":\"Anasayfa\",\"item\":\"https:\/\/zeytinburnu.istanbul\/\"},{\"@type\":\"ListItem\",\"position\":2,\"name\":\"T\u00fcrk K\u00fclt\u00fcr Tarihinin \u00d6nemli \u0130smi ZKSM\u2019de D\u00fczenlenen Panelle An\u0131ld\u0131\"}]},{\"@type\":\"WebSite\",\"@id\":\"https:\/\/zeytinburnu.istanbul\/#website\",\"url\":\"https:\/\/zeytinburnu.istanbul\/\",\"name\":\"Zeytinburnu Belediyesi\",\"description\":\"\",\"potentialAction\":[{\"@type\":\"SearchAction\",\"target\":{\"@type\":\"EntryPoint\",\"urlTemplate\":\"https:\/\/zeytinburnu.istanbul\/?s={search_term_string}\"},\"query-input\":\"required name=search_term_string\"}],\"inLanguage\":\"tr\"},{\"@type\":\"Person\",\"@id\":\"https:\/\/zeytinburnu.istanbul\/#\/schema\/person\/24bcc637eac604ad08cf78355fa7d7b9\",\"name\":\"Eren Ayd\u0131n\",\"image\":{\"@type\":\"ImageObject\",\"inLanguage\":\"tr\",\"@id\":\"https:\/\/zeytinburnu.istanbul\/#\/schema\/person\/image\/\",\"url\":\"https:\/\/secure.gravatar.com\/avatar\/9865f24b5acb1e592f0a805ec7e43716?s=96&d=mm&r=g\",\"contentUrl\":\"https:\/\/secure.gravatar.com\/avatar\/9865f24b5acb1e592f0a805ec7e43716?s=96&d=mm&r=g\",\"caption\":\"Eren Ayd\u0131n\"},\"description\":\"\u0130nsanlar\u0131n ya\u015famaktan mutlu oldu\u011fu, kendilerini g\u00fcvende hissetti\u011fi, kabiliyetlerini geli\u015ftirebildi\u011fi, \u00e7ocuklar\u0131n\u0131 gelece\u011fin d\u00fcnyas\u0131na haz\u0131rlad\u0131\u011f\u0131; bilgeli\u011fin, sanat\u0131n ve ticaretin \u015fehri Zeytinburnu. Zeytinburnu\u2019nda ya\u015fayan ailelere; \u0130stanbul\u2019un tarihi, k\u00fclt\u00fcr\u00fc ve ekonomisiyle b\u00fct\u00fcnle\u015fen, zenginlik ve de\u011ferlerini payla\u015fan huzurlu bir \u015fehir hayat\u0131 sa\u011flamak.\",\"sameAs\":[\"https:\/\/zeytinburnu.istanbul\/\",\"https:\/\/www.facebook.com\/zeytinburnubld\",\"https:\/\/www.instagram.com\/zeytinburnubld\/\",\"https:\/\/tr.linkedin.com\/company\/zeytinburnu-belediyesi\",\"https:\/\/twitter.com\/zeytinburnubld\",\"https:\/\/www.youtube.com\/c\/ZeytinburnuBld\",\"https:\/\/tr.wikipedia.org\/wiki\/Zeytinburnu\"],\"url\":\"https:\/\/zeytinburnu.istanbul\/author\/erenaydin\/\"}]}<\/script>\n<!-- \/ Yoast SEO plugin. -->","yoast_head_json":{"title":"T\u00fcrk K\u00fclt\u00fcr Tarihinin \u00d6nemli \u0130smi ZKSM\u2019de D\u00fczenlenen Panelle An\u0131ld\u0131 - Zeytinburnu Belediyesi","robots":{"index":"index","follow":"follow","max-snippet":"max-snippet:-1","max-image-preview":"max-image-preview:large","max-video-preview":"max-video-preview:-1"},"canonical":"https:\/\/zeytinburnu.istanbul\/haberler\/turk-kultur-tarihinin-onemli-ismi-zksmde-duzenlenen-panelle-anildi\/","og_locale":"tr_TR","og_type":"article","og_title":"T\u00fcrk K\u00fclt\u00fcr Tarihinin \u00d6nemli \u0130smi ZKSM\u2019de D\u00fczenlenen Panelle An\u0131ld\u0131 - Zeytinburnu Belediyesi","og_description":"T\u00fcrk k\u00fclt\u00fcr tarihi i\u00e7in \u00f6nemli bir isim olan Bahaeddin \u00d6gel, do\u011fumunun 101\u2019inci y\u0131l\u0131nda Zeytinburnu K\u00fclt\u00fcr Sanat\u2019ta an\u0131ld\u0131. Panelin moderat\u00f6rl\u00fc\u011f\u00fcn\u00fc Prof. Dr. Ahmet Ta\u015fa\u011f\u0131l \u00fcstlenirken konu\u015fmac\u0131 olarak Prof. Dr. Abdulkadir Yuval\u0131 ve Prof. Dr. \u00dc\u00e7ler Bulduk kat\u0131ld\u0131. Panelde Bahaeddin \u00d6gel\u2019in ya\u015fam\u0131, ki\u015filik \u00f6zellikleri ve \u00e7al\u0131\u015fmalar\u0131 ele al\u0131nd\u0131. \u00d6gel\u2019in \u00f6\u011frencisi olan ve onu yak\u0131ndan tan\u0131yan iki akademisyen [&hellip;]","og_url":"https:\/\/zeytinburnu.istanbul\/haberler\/turk-kultur-tarihinin-onemli-ismi-zksmde-duzenlenen-panelle-anildi\/","og_site_name":"Zeytinburnu Belediyesi","article_publisher":"https:\/\/web.facebook.com\/zeytinburnubld\/","article_author":"https:\/\/www.facebook.com\/zeytinburnubld","article_published_time":"2025-04-30T11:27:23+00:00","og_image":[{"width":2560,"height":1441,"url":"https:\/\/zeytinburnu.istanbul\/wp-content\/uploads\/2025\/04\/bahaeddin-ogel-paneli-1-scaled.jpg","type":"image\/jpeg"}],"author":"Eren Ayd\u0131n","twitter_card":"summary_large_image","twitter_creator":"@zeytinburnubld","twitter_site":"@zeytinburnubld","twitter_misc":{"Yazan:":"Eren Ayd\u0131n","Tahmini okuma s\u00fcresi":"2 dakika"},"schema":{"@context":"https:\/\/schema.org","@graph":[{"@type":"WebPage","@id":"https:\/\/zeytinburnu.istanbul\/haberler\/turk-kultur-tarihinin-onemli-ismi-zksmde-duzenlenen-panelle-anildi\/","url":"https:\/\/zeytinburnu.istanbul\/haberler\/turk-kultur-tarihinin-onemli-ismi-zksmde-duzenlenen-panelle-anildi\/","name":"T\u00fcrk K\u00fclt\u00fcr Tarihinin \u00d6nemli \u0130smi ZKSM\u2019de D\u00fczenlenen Panelle An\u0131ld\u0131 - Zeytinburnu Belediyesi","isPartOf":{"@id":"https:\/\/zeytinburnu.istanbul\/#website"},"datePublished":"2025-04-30T11:27:23+00:00","dateModified":"2025-04-30T11:27:23+00:00","author":{"@id":"https:\/\/zeytinburnu.istanbul\/#\/schema\/person\/24bcc637eac604ad08cf78355fa7d7b9"},"breadcrumb":{"@id":"https:\/\/zeytinburnu.istanbul\/haberler\/turk-kultur-tarihinin-onemli-ismi-zksmde-duzenlenen-panelle-anildi\/#breadcrumb"},"inLanguage":"tr","potentialAction":[{"@type":"ReadAction","target":["https:\/\/zeytinburnu.istanbul\/haberler\/turk-kultur-tarihinin-onemli-ismi-zksmde-duzenlenen-panelle-anildi\/"]}]},{"@type":"BreadcrumbList","@id":"https:\/\/zeytinburnu.istanbul\/haberler\/turk-kultur-tarihinin-onemli-ismi-zksmde-duzenlenen-panelle-anildi\/#breadcrumb","itemListElement":[{"@type":"ListItem","position":1,"name":"Anasayfa","item":"https:\/\/zeytinburnu.istanbul\/"},{"@type":"ListItem","position":2,"name":"T\u00fcrk K\u00fclt\u00fcr Tarihinin \u00d6nemli \u0130smi ZKSM\u2019de D\u00fczenlenen Panelle An\u0131ld\u0131"}]},{"@type":"WebSite","@id":"https:\/\/zeytinburnu.istanbul\/#website","url":"https:\/\/zeytinburnu.istanbul\/","name":"Zeytinburnu Belediyesi","description":"","potentialAction":[{"@type":"SearchAction","target":{"@type":"EntryPoint","urlTemplate":"https:\/\/zeytinburnu.istanbul\/?s={search_term_string}"},"query-input":"required name=search_term_string"}],"inLanguage":"tr"},{"@type":"Person","@id":"https:\/\/zeytinburnu.istanbul\/#\/schema\/person\/24bcc637eac604ad08cf78355fa7d7b9","name":"Eren Ayd\u0131n","image":{"@type":"ImageObject","inLanguage":"tr","@id":"https:\/\/zeytinburnu.istanbul\/#\/schema\/person\/image\/","url":"https:\/\/secure.gravatar.com\/avatar\/9865f24b5acb1e592f0a805ec7e43716?s=96&d=mm&r=g","contentUrl":"https:\/\/secure.gravatar.com\/avatar\/9865f24b5acb1e592f0a805ec7e43716?s=96&d=mm&r=g","caption":"Eren Ayd\u0131n"},"description":"\u0130nsanlar\u0131n ya\u015famaktan mutlu oldu\u011fu, kendilerini g\u00fcvende hissetti\u011fi, kabiliyetlerini geli\u015ftirebildi\u011fi, \u00e7ocuklar\u0131n\u0131 gelece\u011fin d\u00fcnyas\u0131na haz\u0131rlad\u0131\u011f\u0131; bilgeli\u011fin, sanat\u0131n ve ticaretin \u015fehri Zeytinburnu. Zeytinburnu\u2019nda ya\u015fayan ailelere; \u0130stanbul\u2019un tarihi, k\u00fclt\u00fcr\u00fc ve ekonomisiyle b\u00fct\u00fcnle\u015fen, zenginlik ve de\u011ferlerini payla\u015fan huzurlu bir \u015fehir hayat\u0131 sa\u011flamak.","sameAs":["https:\/\/zeytinburnu.istanbul\/","https:\/\/www.facebook.com\/zeytinburnubld","https:\/\/www.instagram.com\/zeytinburnubld\/","https:\/\/tr.linkedin.com\/company\/zeytinburnu-belediyesi","https:\/\/twitter.com\/zeytinburnubld","https:\/\/www.youtube.com\/c\/ZeytinburnuBld","https:\/\/tr.wikipedia.org\/wiki\/Zeytinburnu"],"url":"https:\/\/zeytinburnu.istanbul\/author\/erenaydin\/"}]}},"meta_data":{"spot_ozet_metin":"Do\u011fumunun 101. Y\u0131l\u0131nda Bahaeddin \u00d6gel paneli, Zeytinburnu K\u00fclt\u00fcr Sanat\u2019ta ger\u00e7ekle\u015fti.","sidebar_tipi":"varsayilan","haber_tarihi":"30 Nisan 2025","haber_saati":"14:24","yayindan_cikis_tarihi":"","ikincil_gorsel":{"ID":66689,"id":66689,"title":"bahaeddin \u00f6gel paneli (3)","filename":"bahaeddin-ogel-paneli-3-scaled.jpg","filesize":358069,"url":"https:\/\/zeytinburnu.istanbul\/wp-content\/uploads\/2025\/04\/bahaeddin-ogel-paneli-3-scaled.jpg","link":"https:\/\/zeytinburnu.istanbul\/haberler\/turk-kultur-tarihinin-onemli-ismi-zksmde-duzenlenen-panelle-anildi\/attachment\/bahaeddin-ogel-paneli-3\/","alt":"","author":"7","description":"","caption":"","name":"bahaeddin-ogel-paneli-3","status":"inherit","uploaded_to":66687,"date":"2025-04-30 11:25:01","modified":"2025-04-30 11:25:01","menu_order":0,"mime_type":"image\/jpeg","type":"image","subtype":"jpeg","icon":"https:\/\/zeytinburnu.istanbul\/wp-includes\/images\/media\/default.png","width":2560,"height":1441,"sizes":{"thumbnail":"https:\/\/zeytinburnu.istanbul\/wp-content\/uploads\/2025\/04\/bahaeddin-ogel-paneli-3-720x540.jpg","thumbnail-width":720,"thumbnail-height":540,"medium":"https:\/\/zeytinburnu.istanbul\/wp-content\/uploads\/2025\/04\/bahaeddin-ogel-paneli-3-960x540.jpg","medium-width":960,"medium-height":540,"medium_large":"https:\/\/zeytinburnu.istanbul\/wp-content\/uploads\/2025\/04\/bahaeddin-ogel-paneli-3-768x432.jpg","medium_large-width":768,"medium_large-height":432,"large":"https:\/\/zeytinburnu.istanbul\/wp-content\/uploads\/2025\/04\/bahaeddin-ogel-paneli-3-1280x720.jpg","large-width":1280,"large-height":720,"1536x1536":"https:\/\/zeytinburnu.istanbul\/wp-content\/uploads\/2025\/04\/bahaeddin-ogel-paneli-3-1536x864.jpg","1536x1536-width":1536,"1536x1536-height":864,"2048x2048":"https:\/\/zeytinburnu.istanbul\/wp-content\/uploads\/2025\/04\/bahaeddin-ogel-paneli-3-2048x1153.jpg","2048x2048-width":2048,"2048x2048-height":1153}},"youtube_video_id":"","vimeo_video_id":"","video_dosya":false,"ekler":false,"galeri_basligi":"GALER\u0130","galeri":false,"image_details":{"thumbnail":{"file":"bahaeddin-ogel-paneli-1-720x540.jpg","width":720,"height":540,"mime-type":"image\/jpeg","filesize":150809,"url":"https:\/\/zeytinburnu.istanbul\/wp-content\/uploads\/2025\/04\/bahaeddin-ogel-paneli-1-720x540.jpg"},"full":{"file":"2025\/04\/bahaeddin-ogel-paneli-1-scaled.jpg","width":2560,"height":1441,"mime_type":"image\/jpeg","url":"https:\/\/zeytinburnu.istanbul\/wp-content\/uploads\/2025\/04\/bahaeddin-ogel-paneli-1-scaled.jpg"}}},"_links":{"self":[{"href":"https:\/\/zeytinburnu.istanbul\/api\/wp\/v2\/posts\/66687"}],"collection":[{"href":"https:\/\/zeytinburnu.istanbul\/api\/wp\/v2\/posts"}],"about":[{"href":"https:\/\/zeytinburnu.istanbul\/api\/wp\/v2\/types\/post"}],"author":[{"embeddable":true,"href":"https:\/\/zeytinburnu.istanbul\/api\/wp\/v2\/users\/7"}],"replies":[{"embeddable":true,"href":"https:\/\/zeytinburnu.istanbul\/api\/wp\/v2\/comments?post=66687"}],"version-history":[{"count":1,"href":"https:\/\/zeytinburnu.istanbul\/api\/wp\/v2\/posts\/66687\/revisions"}],"predecessor-version":[{"id":66690,"href":"https:\/\/zeytinburnu.istanbul\/api\/wp\/v2\/posts\/66687\/revisions\/66690"}],"wp:featuredmedia":[{"embeddable":true,"href":"https:\/\/zeytinburnu.istanbul\/api\/wp\/v2\/media\/66688"}],"wp:attachment":[{"href":"https:\/\/zeytinburnu.istanbul\/api\/wp\/v2\/media?parent=66687"}],"wp:term":[{"taxonomy":"category","embeddable":true,"href":"https:\/\/zeytinburnu.istanbul\/api\/wp\/v2\/categories?post=66687"},{"taxonomy":"post_tag","embeddable":true,"href":"https:\/\/zeytinburnu.istanbul\/api\/wp\/v2\/tags?post=66687"}],"curies":[{"name":"wp","href":"https:\/\/api.w.org\/{rel}","templated":true}]}}