

{"id":66482,"date":"2025-04-09T14:45:08","date_gmt":"2025-04-09T11:45:08","guid":{"rendered":"https:\/\/zeytinburnu.istanbul\/?p=66482"},"modified":"2025-04-09T14:45:08","modified_gmt":"2025-04-09T11:45:08","slug":"yeni-z-kafe-subeleri-merkezefendi-ve-ziya-gun-parkinda-acildi","status":"publish","type":"post","link":"https:\/\/zeytinburnu.istanbul\/haberler\/yeni-z-kafe-subeleri-merkezefendi-ve-ziya-gun-parkinda-acildi\/","title":{"rendered":"Yeni \u2018Z KAFE\u2019 \u015eubeleri Merkezefendi ve Ziya G\u00fcn Park\u0131\u2019nda A\u00e7\u0131ld\u0131"},"content":{"rendered":"<p>\u0130l\u00e7ede vatanda\u015flar\u0131n yo\u011funlukla bir araya geldi\u011fi noktalara kurulmas\u0131 planlanan Z Kafe projesinin ilki 31 Mart\u2019ta Z\u00fcbeyde Han\u0131m Park\u0131\u2019nda hizmete girmi\u015fti.<\/p>\n<p>Yak\u0131n zaman i\u00e7erisinde yeni \u015fubelerin a\u00e7\u0131laca\u011f\u0131 m\u00fcjdesini duyuran Zeytinburnu Belediyesi, 8 Nisan Sal\u0131 g\u00fcn\u00fc Ziya G\u00fcn ve Merkezefendi Park\u0131\u2019nda yeni Z Kafe \u015fubelerini de hizmete a\u00e7t\u0131.<\/p>\n<p>T\u00fcm Z Kafe \u015fubeleri sabah 09.00 ak\u015fam 22.00 saatleri aras\u0131nda a\u00e7\u0131k olacak.<\/p>\n","protected":false},"excerpt":{"rendered":"<p>\u0130l\u00e7ede vatanda\u015flar\u0131n yo\u011funlukla bir araya geldi\u011fi noktalara kurulmas\u0131 planlanan Z Kafe projesinin ilki 31 Mart\u2019ta Z\u00fcbeyde Han\u0131m Park\u0131\u2019nda hizmete girmi\u015fti. Yak\u0131n zaman i\u00e7erisinde yeni \u015fubelerin a\u00e7\u0131laca\u011f\u0131 m\u00fcjdesini duyuran Zeytinburnu Belediyesi, 8 Nisan Sal\u0131 g\u00fcn\u00fc Ziya G\u00fcn ve Merkezefendi Park\u0131\u2019nda yeni Z Kafe \u015fubelerini de hizmete a\u00e7t\u0131. T\u00fcm Z Kafe \u015fubeleri sabah 09.00 ak\u015fam 22.00 saatleri [&hellip;]<\/p>\n","protected":false},"author":6,"featured_media":66484,"comment_status":"closed","ping_status":"closed","sticky":false,"template":"","format":"standard","meta":{"inline_featured_image":false,"footnotes":""},"categories":[1],"tags":[],"acf":[],"yoast_head":"<!-- This site is optimized with the Yoast SEO plugin v21.5 - https:\/\/yoast.com\/wordpress\/plugins\/seo\/ -->\n<title>Yeni \u2018Z KAFE\u2019 \u015eubeleri Merkezefendi ve Ziya G\u00fcn Park\u0131\u2019nda A\u00e7\u0131ld\u0131 - Zeytinburnu Belediyesi<\/title>\n<meta name=\"robots\" content=\"index, follow, max-snippet:-1, max-image-preview:large, max-video-preview:-1\" \/>\n<link rel=\"canonical\" href=\"https:\/\/zeytinburnu.istanbul\/haberler\/yeni-z-kafe-subeleri-merkezefendi-ve-ziya-gun-parkinda-acildi\/\" \/>\n<meta property=\"og:locale\" content=\"tr_TR\" \/>\n<meta property=\"og:type\" content=\"article\" \/>\n<meta property=\"og:title\" content=\"Yeni \u2018Z KAFE\u2019 \u015eubeleri Merkezefendi ve Ziya G\u00fcn Park\u0131\u2019nda A\u00e7\u0131ld\u0131 - Zeytinburnu Belediyesi\" \/>\n<meta property=\"og:description\" content=\"\u0130l\u00e7ede vatanda\u015flar\u0131n yo\u011funlukla bir araya geldi\u011fi noktalara kurulmas\u0131 planlanan Z Kafe projesinin ilki 31 Mart\u2019ta Z\u00fcbeyde Han\u0131m Park\u0131\u2019nda hizmete girmi\u015fti. Yak\u0131n zaman i\u00e7erisinde yeni \u015fubelerin a\u00e7\u0131laca\u011f\u0131 m\u00fcjdesini duyuran Zeytinburnu Belediyesi, 8 Nisan Sal\u0131 g\u00fcn\u00fc Ziya G\u00fcn ve Merkezefendi Park\u0131\u2019nda yeni Z Kafe \u015fubelerini de hizmete a\u00e7t\u0131. T\u00fcm Z Kafe \u015fubeleri sabah 09.00 ak\u015fam 22.00 saatleri [&hellip;]\" \/>\n<meta property=\"og:url\" content=\"https:\/\/zeytinburnu.istanbul\/haberler\/yeni-z-kafe-subeleri-merkezefendi-ve-ziya-gun-parkinda-acildi\/\" \/>\n<meta property=\"og:site_name\" content=\"Zeytinburnu Belediyesi\" \/>\n<meta property=\"article:publisher\" content=\"https:\/\/web.facebook.com\/zeytinburnubld\/\" \/>\n<meta property=\"article:published_time\" content=\"2025-04-09T11:45:08+00:00\" \/>\n<meta property=\"og:image\" content=\"https:\/\/zeytinburnu.istanbul\/wp-content\/uploads\/2025\/04\/z-kafe-01.jpg\" \/>\n\t<meta property=\"og:image:width\" content=\"615\" \/>\n\t<meta property=\"og:image:height\" content=\"413\" \/>\n\t<meta property=\"og:image:type\" content=\"image\/jpeg\" \/>\n<meta name=\"author\" content=\"Nihan K\u00fc\u00e7\u00fck\" \/>\n<meta name=\"twitter:card\" content=\"summary_large_image\" \/>\n<meta name=\"twitter:creator\" content=\"@zeytinburnubld\" \/>\n<meta name=\"twitter:site\" content=\"@zeytinburnubld\" \/>\n<meta name=\"twitter:label1\" content=\"Yazan:\" \/>\n\t<meta name=\"twitter:data1\" content=\"Nihan K\u00fc\u00e7\u00fck\" \/>\n\t<meta name=\"twitter:label2\" content=\"Tahmini okuma s\u00fcresi\" \/>\n\t<meta name=\"twitter:data2\" content=\"1 dakika\" \/>\n<script type=\"application\/ld+json\" class=\"yoast-schema-graph\">{\"@context\":\"https:\/\/schema.org\",\"@graph\":[{\"@type\":\"WebPage\",\"@id\":\"https:\/\/zeytinburnu.istanbul\/haberler\/yeni-z-kafe-subeleri-merkezefendi-ve-ziya-gun-parkinda-acildi\/\",\"url\":\"https:\/\/zeytinburnu.istanbul\/haberler\/yeni-z-kafe-subeleri-merkezefendi-ve-ziya-gun-parkinda-acildi\/\",\"name\":\"Yeni \u2018Z KAFE\u2019 \u015eubeleri Merkezefendi ve Ziya G\u00fcn Park\u0131\u2019nda A\u00e7\u0131ld\u0131 - Zeytinburnu Belediyesi\",\"isPartOf\":{\"@id\":\"https:\/\/zeytinburnu.istanbul\/#website\"},\"datePublished\":\"2025-04-09T11:45:08+00:00\",\"dateModified\":\"2025-04-09T11:45:08+00:00\",\"author\":{\"@id\":\"https:\/\/zeytinburnu.istanbul\/#\/schema\/person\/fa9b36b4d792e5aec0a8718c19538adc\"},\"breadcrumb\":{\"@id\":\"https:\/\/zeytinburnu.istanbul\/haberler\/yeni-z-kafe-subeleri-merkezefendi-ve-ziya-gun-parkinda-acildi\/#breadcrumb\"},\"inLanguage\":\"tr\",\"potentialAction\":[{\"@type\":\"ReadAction\",\"target\":[\"https:\/\/zeytinburnu.istanbul\/haberler\/yeni-z-kafe-subeleri-merkezefendi-ve-ziya-gun-parkinda-acildi\/\"]}]},{\"@type\":\"BreadcrumbList\",\"@id\":\"https:\/\/zeytinburnu.istanbul\/haberler\/yeni-z-kafe-subeleri-merkezefendi-ve-ziya-gun-parkinda-acildi\/#breadcrumb\",\"itemListElement\":[{\"@type\":\"ListItem\",\"position\":1,\"name\":\"Anasayfa\",\"item\":\"https:\/\/zeytinburnu.istanbul\/\"},{\"@type\":\"ListItem\",\"position\":2,\"name\":\"Yeni \u2018Z KAFE\u2019 \u015eubeleri Merkezefendi ve Ziya G\u00fcn Park\u0131\u2019nda A\u00e7\u0131ld\u0131\"}]},{\"@type\":\"WebSite\",\"@id\":\"https:\/\/zeytinburnu.istanbul\/#website\",\"url\":\"https:\/\/zeytinburnu.istanbul\/\",\"name\":\"Zeytinburnu Belediyesi\",\"description\":\"\",\"potentialAction\":[{\"@type\":\"SearchAction\",\"target\":{\"@type\":\"EntryPoint\",\"urlTemplate\":\"https:\/\/zeytinburnu.istanbul\/?s={search_term_string}\"},\"query-input\":\"required name=search_term_string\"}],\"inLanguage\":\"tr\"},{\"@type\":\"Person\",\"@id\":\"https:\/\/zeytinburnu.istanbul\/#\/schema\/person\/fa9b36b4d792e5aec0a8718c19538adc\",\"name\":\"Nihan K\u00fc\u00e7\u00fck\",\"image\":{\"@type\":\"ImageObject\",\"inLanguage\":\"tr\",\"@id\":\"https:\/\/zeytinburnu.istanbul\/#\/schema\/person\/image\/\",\"url\":\"https:\/\/secure.gravatar.com\/avatar\/f5a876a005c2831c9c4939c10af65fe7?s=96&d=mm&r=g\",\"contentUrl\":\"https:\/\/secure.gravatar.com\/avatar\/f5a876a005c2831c9c4939c10af65fe7?s=96&d=mm&r=g\",\"caption\":\"Nihan K\u00fc\u00e7\u00fck\"},\"url\":\"https:\/\/zeytinburnu.istanbul\/author\/nihankucuk\/\"}]}<\/script>\n<!-- \/ Yoast SEO plugin. -->","yoast_head_json":{"title":"Yeni \u2018Z KAFE\u2019 \u015eubeleri Merkezefendi ve Ziya G\u00fcn Park\u0131\u2019nda A\u00e7\u0131ld\u0131 - Zeytinburnu Belediyesi","robots":{"index":"index","follow":"follow","max-snippet":"max-snippet:-1","max-image-preview":"max-image-preview:large","max-video-preview":"max-video-preview:-1"},"canonical":"https:\/\/zeytinburnu.istanbul\/haberler\/yeni-z-kafe-subeleri-merkezefendi-ve-ziya-gun-parkinda-acildi\/","og_locale":"tr_TR","og_type":"article","og_title":"Yeni \u2018Z KAFE\u2019 \u015eubeleri Merkezefendi ve Ziya G\u00fcn Park\u0131\u2019nda A\u00e7\u0131ld\u0131 - Zeytinburnu Belediyesi","og_description":"\u0130l\u00e7ede vatanda\u015flar\u0131n yo\u011funlukla bir araya geldi\u011fi noktalara kurulmas\u0131 planlanan Z Kafe projesinin ilki 31 Mart\u2019ta Z\u00fcbeyde Han\u0131m Park\u0131\u2019nda hizmete girmi\u015fti. Yak\u0131n zaman i\u00e7erisinde yeni \u015fubelerin a\u00e7\u0131laca\u011f\u0131 m\u00fcjdesini duyuran Zeytinburnu Belediyesi, 8 Nisan Sal\u0131 g\u00fcn\u00fc Ziya G\u00fcn ve Merkezefendi Park\u0131\u2019nda yeni Z Kafe \u015fubelerini de hizmete a\u00e7t\u0131. T\u00fcm Z Kafe \u015fubeleri sabah 09.00 ak\u015fam 22.00 saatleri [&hellip;]","og_url":"https:\/\/zeytinburnu.istanbul\/haberler\/yeni-z-kafe-subeleri-merkezefendi-ve-ziya-gun-parkinda-acildi\/","og_site_name":"Zeytinburnu Belediyesi","article_publisher":"https:\/\/web.facebook.com\/zeytinburnubld\/","article_published_time":"2025-04-09T11:45:08+00:00","og_image":[{"width":615,"height":413,"url":"https:\/\/zeytinburnu.istanbul\/wp-content\/uploads\/2025\/04\/z-kafe-01.jpg","type":"image\/jpeg"}],"author":"Nihan K\u00fc\u00e7\u00fck","twitter_card":"summary_large_image","twitter_creator":"@zeytinburnubld","twitter_site":"@zeytinburnubld","twitter_misc":{"Yazan:":"Nihan K\u00fc\u00e7\u00fck","Tahmini okuma s\u00fcresi":"1 dakika"},"schema":{"@context":"https:\/\/schema.org","@graph":[{"@type":"WebPage","@id":"https:\/\/zeytinburnu.istanbul\/haberler\/yeni-z-kafe-subeleri-merkezefendi-ve-ziya-gun-parkinda-acildi\/","url":"https:\/\/zeytinburnu.istanbul\/haberler\/yeni-z-kafe-subeleri-merkezefendi-ve-ziya-gun-parkinda-acildi\/","name":"Yeni \u2018Z KAFE\u2019 \u015eubeleri Merkezefendi ve Ziya G\u00fcn Park\u0131\u2019nda A\u00e7\u0131ld\u0131 - Zeytinburnu Belediyesi","isPartOf":{"@id":"https:\/\/zeytinburnu.istanbul\/#website"},"datePublished":"2025-04-09T11:45:08+00:00","dateModified":"2025-04-09T11:45:08+00:00","author":{"@id":"https:\/\/zeytinburnu.istanbul\/#\/schema\/person\/fa9b36b4d792e5aec0a8718c19538adc"},"breadcrumb":{"@id":"https:\/\/zeytinburnu.istanbul\/haberler\/yeni-z-kafe-subeleri-merkezefendi-ve-ziya-gun-parkinda-acildi\/#breadcrumb"},"inLanguage":"tr","potentialAction":[{"@type":"ReadAction","target":["https:\/\/zeytinburnu.istanbul\/haberler\/yeni-z-kafe-subeleri-merkezefendi-ve-ziya-gun-parkinda-acildi\/"]}]},{"@type":"BreadcrumbList","@id":"https:\/\/zeytinburnu.istanbul\/haberler\/yeni-z-kafe-subeleri-merkezefendi-ve-ziya-gun-parkinda-acildi\/#breadcrumb","itemListElement":[{"@type":"ListItem","position":1,"name":"Anasayfa","item":"https:\/\/zeytinburnu.istanbul\/"},{"@type":"ListItem","position":2,"name":"Yeni \u2018Z KAFE\u2019 \u015eubeleri Merkezefendi ve Ziya G\u00fcn Park\u0131\u2019nda A\u00e7\u0131ld\u0131"}]},{"@type":"WebSite","@id":"https:\/\/zeytinburnu.istanbul\/#website","url":"https:\/\/zeytinburnu.istanbul\/","name":"Zeytinburnu Belediyesi","description":"","potentialAction":[{"@type":"SearchAction","target":{"@type":"EntryPoint","urlTemplate":"https:\/\/zeytinburnu.istanbul\/?s={search_term_string}"},"query-input":"required name=search_term_string"}],"inLanguage":"tr"},{"@type":"Person","@id":"https:\/\/zeytinburnu.istanbul\/#\/schema\/person\/fa9b36b4d792e5aec0a8718c19538adc","name":"Nihan K\u00fc\u00e7\u00fck","image":{"@type":"ImageObject","inLanguage":"tr","@id":"https:\/\/zeytinburnu.istanbul\/#\/schema\/person\/image\/","url":"https:\/\/secure.gravatar.com\/avatar\/f5a876a005c2831c9c4939c10af65fe7?s=96&d=mm&r=g","contentUrl":"https:\/\/secure.gravatar.com\/avatar\/f5a876a005c2831c9c4939c10af65fe7?s=96&d=mm&r=g","caption":"Nihan K\u00fc\u00e7\u00fck"},"url":"https:\/\/zeytinburnu.istanbul\/author\/nihankucuk\/"}]}},"meta_data":{"spot_ozet_metin":"\u0130lk olarak Marmaray Z\u00fcbeyde Han\u0131m Park\u0131\u2018nda hizmete giren Z Kafe \u015fimdi Merkezefendi ve Ziya G\u00fcn Park\u0131\u2019nda da a\u00e7\u0131ld\u0131. ","sidebar_tipi":"varsayilan","ikincil_gorsel":{"ID":66485,"id":66485,"title":"z kafe 02","filename":"z-kafe-02.jpg","filesize":102018,"url":"https:\/\/zeytinburnu.istanbul\/wp-content\/uploads\/2025\/04\/z-kafe-02.jpg","link":"https:\/\/zeytinburnu.istanbul\/haberler\/yeni-z-kafe-subeleri-merkezefendi-ve-ziya-gun-parkinda-acildi\/attachment\/z-kafe-02\/","alt":"","author":"6","description":"","caption":"","name":"z-kafe-02","status":"inherit","uploaded_to":66482,"date":"2025-04-09 11:42:06","modified":"2025-04-09 11:42:06","menu_order":0,"mime_type":"image\/jpeg","type":"image","subtype":"jpeg","icon":"https:\/\/zeytinburnu.istanbul\/wp-includes\/images\/media\/default.png","width":641,"height":406,"sizes":{"thumbnail":"https:\/\/zeytinburnu.istanbul\/wp-content\/uploads\/2025\/04\/z-kafe-02.jpg","thumbnail-width":641,"thumbnail-height":406,"medium":"https:\/\/zeytinburnu.istanbul\/wp-content\/uploads\/2025\/04\/z-kafe-02.jpg","medium-width":641,"medium-height":406,"medium_large":"https:\/\/zeytinburnu.istanbul\/wp-content\/uploads\/2025\/04\/z-kafe-02.jpg","medium_large-width":641,"medium_large-height":406,"large":"https:\/\/zeytinburnu.istanbul\/wp-content\/uploads\/2025\/04\/z-kafe-02.jpg","large-width":641,"large-height":406,"1536x1536":"https:\/\/zeytinburnu.istanbul\/wp-content\/uploads\/2025\/04\/z-kafe-02.jpg","1536x1536-width":641,"1536x1536-height":406,"2048x2048":"https:\/\/zeytinburnu.istanbul\/wp-content\/uploads\/2025\/04\/z-kafe-02.jpg","2048x2048-width":641,"2048x2048-height":406}},"haber_tarihi":"09 Nisan 2025","haber_saati":"12:00","yayindan_cikis_tarihi":"","youtube_video_id":"","vimeo_video_id":"","video_dosya":false,"ekler":false,"galeri_basligi":"Yeni \u2018Z KAFE\u2019 \u015eubeleri Merkezefendi ve Ziya G\u00fcn Park\u0131\u2019nda A\u00e7\u0131ld\u0131","galeri":[{"ID":66484,"id":66484,"title":"z kafe 01","filename":"z-kafe-01.jpg","filesize":176861,"url":"https:\/\/zeytinburnu.istanbul\/wp-content\/uploads\/2025\/04\/z-kafe-01.jpg","link":"https:\/\/zeytinburnu.istanbul\/haberler\/yeni-z-kafe-subeleri-merkezefendi-ve-ziya-gun-parkinda-acildi\/attachment\/z-kafe-01\/","alt":"","author":"6","description":"","caption":"","name":"z-kafe-01","status":"inherit","uploaded_to":66482,"date":"2025-04-09 11:41:53","modified":"2025-04-09 11:41:53","menu_order":0,"mime_type":"image\/jpeg","type":"image","subtype":"jpeg","icon":"https:\/\/zeytinburnu.istanbul\/wp-includes\/images\/media\/default.png","width":615,"height":413,"sizes":{"thumbnail":"https:\/\/zeytinburnu.istanbul\/wp-content\/uploads\/2025\/04\/z-kafe-01.jpg","thumbnail-width":615,"thumbnail-height":413,"medium":"https:\/\/zeytinburnu.istanbul\/wp-content\/uploads\/2025\/04\/z-kafe-01.jpg","medium-width":615,"medium-height":413,"medium_large":"https:\/\/zeytinburnu.istanbul\/wp-content\/uploads\/2025\/04\/z-kafe-01.jpg","medium_large-width":615,"medium_large-height":413,"large":"https:\/\/zeytinburnu.istanbul\/wp-content\/uploads\/2025\/04\/z-kafe-01.jpg","large-width":615,"large-height":413,"1536x1536":"https:\/\/zeytinburnu.istanbul\/wp-content\/uploads\/2025\/04\/z-kafe-01.jpg","1536x1536-width":615,"1536x1536-height":413,"2048x2048":"https:\/\/zeytinburnu.istanbul\/wp-content\/uploads\/2025\/04\/z-kafe-01.jpg","2048x2048-width":615,"2048x2048-height":413}},{"ID":66486,"id":66486,"title":"z kafe 02","filename":"z-kafe-02-1.jpg","filesize":102018,"url":"https:\/\/zeytinburnu.istanbul\/wp-content\/uploads\/2025\/04\/z-kafe-02-1.jpg","link":"https:\/\/zeytinburnu.istanbul\/haberler\/yeni-z-kafe-subeleri-merkezefendi-ve-ziya-gun-parkinda-acildi\/attachment\/z-kafe-02-2\/","alt":"","author":"6","description":"","caption":"","name":"z-kafe-02-2","status":"inherit","uploaded_to":66482,"date":"2025-04-09 11:42:40","modified":"2025-04-09 11:42:40","menu_order":0,"mime_type":"image\/jpeg","type":"image","subtype":"jpeg","icon":"https:\/\/zeytinburnu.istanbul\/wp-includes\/images\/media\/default.png","width":641,"height":406,"sizes":{"thumbnail":"https:\/\/zeytinburnu.istanbul\/wp-content\/uploads\/2025\/04\/z-kafe-02-1.jpg","thumbnail-width":641,"thumbnail-height":406,"medium":"https:\/\/zeytinburnu.istanbul\/wp-content\/uploads\/2025\/04\/z-kafe-02-1.jpg","medium-width":641,"medium-height":406,"medium_large":"https:\/\/zeytinburnu.istanbul\/wp-content\/uploads\/2025\/04\/z-kafe-02-1.jpg","medium_large-width":641,"medium_large-height":406,"large":"https:\/\/zeytinburnu.istanbul\/wp-content\/uploads\/2025\/04\/z-kafe-02-1.jpg","large-width":641,"large-height":406,"1536x1536":"https:\/\/zeytinburnu.istanbul\/wp-content\/uploads\/2025\/04\/z-kafe-02-1.jpg","1536x1536-width":641,"1536x1536-height":406,"2048x2048":"https:\/\/zeytinburnu.istanbul\/wp-content\/uploads\/2025\/04\/z-kafe-02-1.jpg","2048x2048-width":641,"2048x2048-height":406}},{"ID":66487,"id":66487,"title":"z kafe 03","filename":"z-kafe-03.jpg","filesize":229483,"url":"https:\/\/zeytinburnu.istanbul\/wp-content\/uploads\/2025\/04\/z-kafe-03.jpg","link":"https:\/\/zeytinburnu.istanbul\/haberler\/yeni-z-kafe-subeleri-merkezefendi-ve-ziya-gun-parkinda-acildi\/attachment\/z-kafe-03\/","alt":"","author":"6","description":"","caption":"","name":"z-kafe-03","status":"inherit","uploaded_to":66482,"date":"2025-04-09 11:42:41","modified":"2025-04-09 11:42:41","menu_order":0,"mime_type":"image\/jpeg","type":"image","subtype":"jpeg","icon":"https:\/\/zeytinburnu.istanbul\/wp-includes\/images\/media\/default.png","width":1200,"height":800,"sizes":{"thumbnail":"https:\/\/zeytinburnu.istanbul\/wp-content\/uploads\/2025\/04\/z-kafe-03-720x540.jpg","thumbnail-width":720,"thumbnail-height":540,"medium":"https:\/\/zeytinburnu.istanbul\/wp-content\/uploads\/2025\/04\/z-kafe-03-960x640.jpg","medium-width":960,"medium-height":640,"medium_large":"https:\/\/zeytinburnu.istanbul\/wp-content\/uploads\/2025\/04\/z-kafe-03-768x512.jpg","medium_large-width":768,"medium_large-height":512,"large":"https:\/\/zeytinburnu.istanbul\/wp-content\/uploads\/2025\/04\/z-kafe-03.jpg","large-width":1200,"large-height":800,"1536x1536":"https:\/\/zeytinburnu.istanbul\/wp-content\/uploads\/2025\/04\/z-kafe-03.jpg","1536x1536-width":1200,"1536x1536-height":800,"2048x2048":"https:\/\/zeytinburnu.istanbul\/wp-content\/uploads\/2025\/04\/z-kafe-03.jpg","2048x2048-width":1200,"2048x2048-height":800}},{"ID":66488,"id":66488,"title":"z kafe 04","filename":"z-kafe-04.jpg","filesize":169509,"url":"https:\/\/zeytinburnu.istanbul\/wp-content\/uploads\/2025\/04\/z-kafe-04.jpg","link":"https:\/\/zeytinburnu.istanbul\/haberler\/yeni-z-kafe-subeleri-merkezefendi-ve-ziya-gun-parkinda-acildi\/attachment\/z-kafe-04\/","alt":"","author":"6","description":"","caption":"","name":"z-kafe-04","status":"inherit","uploaded_to":66482,"date":"2025-04-09 11:42:42","modified":"2025-04-09 11:42:42","menu_order":0,"mime_type":"image\/jpeg","type":"image","subtype":"jpeg","icon":"https:\/\/zeytinburnu.istanbul\/wp-includes\/images\/media\/default.png","width":1200,"height":800,"sizes":{"thumbnail":"https:\/\/zeytinburnu.istanbul\/wp-content\/uploads\/2025\/04\/z-kafe-04-720x540.jpg","thumbnail-width":720,"thumbnail-height":540,"medium":"https:\/\/zeytinburnu.istanbul\/wp-content\/uploads\/2025\/04\/z-kafe-04-960x640.jpg","medium-width":960,"medium-height":640,"medium_large":"https:\/\/zeytinburnu.istanbul\/wp-content\/uploads\/2025\/04\/z-kafe-04-768x512.jpg","medium_large-width":768,"medium_large-height":512,"large":"https:\/\/zeytinburnu.istanbul\/wp-content\/uploads\/2025\/04\/z-kafe-04.jpg","large-width":1200,"large-height":800,"1536x1536":"https:\/\/zeytinburnu.istanbul\/wp-content\/uploads\/2025\/04\/z-kafe-04.jpg","1536x1536-width":1200,"1536x1536-height":800,"2048x2048":"https:\/\/zeytinburnu.istanbul\/wp-content\/uploads\/2025\/04\/z-kafe-04.jpg","2048x2048-width":1200,"2048x2048-height":800}}],"image_details":{"thumbnail":{"url":"https:\/\/zeytinburnu.istanbul\/wp-content\/uploads\/2025\/04\/z-kafe-01.jpg"},"full":{"file":"2025\/04\/z-kafe-01.jpg","width":615,"height":413,"mime_type":"image\/jpeg","url":"https:\/\/zeytinburnu.istanbul\/wp-content\/uploads\/2025\/04\/z-kafe-01.jpg"}}},"_links":{"self":[{"href":"https:\/\/zeytinburnu.istanbul\/api\/wp\/v2\/posts\/66482"}],"collection":[{"href":"https:\/\/zeytinburnu.istanbul\/api\/wp\/v2\/posts"}],"about":[{"href":"https:\/\/zeytinburnu.istanbul\/api\/wp\/v2\/types\/post"}],"author":[{"embeddable":true,"href":"https:\/\/zeytinburnu.istanbul\/api\/wp\/v2\/users\/6"}],"replies":[{"embeddable":true,"href":"https:\/\/zeytinburnu.istanbul\/api\/wp\/v2\/comments?post=66482"}],"version-history":[{"count":2,"href":"https:\/\/zeytinburnu.istanbul\/api\/wp\/v2\/posts\/66482\/revisions"}],"predecessor-version":[{"id":66492,"href":"https:\/\/zeytinburnu.istanbul\/api\/wp\/v2\/posts\/66482\/revisions\/66492"}],"wp:featuredmedia":[{"embeddable":true,"href":"https:\/\/zeytinburnu.istanbul\/api\/wp\/v2\/media\/66484"}],"wp:attachment":[{"href":"https:\/\/zeytinburnu.istanbul\/api\/wp\/v2\/media?parent=66482"}],"wp:term":[{"taxonomy":"category","embeddable":true,"href":"https:\/\/zeytinburnu.istanbul\/api\/wp\/v2\/categories?post=66482"},{"taxonomy":"post_tag","embeddable":true,"href":"https:\/\/zeytinburnu.istanbul\/api\/wp\/v2\/tags?post=66482"}],"curies":[{"name":"wp","href":"https:\/\/api.w.org\/{rel}","templated":true}]}}