

{"id":12685,"date":"2021-10-02T00:00:00","date_gmt":"2021-10-01T21:00:00","guid":{"rendered":"https:\/\/2021.zeytinburnu.istanbul\/haberler\/zeytinburnu-kultur-ve-sanat-merkezinin-yeni-sezon-acilisi-gerceklesti\/"},"modified":"2022-01-24T23:19:27","modified_gmt":"2022-01-24T20:19:27","slug":"zeytinburnu-kultur-ve-sanat-merkezinin-yeni-sezon-acilisi-gerceklesti","status":"publish","type":"post","link":"https:\/\/zeytinburnu.istanbul\/haberler\/zeytinburnu-kultur-ve-sanat-merkezinin-yeni-sezon-acilisi-gerceklesti\/","title":{"rendered":"Zeytinburnu K\u00fclt\u00fcr ve Sanat Merkezi\u2019nin Yeni Sezon A\u00e7\u0131l\u0131\u015f\u0131 Ger\u00e7ekle\u015fti"},"content":{"rendered":"<p style=\"text-align: justify;\"><span style=\"color: #ff6600;\"><strong>Zeytinburnu K&uuml;lt&uuml;r ve Sanat Merkezi<\/strong><\/span> <span style=\"color: #808000;\"><strong>2021 &ndash; 2022 k&uuml;lt&uuml;r ve sanat sezonunu<\/strong> <\/span>a&ccedil;t\u0131. <span style=\"color: #ff6600;\"><strong>ZKSM<\/strong><\/span>&rsquo;de d&uuml;zenlenen a&ccedil;\u0131l\u0131\u015f program\u0131nda <strong>Hattat ve Foto\u011fraf Sanat&ccedil;\u0131s\u0131 Mehmed &Ouml;z&ccedil;ay<\/strong>&rsquo;\u0131n <span style=\"color: #339966;\"><strong>&lsquo;A\u011fa&ccedil; Portreleri&rsquo; Foto\u011fraf Sergisi<\/strong> <\/span>yer al\u0131rken, <span style=\"color: #993300;\"><strong>\u0130stanbul Modern Folk M&uuml;zi\u011fi Toplulu\u011fu<\/strong><\/span> da bir konser verdi. <strong>Zeytinburnu Belediye Ba\u015fkan\u0131 &Ouml;mer Ar\u0131soy<\/strong>&rsquo;un ev sahipli\u011finde ger&ccedil;ekle\u015fen programa <strong>K&uuml;lt&uuml;r ve Turizm Bakan Yard\u0131mc\u0131s\u0131 &Ouml;zg&uuml;l &Ouml;zkan Yavuz<\/strong>,&nbsp;<strong>\u0130stanbul Valisi Ali Yerlikaya<\/strong>, <strong>Zeytinburnu Belediye Ba\u015fkan\u0131 &Ouml;mer Ar\u0131soy<\/strong>, <strong>Zeytinburnu Kaymakam\u0131 Zekeriya G&uuml;ney<\/strong> ve &ccedil;ok say\u0131da davetli kat\u0131ld\u0131. &nbsp;<\/p>\n<p><span class=\"imageNews\"> <img decoding=\"async\" src=\"..\/Document\/SGalleryPhoto\/1ba21a86-781d-4a7e-8877-e1f7973033da.jpg\" \/> <\/span><\/p>\n<p style=\"text-align: justify;\"><span style=\"color: #ff0000;\"><strong>VAL\u0130 YERL\u0130KAYA: &ldquo;\u0130STANBUL&rsquo;DA EK\u0130M AYI SANAT AYI OLACAK&rdquo;&nbsp;<\/strong><\/span><\/p>\n<p style=\"text-align: justify;\">2008-2009 y\u0131l\u0131ndan itibaren Zeytinburnu K&uuml;lt&uuml;r ve Sanat Merkezi&rsquo;nin sanat ad\u0131na &ccedil;ok &ouml;nemli hizmetlere vesile oldu\u011funa de\u011finen <strong>\u0130stanbul Valisi Ali Yerlikaya<\/strong>, &ldquo;K&uuml;lt&uuml;r sanat dostlar\u0131n\u0131 bir araya getiren belediye ba\u015fkanlar\u0131m\u0131za te\u015fekk&uuml;r ediyorum. Katk\u0131 sa\u011flayan t&uuml;m k&uuml;lt&uuml;r sanat insanlar\u0131m\u0131z\u0131 tebrik ediyoruz. Ekim ay\u0131 sanat\u0131n ba\u015flang\u0131&ccedil; ay\u0131d\u0131r. 29 Ekim&rsquo;de, \u0130stanbul&rsquo;da ve t&uuml;m T&uuml;rkiye&rsquo;de b&uuml;y&uuml;k bir heyecan ya\u015fayaca\u011f\u0131z. Say\u0131n <strong>Cumhurba\u015fkan\u0131m\u0131z Recep Tayyip Erdo\u011fan<\/strong>&rsquo;\u0131n talimatlar\u0131 ve yak\u0131n ilgileri ile <strong>K&uuml;lt&uuml;r ve Turizm Bakan\u0131m\u0131z Mehmet Nuri Ersoy<\/strong>&rsquo;un da ekibiyle beraber can\u0131 g&ouml;n&uuml;lden &ccedil;al\u0131\u015fmas\u0131yla, \u0130stanbul&rsquo;daki Atat&uuml;rk K&uuml;lt&uuml;r Merkezi (AKM), Cumhuriyet Bayram\u0131&rsquo;nda \u015fehrimizde arz-\u0131 endam edecek. Bizleri bu g&uuml;zel sergide a\u011f\u0131rlayan <strong>Belediye Ba\u015fkan\u0131m\u0131z &Ouml;mer Ar\u0131soy<\/strong>&rsquo;a, say\u0131n kaymakama ve eme\u011fi ge&ccedil;en herkese te\u015fekk&uuml;r ediyorum.&rdquo; ifadelerini kulland\u0131. &nbsp;<\/p>\n<p><span class=\"imageNews\"> <img decoding=\"async\" src=\"..\/Document\/SGalleryPhoto\/c6876191-b134-4249-aafc-d45d60ca2993.jpg\" \/> <\/span><\/p>\n<p style=\"text-align: justify;\"><span style=\"color: #ff0000;\"><strong>BA\u015eKAN ARISOY: &ldquo;ZKSM T&Uuml;RK\u0130YE&rsquo;N\u0130N K&Uuml;LT&Uuml;R \u0130KL\u0130M\u0130NE &Ccedil;OK KATKILAR SA\u011eLAMI\u015eTIR&rdquo;<\/strong><\/span><\/p>\n<p style=\"text-align: justify;\">A&ccedil;\u0131l\u0131\u015f program\u0131nda konu\u015fan <strong>Zeytinburnu Belediye Ba\u015fkan\u0131 &Ouml;mer Ar\u0131soy<\/strong> ise; &ldquo;2021 &ndash; 2022 k&uuml;lt&uuml;r sanat sezonumuzu a&ccedil;\u0131yoruz. Sezonu uluslararas\u0131 &uuml;ne sahip Hattat ve Foto\u011fraf Sanat&ccedil;\u0131m\u0131z Mehmed &Ouml;z&ccedil;ay&rsquo;\u0131n foto\u011fraf sergisiyle ba\u015flat\u0131yoruz. Zeytinburnu K&uuml;lt&uuml;r ve Sanat Merkezi bir&ccedil;ok etkinlikle T&uuml;rkiye&rsquo;nin k&uuml;lt&uuml;r iklimine katk\u0131 sa\u011flam\u0131\u015f bir mek&acirc;n. Bu y\u0131l Merkezefendi Mahallesi&rsquo;nde bulunan &#8216;Zeytinburnu Kitap&ccedil;\u0131s\u0131 projemizi de hayata ge&ccedil;irdik. Ekim ay\u0131nda ilk program\u0131m\u0131z\u0131 ger&ccedil;ekle\u015ftirece\u011fiz. 23 bran\u015fta devam eden k&uuml;lt&uuml;r sanat kurslar\u0131m\u0131z\u0131n kay\u0131tlar\u0131 devam ediyor. K&uuml;lt&uuml;r ve sanat ad\u0131na il&ccedil;emizde &ouml;zel etkinlikler d&uuml;zenlemeye devam edece\u011fiz.&rdquo; diye konu\u015ftu.<\/p>\n<p style=\"text-align: justify;\"><span style=\"color: #ff0000;\"><strong>MEHMED &Ouml;Z&Ccedil;AY: &ldquo;FOTO\u011eRAFLARI KEND\u0130M\u0130 MUTLU ETMEK \u0130&Ccedil;\u0130N &Ccedil;EK\u0130YORUM&rdquo;&nbsp;<\/strong><\/span><\/p>\n<p style=\"text-align: justify;\">A\u011fa&ccedil; Portreleri Sergisi&rsquo;nin spontane geli\u015fti\u011fini anlatan <strong>Hattat ve Foto\u011fraf Sanat&ccedil;\u0131s\u0131 Mehmed &Ouml;z&ccedil;ay<\/strong> da, &ldquo;Foto\u011fraflar\u0131 her \u015feyden &ouml;nce kendim i&ccedil;in &ccedil;ekiyorum. Do\u011fay\u0131 &ccedil;ok seviyorum. Do\u011fay\u0131 g&ouml;zlemlemek bana &ccedil;ok keyif veriyor. En mutlu anlar do\u011fada oldu\u011fum zamanlar diyebilirim.&rdquo; dedi.<\/p>\n<p style=\"text-align: justify;\"><span style=\"color: #ff0000;\"><strong>ZKSM YEN\u0130 D&Ouml;NEMDE B\u0130R&Ccedil;OK ETK\u0130NL\u0130\u011eE \u0130MZA ATACAK<\/strong><\/span><\/p>\n<p style=\"text-align: justify;\">Zeytinburnu K&uuml;lt&uuml;r ve Sanat Merkezi, bu y\u0131l yeni seminer ve s&ouml;yle\u015fi serileri vas\u0131tas\u0131yla; <strong>Prof. Dr. &Ouml;mer T&uuml;rker, Cemal \u015eakar, Samed Karag&ouml;z, As\u0131m &Ouml;z, Murat D. &Ccedil;ekin, Prof. Dr. Mahmut Erol K\u0131l\u0131&ccedil;, Prof. Dr. Ha\u015fim \u015eahin, Zeynep Arkan, Dr. Olcay Aydemir ve Do&ccedil;. Dr. Murat \u015eent&uuml;rk<\/strong>&rsquo;&uuml; dinleyicilerle bulu\u015fturacak.<\/p>\n<p style=\"text-align: justify;\">Merkezefendi&rsquo;de a&ccedil;\u0131lacak Zeytinburnu Kitap&ccedil;\u0131s\u0131&rsquo;nda <strong>Zeynep T&uuml;rko\u011flu<\/strong>; her ay birbirinden k\u0131ymetli bir yazar\u0131 yeni kitab\u0131 vesilesiyle misafir edecek. Ayr\u0131ca k&uuml;lt&uuml;r ve sanat\u0131n muhtelif alanlar\u0131nda d&uuml;\u015f&uuml;nen, &uuml;reten ve anlatan bir&ccedil;ok isim de sezon boyunca ZKSM&rsquo;de a\u011f\u0131rlanacak. K&uuml;lt&uuml;r ve Turizm Bakanl\u0131\u011f\u0131 Koro ve Topluluklar\u0131, Merkezefendi D&acirc;rul Kurr&acirc;s\u0131&rsquo;nda ger&ccedil;ekle\u015fecek olan Na\u011fmed&acirc;r dinletileri ile m&uuml;zikseverlerle bulu\u015facak.<\/p>\n<p> Zeytinburnu K&uuml;lt&uuml;r ve Sanat Merkezi, ekim ay\u0131nda hem <strong>Hattat Halim &Ouml;zyaz\u0131c\u0131<\/strong>&rsquo;y\u0131 hem de <strong>\u015eair Attil&acirc; \u0130lhan<\/strong>&rsquo;\u0131 anma paneli d&uuml;zenleyecek.&nbsp;<\/p>\n<p style=\"text-align: justify;\">8 Ekim Cuma g&uuml;n&uuml; saat 18.30&rsquo;da Kazl\u0131&ccedil;e\u015fme Sanat&rsquo;ta Hal&ucirc;k Perk Ara\u015ft\u0131rma Merkezi Koleksiyonu&rsquo;nda yer alan envanterlerden olu\u015fan &lsquo;Hattat Halim &Ouml;zyaz\u0131c\u0131 Hayat\u0131 ve Sanat\u0131 Sergisi&rsquo; sanatseverlerle bulu\u015facak. Serginin ard\u0131ndan ZKSM&rsquo;de saat 20.00&rsquo;de &lsquo;Hattat Halim &Ouml;zyaz\u0131c\u0131 Anma Paneli&rsquo; d&uuml;zenlenecek. Oturum ba\u015fkanl\u0131\u011f\u0131n\u0131 <strong>Prof. Dr. H&uuml;srev Suba\u015f\u0131<\/strong>&rsquo;n\u0131n yapaca\u011f\u0131 panelde, <strong>Hattat Hasan &Ccedil;elebi, Prof. Dr. S&uuml;leyman Berk<\/strong> ve <strong>Prof. Dr. Fatih &Ouml;zkafa<\/strong> konu\u015fmac\u0131 olarak yer alacak. Vefat\u0131n\u0131n 16&rsquo;nc\u0131 y\u0131l\u0131 m&uuml;nasebetiyle 30 Ekim Cumartesi g&uuml;n&uuml; saat 19.00&rsquo;da ger&ccedil;ekle\u015fecek &lsquo;Attil&acirc; \u0130lhan Anma Paneli&rsquo;nin oturum ba\u015fkanl\u0131\u011f\u0131n\u0131 <strong>Prof. Dr. Yakup &Ccedil;elik<\/strong> &uuml;stlenecek. <strong>Dr. &Ouml;\u011fr. &Uuml;yesi Hale Sert, Do&ccedil;. Dr. Mehmet Samsak&ccedil;\u0131, Yazar Hayriye &Uuml;nal<\/strong> ve <strong>Yazar H&uuml;seyin Etil<\/strong> de konu\u015fmalar\u0131yla panelde yer alacak.<\/p>\n<p> <span style=\"color: #ff0000;\"><strong>DEVLET T\u0130YATROLARI ZKSM SAHNES\u0130NDE<\/strong><\/span><\/p>\n<p style=\"text-align: justify;\">Zeytinburnu K&uuml;lt&uuml;r ve Sanat Merkezi sahnesi, K&uuml;lt&uuml;r ve Turizm Bakanl\u0131\u011f\u0131 Devlet Tiyatrolar\u0131&rsquo;n\u0131n yeti\u015fkin ve &ccedil;ocuk oyunlar\u0131n\u0131, Zeytinburnu izleyicisiyle bulu\u015fturmaya bu sezon da devam edecek. Devlet Tiyatrolar\u0131 ve &ouml;zel tiyatrolar\u0131n haz\u0131rlad\u0131\u011f\u0131 &ccedil;ocuk oyunlar\u0131 ise her pazar k&uuml;&ccedil;&uuml;k sanatseverlerle bulu\u015facak. &Ccedil;ocuk ve yeti\u015fkin tiyatrolar\u0131n\u0131n yan\u0131 s\u0131ra haftan\u0131n her g&uuml;n&uuml; &ccedil;ocuk filmleri de ZKSM&rsquo;de g&ouml;sterimde olacak.<\/p>\n<p> <span style=\"color: #ff0000;\"><strong>PANDEM\u0130 D&Ouml;NEM\u0130NDE DE ETK\u0130NL\u0130KLER DEVAM ETT\u0130<\/strong><\/span><\/p>\n<p style=\"text-align: justify;\">Ge&ccedil;ti\u011fimiz d&ouml;nem pandemi sebebiyle sadece yar\u0131m sezon izleyici kat\u0131l\u0131m\u0131yla ger&ccedil;ekle\u015fen ZKSM etkinliklerinde, toplam 3 bin 49 ki\u015fiye hizmet verildi. Pandemi sonras\u0131nda ise ZeytinburnuKSM Youtube kanal\u0131ndan yap\u0131lan canl\u0131 yay\u0131nlarla etkinlikler izleyiciyle bulu\u015ftu.<\/p>\n<p style=\"text-align: justify;\">ZKSM etkinlik program\u0131nda K&uuml;lt&uuml;r ve Turizm Bakanl\u0131\u011f\u0131&#8217;na ba\u011fl\u0131 Devlet Tiyatrolar\u0131&rsquo;n\u0131n yan\u0131 s\u0131ra G&uuml;zel Sanatlar Koro Topluluklar\u0131&#8217;na da yer verildi. Tasavvuf, edebiyat, d&uuml;\u015f&uuml;nce, felsefe, m&uuml;zik tarihi, matbuat tarihi konular\u0131nda alan\u0131nda uzman ki\u015filer taraf\u0131ndan ayl\u0131k seminer ve s&ouml;yle\u015filer ger&ccedil;ekle\u015ftirildi.&nbsp;<\/p>\n","protected":false},"excerpt":{"rendered":"<p>Zeytinburnu K\u00fclt\u00fcr ve Sanat Merkezi\u2019nin (ZKSM) yeni sezonu a\u00e7\u0131ld\u0131. Zeytinburnu Belediye Ba\u015fkan\u0131 \u00d6mer Ar\u0131soy\u2019un ev sahipli\u011finde ger\u00e7ekle\u015fen a\u00e7\u0131l\u0131\u015f program\u0131na, K\u00fclt\u00fcr ve Turizm Bakan Yard\u0131mc\u0131s\u0131 \u00d6zg\u00fcl \u00d6zkan Yavuz, \u0130stanbul Valisi Ali Yerlikaya, Zeytinburnu Kaymakam\u0131 Zekeriya G\u00fcney ve \u00e7ok say\u0131da sanatsever kat\u0131ld\u0131. Hattat ve Foto\u011fraf Sanat\u00e7\u0131s\u0131 Mehmed \u00d6z\u00e7ay\u2019\u0131n \u2018A\u011fa\u00e7 Portreleri\u2019 Foto\u011fraf Sergisi ile sezonu a\u00e7an ZKSM\u2019de, \u0130stanbul Modern Folk M\u00fczi\u011fi Toplulu\u011fu da bir konser verdi.<\/p>\n","protected":false},"author":1,"featured_media":12686,"comment_status":"open","ping_status":"closed","sticky":false,"template":"","format":"standard","meta":{"inline_featured_image":false,"footnotes":""},"categories":[1],"tags":[],"acf":[],"yoast_head":"<!-- This site is optimized with the Yoast SEO plugin v21.5 - https:\/\/yoast.com\/wordpress\/plugins\/seo\/ -->\n<title>Zeytinburnu K\u00fclt\u00fcr ve Sanat Merkezi\u2019nin Yeni Sezon A\u00e7\u0131l\u0131\u015f\u0131 Ger\u00e7ekle\u015fti - Zeytinburnu Belediyesi<\/title>\n<meta name=\"robots\" content=\"index, follow, max-snippet:-1, max-image-preview:large, max-video-preview:-1\" \/>\n<link rel=\"canonical\" href=\"https:\/\/zeytinburnu.istanbul\/haberler\/zeytinburnu-kultur-ve-sanat-merkezinin-yeni-sezon-acilisi-gerceklesti\/\" \/>\n<meta property=\"og:locale\" content=\"tr_TR\" \/>\n<meta property=\"og:type\" content=\"article\" \/>\n<meta property=\"og:title\" content=\"Zeytinburnu K\u00fclt\u00fcr ve Sanat Merkezi\u2019nin Yeni Sezon A\u00e7\u0131l\u0131\u015f\u0131 Ger\u00e7ekle\u015fti - Zeytinburnu Belediyesi\" \/>\n<meta property=\"og:description\" content=\"Zeytinburnu K\u00fclt\u00fcr ve Sanat Merkezi\u2019nin (ZKSM) yeni sezonu a\u00e7\u0131ld\u0131. Zeytinburnu Belediye Ba\u015fkan\u0131 \u00d6mer Ar\u0131soy\u2019un ev sahipli\u011finde ger\u00e7ekle\u015fen a\u00e7\u0131l\u0131\u015f program\u0131na, K\u00fclt\u00fcr ve Turizm Bakan Yard\u0131mc\u0131s\u0131 \u00d6zg\u00fcl \u00d6zkan Yavuz, \u0130stanbul Valisi Ali Yerlikaya, Zeytinburnu Kaymakam\u0131 Zekeriya G\u00fcney ve \u00e7ok say\u0131da sanatsever kat\u0131ld\u0131. Hattat ve Foto\u011fraf Sanat\u00e7\u0131s\u0131 Mehmed \u00d6z\u00e7ay\u2019\u0131n \u2018A\u011fa\u00e7 Portreleri\u2019 Foto\u011fraf Sergisi ile sezonu a\u00e7an ZKSM\u2019de, \u0130stanbul Modern Folk M\u00fczi\u011fi Toplulu\u011fu da bir konser verdi.\" \/>\n<meta property=\"og:url\" content=\"https:\/\/zeytinburnu.istanbul\/haberler\/zeytinburnu-kultur-ve-sanat-merkezinin-yeni-sezon-acilisi-gerceklesti\/\" \/>\n<meta property=\"og:site_name\" content=\"Zeytinburnu Belediyesi\" \/>\n<meta property=\"article:publisher\" content=\"https:\/\/web.facebook.com\/zeytinburnubld\/\" \/>\n<meta property=\"article:published_time\" content=\"2021-10-01T21:00:00+00:00\" \/>\n<meta property=\"article:modified_time\" content=\"2022-01-24T20:19:27+00:00\" \/>\n<meta property=\"og:image\" content=\"https:\/\/zeytinburnu.istanbul\/wp-content\/uploads\/2021\/10\/038b5991-1fa4-4576-9ca5-e1708ed83f75.jpg\" \/>\n\t<meta property=\"og:image:width\" content=\"641\" \/>\n\t<meta property=\"og:image:height\" content=\"406\" \/>\n\t<meta property=\"og:image:type\" content=\"image\/jpeg\" \/>\n<meta name=\"author\" content=\"admin\" \/>\n<meta name=\"twitter:card\" content=\"summary_large_image\" \/>\n<meta name=\"twitter:creator\" content=\"@zeytinburnubld\" \/>\n<meta name=\"twitter:site\" content=\"@zeytinburnubld\" \/>\n<meta name=\"twitter:label1\" content=\"Yazan:\" \/>\n\t<meta name=\"twitter:data1\" content=\"admin\" \/>\n\t<meta name=\"twitter:label2\" content=\"Tahmini okuma s\u00fcresi\" \/>\n\t<meta name=\"twitter:data2\" content=\"6 dakika\" \/>\n<script type=\"application\/ld+json\" class=\"yoast-schema-graph\">{\"@context\":\"https:\/\/schema.org\",\"@graph\":[{\"@type\":\"WebPage\",\"@id\":\"https:\/\/zeytinburnu.istanbul\/haberler\/zeytinburnu-kultur-ve-sanat-merkezinin-yeni-sezon-acilisi-gerceklesti\/\",\"url\":\"https:\/\/zeytinburnu.istanbul\/haberler\/zeytinburnu-kultur-ve-sanat-merkezinin-yeni-sezon-acilisi-gerceklesti\/\",\"name\":\"Zeytinburnu K\u00fclt\u00fcr ve Sanat Merkezi\u2019nin Yeni Sezon A\u00e7\u0131l\u0131\u015f\u0131 Ger\u00e7ekle\u015fti - Zeytinburnu Belediyesi\",\"isPartOf\":{\"@id\":\"https:\/\/zeytinburnu.istanbul\/#website\"},\"datePublished\":\"2021-10-01T21:00:00+00:00\",\"dateModified\":\"2022-01-24T20:19:27+00:00\",\"author\":{\"@id\":\"https:\/\/zeytinburnu.istanbul\/#\/schema\/person\/5e01ce47dfbcecbbeea658b9b505b27d\"},\"breadcrumb\":{\"@id\":\"https:\/\/zeytinburnu.istanbul\/haberler\/zeytinburnu-kultur-ve-sanat-merkezinin-yeni-sezon-acilisi-gerceklesti\/#breadcrumb\"},\"inLanguage\":\"tr\",\"potentialAction\":[{\"@type\":\"ReadAction\",\"target\":[\"https:\/\/zeytinburnu.istanbul\/haberler\/zeytinburnu-kultur-ve-sanat-merkezinin-yeni-sezon-acilisi-gerceklesti\/\"]}]},{\"@type\":\"BreadcrumbList\",\"@id\":\"https:\/\/zeytinburnu.istanbul\/haberler\/zeytinburnu-kultur-ve-sanat-merkezinin-yeni-sezon-acilisi-gerceklesti\/#breadcrumb\",\"itemListElement\":[{\"@type\":\"ListItem\",\"position\":1,\"name\":\"Anasayfa\",\"item\":\"https:\/\/zeytinburnu.istanbul\/\"},{\"@type\":\"ListItem\",\"position\":2,\"name\":\"Zeytinburnu K\u00fclt\u00fcr ve Sanat Merkezi\u2019nin Yeni Sezon A\u00e7\u0131l\u0131\u015f\u0131 Ger\u00e7ekle\u015fti\"}]},{\"@type\":\"WebSite\",\"@id\":\"https:\/\/zeytinburnu.istanbul\/#website\",\"url\":\"https:\/\/zeytinburnu.istanbul\/\",\"name\":\"Zeytinburnu Belediyesi\",\"description\":\"\",\"potentialAction\":[{\"@type\":\"SearchAction\",\"target\":{\"@type\":\"EntryPoint\",\"urlTemplate\":\"https:\/\/zeytinburnu.istanbul\/?s={search_term_string}\"},\"query-input\":\"required name=search_term_string\"}],\"inLanguage\":\"tr\"},{\"@type\":\"Person\",\"@id\":\"https:\/\/zeytinburnu.istanbul\/#\/schema\/person\/5e01ce47dfbcecbbeea658b9b505b27d\",\"name\":\"admin\",\"image\":{\"@type\":\"ImageObject\",\"inLanguage\":\"tr\",\"@id\":\"https:\/\/zeytinburnu.istanbul\/#\/schema\/person\/image\/\",\"url\":\"https:\/\/secure.gravatar.com\/avatar\/13ea2ae01432bee3f1995a62bf2ab382?s=96&d=mm&r=g\",\"contentUrl\":\"https:\/\/secure.gravatar.com\/avatar\/13ea2ae01432bee3f1995a62bf2ab382?s=96&d=mm&r=g\",\"caption\":\"admin\"},\"sameAs\":[\"https:\/\/zeytinburnu.istanbul\"],\"url\":\"https:\/\/zeytinburnu.istanbul\/author\/pixelate\/\"}]}<\/script>\n<!-- \/ Yoast SEO plugin. -->","yoast_head_json":{"title":"Zeytinburnu K\u00fclt\u00fcr ve Sanat Merkezi\u2019nin Yeni Sezon A\u00e7\u0131l\u0131\u015f\u0131 Ger\u00e7ekle\u015fti - Zeytinburnu Belediyesi","robots":{"index":"index","follow":"follow","max-snippet":"max-snippet:-1","max-image-preview":"max-image-preview:large","max-video-preview":"max-video-preview:-1"},"canonical":"https:\/\/zeytinburnu.istanbul\/haberler\/zeytinburnu-kultur-ve-sanat-merkezinin-yeni-sezon-acilisi-gerceklesti\/","og_locale":"tr_TR","og_type":"article","og_title":"Zeytinburnu K\u00fclt\u00fcr ve Sanat Merkezi\u2019nin Yeni Sezon A\u00e7\u0131l\u0131\u015f\u0131 Ger\u00e7ekle\u015fti - Zeytinburnu Belediyesi","og_description":"Zeytinburnu K\u00fclt\u00fcr ve Sanat Merkezi\u2019nin (ZKSM) yeni sezonu a\u00e7\u0131ld\u0131. Zeytinburnu Belediye Ba\u015fkan\u0131 \u00d6mer Ar\u0131soy\u2019un ev sahipli\u011finde ger\u00e7ekle\u015fen a\u00e7\u0131l\u0131\u015f program\u0131na, K\u00fclt\u00fcr ve Turizm Bakan Yard\u0131mc\u0131s\u0131 \u00d6zg\u00fcl \u00d6zkan Yavuz, \u0130stanbul Valisi Ali Yerlikaya, Zeytinburnu Kaymakam\u0131 Zekeriya G\u00fcney ve \u00e7ok say\u0131da sanatsever kat\u0131ld\u0131. Hattat ve Foto\u011fraf Sanat\u00e7\u0131s\u0131 Mehmed \u00d6z\u00e7ay\u2019\u0131n \u2018A\u011fa\u00e7 Portreleri\u2019 Foto\u011fraf Sergisi ile sezonu a\u00e7an ZKSM\u2019de, \u0130stanbul Modern Folk M\u00fczi\u011fi Toplulu\u011fu da bir konser verdi.","og_url":"https:\/\/zeytinburnu.istanbul\/haberler\/zeytinburnu-kultur-ve-sanat-merkezinin-yeni-sezon-acilisi-gerceklesti\/","og_site_name":"Zeytinburnu Belediyesi","article_publisher":"https:\/\/web.facebook.com\/zeytinburnubld\/","article_published_time":"2021-10-01T21:00:00+00:00","article_modified_time":"2022-01-24T20:19:27+00:00","og_image":[{"width":641,"height":406,"url":"https:\/\/zeytinburnu.istanbul\/wp-content\/uploads\/2021\/10\/038b5991-1fa4-4576-9ca5-e1708ed83f75.jpg","type":"image\/jpeg"}],"author":"admin","twitter_card":"summary_large_image","twitter_creator":"@zeytinburnubld","twitter_site":"@zeytinburnubld","twitter_misc":{"Yazan:":"admin","Tahmini okuma s\u00fcresi":"6 dakika"},"schema":{"@context":"https:\/\/schema.org","@graph":[{"@type":"WebPage","@id":"https:\/\/zeytinburnu.istanbul\/haberler\/zeytinburnu-kultur-ve-sanat-merkezinin-yeni-sezon-acilisi-gerceklesti\/","url":"https:\/\/zeytinburnu.istanbul\/haberler\/zeytinburnu-kultur-ve-sanat-merkezinin-yeni-sezon-acilisi-gerceklesti\/","name":"Zeytinburnu K\u00fclt\u00fcr ve Sanat Merkezi\u2019nin Yeni Sezon A\u00e7\u0131l\u0131\u015f\u0131 Ger\u00e7ekle\u015fti - Zeytinburnu Belediyesi","isPartOf":{"@id":"https:\/\/zeytinburnu.istanbul\/#website"},"datePublished":"2021-10-01T21:00:00+00:00","dateModified":"2022-01-24T20:19:27+00:00","author":{"@id":"https:\/\/zeytinburnu.istanbul\/#\/schema\/person\/5e01ce47dfbcecbbeea658b9b505b27d"},"breadcrumb":{"@id":"https:\/\/zeytinburnu.istanbul\/haberler\/zeytinburnu-kultur-ve-sanat-merkezinin-yeni-sezon-acilisi-gerceklesti\/#breadcrumb"},"inLanguage":"tr","potentialAction":[{"@type":"ReadAction","target":["https:\/\/zeytinburnu.istanbul\/haberler\/zeytinburnu-kultur-ve-sanat-merkezinin-yeni-sezon-acilisi-gerceklesti\/"]}]},{"@type":"BreadcrumbList","@id":"https:\/\/zeytinburnu.istanbul\/haberler\/zeytinburnu-kultur-ve-sanat-merkezinin-yeni-sezon-acilisi-gerceklesti\/#breadcrumb","itemListElement":[{"@type":"ListItem","position":1,"name":"Anasayfa","item":"https:\/\/zeytinburnu.istanbul\/"},{"@type":"ListItem","position":2,"name":"Zeytinburnu K\u00fclt\u00fcr ve Sanat Merkezi\u2019nin Yeni Sezon A\u00e7\u0131l\u0131\u015f\u0131 Ger\u00e7ekle\u015fti"}]},{"@type":"WebSite","@id":"https:\/\/zeytinburnu.istanbul\/#website","url":"https:\/\/zeytinburnu.istanbul\/","name":"Zeytinburnu Belediyesi","description":"","potentialAction":[{"@type":"SearchAction","target":{"@type":"EntryPoint","urlTemplate":"https:\/\/zeytinburnu.istanbul\/?s={search_term_string}"},"query-input":"required name=search_term_string"}],"inLanguage":"tr"},{"@type":"Person","@id":"https:\/\/zeytinburnu.istanbul\/#\/schema\/person\/5e01ce47dfbcecbbeea658b9b505b27d","name":"admin","image":{"@type":"ImageObject","inLanguage":"tr","@id":"https:\/\/zeytinburnu.istanbul\/#\/schema\/person\/image\/","url":"https:\/\/secure.gravatar.com\/avatar\/13ea2ae01432bee3f1995a62bf2ab382?s=96&d=mm&r=g","contentUrl":"https:\/\/secure.gravatar.com\/avatar\/13ea2ae01432bee3f1995a62bf2ab382?s=96&d=mm&r=g","caption":"admin"},"sameAs":["https:\/\/zeytinburnu.istanbul"],"url":"https:\/\/zeytinburnu.istanbul\/author\/pixelate\/"}]}},"meta_data":{"image_details":{"thumbnail":{"url":"https:\/\/zeytinburnu.istanbul\/wp-content\/uploads\/2021\/10\/038b5991-1fa4-4576-9ca5-e1708ed83f75.jpg"},"full":{"file":"2021\/10\/038b5991-1fa4-4576-9ca5-e1708ed83f75.jpg","width":641,"height":406,"mime_type":"image\/jpeg","url":"https:\/\/zeytinburnu.istanbul\/wp-content\/uploads\/2021\/10\/038b5991-1fa4-4576-9ca5-e1708ed83f75.jpg"}}},"_links":{"self":[{"href":"https:\/\/zeytinburnu.istanbul\/api\/wp\/v2\/posts\/12685"}],"collection":[{"href":"https:\/\/zeytinburnu.istanbul\/api\/wp\/v2\/posts"}],"about":[{"href":"https:\/\/zeytinburnu.istanbul\/api\/wp\/v2\/types\/post"}],"author":[{"embeddable":true,"href":"https:\/\/zeytinburnu.istanbul\/api\/wp\/v2\/users\/1"}],"replies":[{"embeddable":true,"href":"https:\/\/zeytinburnu.istanbul\/api\/wp\/v2\/comments?post=12685"}],"version-history":[{"count":3,"href":"https:\/\/zeytinburnu.istanbul\/api\/wp\/v2\/posts\/12685\/revisions"}],"predecessor-version":[{"id":20341,"href":"https:\/\/zeytinburnu.istanbul\/api\/wp\/v2\/posts\/12685\/revisions\/20341"}],"wp:featuredmedia":[{"embeddable":true,"href":"https:\/\/zeytinburnu.istanbul\/api\/wp\/v2\/media\/12686"}],"wp:attachment":[{"href":"https:\/\/zeytinburnu.istanbul\/api\/wp\/v2\/media?parent=12685"}],"wp:term":[{"taxonomy":"category","embeddable":true,"href":"https:\/\/zeytinburnu.istanbul\/api\/wp\/v2\/categories?post=12685"},{"taxonomy":"post_tag","embeddable":true,"href":"https:\/\/zeytinburnu.istanbul\/api\/wp\/v2\/tags?post=12685"}],"curies":[{"name":"wp","href":"https:\/\/api.w.org\/{rel}","templated":true}]}}