

{"id":11869,"date":"2017-12-18T00:00:00","date_gmt":"2017-12-17T21:00:00","guid":{"rendered":"https:\/\/2021.zeytinburnu.istanbul\/haberler\/gelecegin-turkiyesini-insa-edecek-gencler-kahvaltida-bulustu\/"},"modified":"2022-01-24T23:16:48","modified_gmt":"2022-01-24T20:16:48","slug":"gelecegin-turkiyesini-insa-edecek-gencler-kahvaltida-bulustu","status":"publish","type":"post","link":"https:\/\/zeytinburnu.istanbul\/haberler\/gelecegin-turkiyesini-insa-edecek-gencler-kahvaltida-bulustu\/","title":{"rendered":"Gelece\u011fin T\u00fcrkiye\u2019sini \u0130n\u015fa Edecek Gen\u00e7ler Kahvalt\u0131da Bulu\u015ftu"},"content":{"rendered":"<p style=\"text-align: justify;\"><span style=\"color: #000000;\">Zeytinburnu Belediyesi Bilgi Evleri&rsquo;nde e\u011fitim g&ouml;ren &ouml;\u011frenciler, aileleri ve &ouml;\u011fretmenleri ile birlikte \u0130BB 1453 &Ccedil;\u0131rp\u0131c\u0131 Sosyal Tesisleri&rsquo;nde d&uuml;zenlenen 7&#8217;nci Bilge Nesil Geleneksel Kahvalt\u0131 organizasyonunda bir araya geldi. Her y\u0131l geleneksel olarak d&uuml;zenlenen kahvalt\u0131da Bilgi Evi &Ouml;\u011frencileri kahvalt\u0131 sonras\u0131, tiyatro oyunu oynay\u0131p, \u015fiir, t&uuml;rk&uuml; ve enstr&uuml;man resitali ger&ccedil;ekle\u015ftirdi. &Ouml;te yandan, programda kura &ccedil;ekilerek kazanan &ouml;\u011frencilere Ba\u015fkan Ayd\u0131n taraf\u0131ndan i&ccedil;lerinde &ccedil;e\u015fitli hediyelerin bulundu\u011fu okul &ccedil;antas\u0131 hediye edildi.<\/span><\/p>\n<p><span class=\"imageNews\" style=\"float: left; margin-right: 20px; margin-bottom: 10px;\"> <img decoding=\"async\" src=\"..\/Document\/SGalleryPhoto\/8b7b9b5c-6dd2-4326-bc7a-db55fc1913d7.JPG\" \/> <\/span><\/p>\n<p style=\"text-align: justify;\"><span style=\"color: #000000;\"><strong>&ldquo;KUBBEDE HO\u015e B\u0130R SEDA BIRAKMAK N\u0130YET\u0130NDEY\u0130Z&rdquo;<\/strong><\/span><\/p>\n<p style=\"text-align: justify;\"><span style=\"color: #000000;\">Gelece\u011fe &uuml;mitle bakt\u0131\u011f\u0131n\u0131 ifade eden Zeytinburnu Belediye Ba\u015fkan\u0131 Murat Ayd\u0131n, &ldquo;Ben gelece\u011fin bu gen&ccedil;ler sayesinde daha iyi olaca\u011f\u0131na inan\u0131yorum. \u0130yi ki varlar. Rabbim eksikliklerini g&ouml;stermesin. Bu gen&ccedil;ler, gelece\u011fin T&uuml;rkiye&rsquo;sini in\u015fa edecekler. Biz gen&ccedil;lerimize destek vermeye &ccedil;al\u0131\u015f\u0131yoruz &ccedil;&uuml;nk&uuml; dua almak istiyoruz. \u015eu kubbede ho\u015f bir seda b\u0131rakmak niyetindeyiz ve arzusunday\u0131z. &Ouml;\u011fretmenlerimiz, meclis &uuml;yelerimiz, m&uuml;d&uuml;r arkada\u015flar\u0131m\u0131z, ba\u015fkan yard\u0131mc\u0131lar\u0131m\u0131z ve demokrasinin ilk aya\u011f\u0131 olan muhtarlar\u0131m\u0131z, anneler, babalar olarak yar\u0131nlarla ilgili dua almak istiyoruz. Bu gen&ccedil;lerimizle olacak, onlar de\u011ferlerine ba\u011fl\u0131 olarak bu memlekette var olmaya devam ettikleri s&uuml;rece ay y\u0131ld\u0131zl\u0131 bayra\u011f\u0131m\u0131z bu g&ouml;k kubbenin alt\u0131nda dalgalanmaya in\u015fallah devam edecek.&rsquo;&rsquo; ifadelerini kulland\u0131.<\/span><\/p>\n<p style=\"text-align: justify;\"><span style=\"color: #000000;\">G&uuml;zel i\u015flere&nbsp;Zeytinburnulularla birlikte imza att\u0131klar\u0131n\u0131 vurgulayan Ayd\u0131n, &ldquo;Bilgi evlerimiz, yap\u0131lan organizasyonlar bunlar sizlerden ald\u0131\u011f\u0131m\u0131z yetkilerle yap\u0131l\u0131yor. Sizlerden toplad\u0131\u011f\u0131m\u0131z vergilerle bu i\u015fler finanse ediliyor. Bu g&uuml;zel i\u015flere hep birlikte imza atm\u0131\u015f oluyoruz. Rabbim sizin eksikli\u011finizi g&ouml;stermesin. Bizlerle beraber oldu\u011funuz i&ccedil;in te\u015fekk&uuml;r ediyorum.&rsquo;&rsquo; \u015feklinde konu\u015ftu.<\/span><\/p>\n<p><span class=\"imageNews\" style=\"float: left; margin-right: 20px; margin-bottom: 10px;\"> <img decoding=\"async\" src=\"..\/Document\/SGalleryPhoto\/5934150b-0512-4496-8f73-08269c385e4f.JPG\" \/> <\/span><\/p>\n<p style=\"text-align: justify;\"><span style=\"color: #000000;\"><strong>&#8220;&Ccedil;OCUKLARIMIZ \u0130&Ccedil;\u0130N B&Uuml;Y&Uuml;K EMEK SARF ED\u0130L\u0130YOR&#8221;<\/strong><\/span><\/p>\n<p style=\"text-align: justify;\"><span style=\"color: #000000;\">Bilgi evleri sayesinde &ccedil;ocuklar\u0131n geli\u015fti\u011fini ifade eden bir anne, &ldquo;Sa\u011f olsun t&uuml;m &ouml;\u011fretmenler &ccedil;ocuklar\u0131m\u0131z i&ccedil;in &ccedil;ok emek harc\u0131yorlar. Evlatlar\u0131m\u0131z okul d\u0131\u015f\u0131ndaki t&uuml;m vakitlerini Bilgi Evleri&rsquo;ndeki kul&uuml;p ve at&ouml;lyelerde ge&ccedil;iriyor, kendilerini geli\u015ftiriyorlar. &Ouml;\u011fretmenlerimiz &ccedil;ocuklar\u0131m\u0131za her konuda daima destek oluyorlar. At&ouml;lye ve kul&uuml;p d\u0131\u015f\u0131nda s&uuml;rekli gezi faaliyetleri organize ediliyor.&nbsp;&Ccedil;ocuklar bu sayede g&ouml;rmedikleri yerleri g&ouml;r&uuml;yor, bilmedikleri \u015feyleri &ouml;\u011freniyorlar. T&uuml;m hizmetler i&ccedil;in &ccedil;ok te\u015fekk&uuml;r ederiz.&rdquo; diyerek memnuniyetini dile getirdi.<\/span><\/p>\n","protected":false},"excerpt":{"rendered":"<p>Zeytinburnu Bilgi Evleri, Bilge Nesil \u00dcyeleri \u0130stanbul B\u00fcy\u00fck\u015fehir Belediyesi 1453 \u00c7\u0131rp\u0131c\u0131 Sosyal Tesisleri\u2019nde d\u00fczenlenen kahvalt\u0131da bir araya geldi. Aileleri, arkada\u015flar\u0131 ve \u00f6\u011fretmenleri ile birlikte bir araya gelen \u00f6\u011frencileri, Zeytinburnu Belediye Ba\u015fkan\u0131 Murat Ayd\u0131n da yaln\u0131z b\u0131rakmad\u0131.<\/p>\n","protected":false},"author":1,"featured_media":11870,"comment_status":"open","ping_status":"closed","sticky":false,"template":"","format":"standard","meta":{"inline_featured_image":false,"footnotes":""},"categories":[1],"tags":[],"acf":[],"yoast_head":"<!-- This site is optimized with the Yoast SEO plugin v21.5 - https:\/\/yoast.com\/wordpress\/plugins\/seo\/ -->\n<title>Gelece\u011fin T\u00fcrkiye\u2019sini \u0130n\u015fa Edecek Gen\u00e7ler Kahvalt\u0131da Bulu\u015ftu - Zeytinburnu Belediyesi<\/title>\n<meta name=\"robots\" content=\"index, follow, max-snippet:-1, max-image-preview:large, max-video-preview:-1\" \/>\n<link rel=\"canonical\" href=\"https:\/\/zeytinburnu.istanbul\/haberler\/gelecegin-turkiyesini-insa-edecek-gencler-kahvaltida-bulustu\/\" \/>\n<meta property=\"og:locale\" content=\"tr_TR\" \/>\n<meta property=\"og:type\" content=\"article\" \/>\n<meta property=\"og:title\" content=\"Gelece\u011fin T\u00fcrkiye\u2019sini \u0130n\u015fa Edecek Gen\u00e7ler Kahvalt\u0131da Bulu\u015ftu - Zeytinburnu Belediyesi\" \/>\n<meta property=\"og:description\" content=\"Zeytinburnu Bilgi Evleri, Bilge Nesil \u00dcyeleri \u0130stanbul B\u00fcy\u00fck\u015fehir Belediyesi 1453 \u00c7\u0131rp\u0131c\u0131 Sosyal Tesisleri\u2019nde d\u00fczenlenen kahvalt\u0131da bir araya geldi. Aileleri, arkada\u015flar\u0131 ve \u00f6\u011fretmenleri ile birlikte bir araya gelen \u00f6\u011frencileri, Zeytinburnu Belediye Ba\u015fkan\u0131 Murat Ayd\u0131n da yaln\u0131z b\u0131rakmad\u0131.\" \/>\n<meta property=\"og:url\" content=\"https:\/\/zeytinburnu.istanbul\/haberler\/gelecegin-turkiyesini-insa-edecek-gencler-kahvaltida-bulustu\/\" \/>\n<meta property=\"og:site_name\" content=\"Zeytinburnu Belediyesi\" \/>\n<meta property=\"article:publisher\" content=\"https:\/\/web.facebook.com\/zeytinburnubld\/\" \/>\n<meta property=\"article:published_time\" content=\"2017-12-17T21:00:00+00:00\" \/>\n<meta property=\"article:modified_time\" content=\"2022-01-24T20:16:48+00:00\" \/>\n<meta property=\"og:image\" content=\"https:\/\/zeytinburnu.istanbul\/wp-content\/uploads\/2017\/12\/d6563bba-7d47-4d0e-be32-15ab106be422.jpg\" \/>\n\t<meta property=\"og:image:width\" content=\"641\" \/>\n\t<meta property=\"og:image:height\" content=\"406\" \/>\n\t<meta property=\"og:image:type\" content=\"image\/jpeg\" \/>\n<meta name=\"author\" content=\"admin\" \/>\n<meta name=\"twitter:card\" content=\"summary_large_image\" \/>\n<meta name=\"twitter:creator\" content=\"@zeytinburnubld\" \/>\n<meta name=\"twitter:site\" content=\"@zeytinburnubld\" \/>\n<meta name=\"twitter:label1\" content=\"Yazan:\" \/>\n\t<meta name=\"twitter:data1\" content=\"admin\" \/>\n\t<meta name=\"twitter:label2\" content=\"Tahmini okuma s\u00fcresi\" \/>\n\t<meta name=\"twitter:data2\" content=\"2 dakika\" \/>\n<script type=\"application\/ld+json\" class=\"yoast-schema-graph\">{\"@context\":\"https:\/\/schema.org\",\"@graph\":[{\"@type\":\"WebPage\",\"@id\":\"https:\/\/zeytinburnu.istanbul\/haberler\/gelecegin-turkiyesini-insa-edecek-gencler-kahvaltida-bulustu\/\",\"url\":\"https:\/\/zeytinburnu.istanbul\/haberler\/gelecegin-turkiyesini-insa-edecek-gencler-kahvaltida-bulustu\/\",\"name\":\"Gelece\u011fin T\u00fcrkiye\u2019sini \u0130n\u015fa Edecek Gen\u00e7ler Kahvalt\u0131da Bulu\u015ftu - Zeytinburnu Belediyesi\",\"isPartOf\":{\"@id\":\"https:\/\/zeytinburnu.istanbul\/#website\"},\"datePublished\":\"2017-12-17T21:00:00+00:00\",\"dateModified\":\"2022-01-24T20:16:48+00:00\",\"author\":{\"@id\":\"https:\/\/zeytinburnu.istanbul\/#\/schema\/person\/5e01ce47dfbcecbbeea658b9b505b27d\"},\"breadcrumb\":{\"@id\":\"https:\/\/zeytinburnu.istanbul\/haberler\/gelecegin-turkiyesini-insa-edecek-gencler-kahvaltida-bulustu\/#breadcrumb\"},\"inLanguage\":\"tr\",\"potentialAction\":[{\"@type\":\"ReadAction\",\"target\":[\"https:\/\/zeytinburnu.istanbul\/haberler\/gelecegin-turkiyesini-insa-edecek-gencler-kahvaltida-bulustu\/\"]}]},{\"@type\":\"BreadcrumbList\",\"@id\":\"https:\/\/zeytinburnu.istanbul\/haberler\/gelecegin-turkiyesini-insa-edecek-gencler-kahvaltida-bulustu\/#breadcrumb\",\"itemListElement\":[{\"@type\":\"ListItem\",\"position\":1,\"name\":\"Anasayfa\",\"item\":\"https:\/\/zeytinburnu.istanbul\/\"},{\"@type\":\"ListItem\",\"position\":2,\"name\":\"Gelece\u011fin T\u00fcrkiye\u2019sini \u0130n\u015fa Edecek Gen\u00e7ler Kahvalt\u0131da Bulu\u015ftu\"}]},{\"@type\":\"WebSite\",\"@id\":\"https:\/\/zeytinburnu.istanbul\/#website\",\"url\":\"https:\/\/zeytinburnu.istanbul\/\",\"name\":\"Zeytinburnu Belediyesi\",\"description\":\"\",\"potentialAction\":[{\"@type\":\"SearchAction\",\"target\":{\"@type\":\"EntryPoint\",\"urlTemplate\":\"https:\/\/zeytinburnu.istanbul\/?s={search_term_string}\"},\"query-input\":\"required name=search_term_string\"}],\"inLanguage\":\"tr\"},{\"@type\":\"Person\",\"@id\":\"https:\/\/zeytinburnu.istanbul\/#\/schema\/person\/5e01ce47dfbcecbbeea658b9b505b27d\",\"name\":\"admin\",\"image\":{\"@type\":\"ImageObject\",\"inLanguage\":\"tr\",\"@id\":\"https:\/\/zeytinburnu.istanbul\/#\/schema\/person\/image\/\",\"url\":\"https:\/\/secure.gravatar.com\/avatar\/13ea2ae01432bee3f1995a62bf2ab382?s=96&d=mm&r=g\",\"contentUrl\":\"https:\/\/secure.gravatar.com\/avatar\/13ea2ae01432bee3f1995a62bf2ab382?s=96&d=mm&r=g\",\"caption\":\"admin\"},\"sameAs\":[\"https:\/\/zeytinburnu.istanbul\"],\"url\":\"https:\/\/zeytinburnu.istanbul\/author\/pixelate\/\"}]}<\/script>\n<!-- \/ Yoast SEO plugin. -->","yoast_head_json":{"title":"Gelece\u011fin T\u00fcrkiye\u2019sini \u0130n\u015fa Edecek Gen\u00e7ler Kahvalt\u0131da Bulu\u015ftu - Zeytinburnu Belediyesi","robots":{"index":"index","follow":"follow","max-snippet":"max-snippet:-1","max-image-preview":"max-image-preview:large","max-video-preview":"max-video-preview:-1"},"canonical":"https:\/\/zeytinburnu.istanbul\/haberler\/gelecegin-turkiyesini-insa-edecek-gencler-kahvaltida-bulustu\/","og_locale":"tr_TR","og_type":"article","og_title":"Gelece\u011fin T\u00fcrkiye\u2019sini \u0130n\u015fa Edecek Gen\u00e7ler Kahvalt\u0131da Bulu\u015ftu - Zeytinburnu Belediyesi","og_description":"Zeytinburnu Bilgi Evleri, Bilge Nesil \u00dcyeleri \u0130stanbul B\u00fcy\u00fck\u015fehir Belediyesi 1453 \u00c7\u0131rp\u0131c\u0131 Sosyal Tesisleri\u2019nde d\u00fczenlenen kahvalt\u0131da bir araya geldi. Aileleri, arkada\u015flar\u0131 ve \u00f6\u011fretmenleri ile birlikte bir araya gelen \u00f6\u011frencileri, Zeytinburnu Belediye Ba\u015fkan\u0131 Murat Ayd\u0131n da yaln\u0131z b\u0131rakmad\u0131.","og_url":"https:\/\/zeytinburnu.istanbul\/haberler\/gelecegin-turkiyesini-insa-edecek-gencler-kahvaltida-bulustu\/","og_site_name":"Zeytinburnu Belediyesi","article_publisher":"https:\/\/web.facebook.com\/zeytinburnubld\/","article_published_time":"2017-12-17T21:00:00+00:00","article_modified_time":"2022-01-24T20:16:48+00:00","og_image":[{"width":641,"height":406,"url":"https:\/\/zeytinburnu.istanbul\/wp-content\/uploads\/2017\/12\/d6563bba-7d47-4d0e-be32-15ab106be422.jpg","type":"image\/jpeg"}],"author":"admin","twitter_card":"summary_large_image","twitter_creator":"@zeytinburnubld","twitter_site":"@zeytinburnubld","twitter_misc":{"Yazan:":"admin","Tahmini okuma s\u00fcresi":"2 dakika"},"schema":{"@context":"https:\/\/schema.org","@graph":[{"@type":"WebPage","@id":"https:\/\/zeytinburnu.istanbul\/haberler\/gelecegin-turkiyesini-insa-edecek-gencler-kahvaltida-bulustu\/","url":"https:\/\/zeytinburnu.istanbul\/haberler\/gelecegin-turkiyesini-insa-edecek-gencler-kahvaltida-bulustu\/","name":"Gelece\u011fin T\u00fcrkiye\u2019sini \u0130n\u015fa Edecek Gen\u00e7ler Kahvalt\u0131da Bulu\u015ftu - Zeytinburnu Belediyesi","isPartOf":{"@id":"https:\/\/zeytinburnu.istanbul\/#website"},"datePublished":"2017-12-17T21:00:00+00:00","dateModified":"2022-01-24T20:16:48+00:00","author":{"@id":"https:\/\/zeytinburnu.istanbul\/#\/schema\/person\/5e01ce47dfbcecbbeea658b9b505b27d"},"breadcrumb":{"@id":"https:\/\/zeytinburnu.istanbul\/haberler\/gelecegin-turkiyesini-insa-edecek-gencler-kahvaltida-bulustu\/#breadcrumb"},"inLanguage":"tr","potentialAction":[{"@type":"ReadAction","target":["https:\/\/zeytinburnu.istanbul\/haberler\/gelecegin-turkiyesini-insa-edecek-gencler-kahvaltida-bulustu\/"]}]},{"@type":"BreadcrumbList","@id":"https:\/\/zeytinburnu.istanbul\/haberler\/gelecegin-turkiyesini-insa-edecek-gencler-kahvaltida-bulustu\/#breadcrumb","itemListElement":[{"@type":"ListItem","position":1,"name":"Anasayfa","item":"https:\/\/zeytinburnu.istanbul\/"},{"@type":"ListItem","position":2,"name":"Gelece\u011fin T\u00fcrkiye\u2019sini \u0130n\u015fa Edecek Gen\u00e7ler Kahvalt\u0131da Bulu\u015ftu"}]},{"@type":"WebSite","@id":"https:\/\/zeytinburnu.istanbul\/#website","url":"https:\/\/zeytinburnu.istanbul\/","name":"Zeytinburnu Belediyesi","description":"","potentialAction":[{"@type":"SearchAction","target":{"@type":"EntryPoint","urlTemplate":"https:\/\/zeytinburnu.istanbul\/?s={search_term_string}"},"query-input":"required name=search_term_string"}],"inLanguage":"tr"},{"@type":"Person","@id":"https:\/\/zeytinburnu.istanbul\/#\/schema\/person\/5e01ce47dfbcecbbeea658b9b505b27d","name":"admin","image":{"@type":"ImageObject","inLanguage":"tr","@id":"https:\/\/zeytinburnu.istanbul\/#\/schema\/person\/image\/","url":"https:\/\/secure.gravatar.com\/avatar\/13ea2ae01432bee3f1995a62bf2ab382?s=96&d=mm&r=g","contentUrl":"https:\/\/secure.gravatar.com\/avatar\/13ea2ae01432bee3f1995a62bf2ab382?s=96&d=mm&r=g","caption":"admin"},"sameAs":["https:\/\/zeytinburnu.istanbul"],"url":"https:\/\/zeytinburnu.istanbul\/author\/pixelate\/"}]}},"meta_data":{"image_details":{"thumbnail":{"url":"https:\/\/zeytinburnu.istanbul\/wp-content\/uploads\/2017\/12\/d6563bba-7d47-4d0e-be32-15ab106be422.jpg"},"full":{"file":"2017\/12\/d6563bba-7d47-4d0e-be32-15ab106be422.jpg","width":641,"height":406,"mime_type":"image\/jpeg","url":"https:\/\/zeytinburnu.istanbul\/wp-content\/uploads\/2017\/12\/d6563bba-7d47-4d0e-be32-15ab106be422.jpg"}}},"_links":{"self":[{"href":"https:\/\/zeytinburnu.istanbul\/api\/wp\/v2\/posts\/11869"}],"collection":[{"href":"https:\/\/zeytinburnu.istanbul\/api\/wp\/v2\/posts"}],"about":[{"href":"https:\/\/zeytinburnu.istanbul\/api\/wp\/v2\/types\/post"}],"author":[{"embeddable":true,"href":"https:\/\/zeytinburnu.istanbul\/api\/wp\/v2\/users\/1"}],"replies":[{"embeddable":true,"href":"https:\/\/zeytinburnu.istanbul\/api\/wp\/v2\/comments?post=11869"}],"version-history":[{"count":3,"href":"https:\/\/zeytinburnu.istanbul\/api\/wp\/v2\/posts\/11869\/revisions"}],"predecessor-version":[{"id":19915,"href":"https:\/\/zeytinburnu.istanbul\/api\/wp\/v2\/posts\/11869\/revisions\/19915"}],"wp:featuredmedia":[{"embeddable":true,"href":"https:\/\/zeytinburnu.istanbul\/api\/wp\/v2\/media\/11870"}],"wp:attachment":[{"href":"https:\/\/zeytinburnu.istanbul\/api\/wp\/v2\/media?parent=11869"}],"wp:term":[{"taxonomy":"category","embeddable":true,"href":"https:\/\/zeytinburnu.istanbul\/api\/wp\/v2\/categories?post=11869"},{"taxonomy":"post_tag","embeddable":true,"href":"https:\/\/zeytinburnu.istanbul\/api\/wp\/v2\/tags?post=11869"}],"curies":[{"name":"wp","href":"https:\/\/api.w.org\/{rel}","templated":true}]}}