

{"id":11288,"date":"2016-12-20T00:00:00","date_gmt":"2016-12-19T21:00:00","guid":{"rendered":"https:\/\/2021.zeytinburnu.istanbul\/haberler\/avrasya-tuneli-acildi\/"},"modified":"2022-01-24T23:15:01","modified_gmt":"2022-01-24T20:15:01","slug":"avrasya-tuneli-acildi","status":"publish","type":"post","link":"https:\/\/zeytinburnu.istanbul\/haberler\/avrasya-tuneli-acildi\/","title":{"rendered":"Avrasya T\u00fcneli A\u00e7\u0131ld\u0131"},"content":{"rendered":"<p style=\"margin: 0px; text-align: justify;\">Avrasya T\u00fcneli resmen a\u00e7\u0131ld\u0131. T\u00fcnelin hizmete girmesiyle <span style=\"font-weight: bold;\">Kazl\u0131\u00e7e\u015fme-G\u00f6ztepe aras\u0131ndaki mesafe 100 dakikadan 15 dakikaya d\u00fc\u015ft\u00fc.<\/span> \u0130ki yakay\u0131 birbirine ba\u011flayan Avrasya T\u00fcneli&#39;nin a\u00e7\u0131l\u0131\u015f\u0131n\u0131 Cumhurba\u015fkan\u0131 Recep Tayyip Erdo\u011fan ve Ba\u015fbakan Binali Y\u0131ld\u0131r\u0131m yapt\u0131. A\u00e7\u0131l\u0131\u015f t\u00f6reninde konu\u015fan Cumhurba\u015fkan\u0131 Erdo\u011fan; &quot;Y\u0131lba\u015f\u0131na kadar t\u00fcnelin ge\u00e7i\u015f \u00fccreti 15 TL olacak ve geliri<span style=\"font-weight: bold;\"> \u015fehit ailelerine<\/span> aktar\u0131lacak&quot; dedi. Y\u0131lba\u015f\u0131ndan sonraki \u00fccret daha sonra a\u00e7\u0131klanacak.<\/p>\n<p style=\"margin: 0px; text-align: justify;\"> T\u00fcnelin ge\u00e7i\u015f \u00fccretinde dolar kuru baz al\u0131nacak. <span style=\"font-weight: bold;\">T\u00fcnel ge\u00e7i\u015f \u00fccreti otomobiller i\u00e7in 4 dolar + KDV (yakla\u015f\u0131k 17 TL), minib\u00fcsler i\u00e7in 6 dolar + KDV (yakla\u015f\u0131k 25 TL)<\/span> kar\u015f\u0131l\u0131\u011f\u0131 olarak belirlendi. Her iki y\u00f6nde de \u00f6deme yap\u0131lacak.<\/p>\n<p style=\"margin: 0px; text-align: justify;\"> <span style=\"font-weight: bold;\">24 SAAT A\u00c7IK OLACAK MI?<\/span><\/p>\n<p style=\"margin: 0px; text-align: justify;\"> T\u00fcnel 30 Ocak&#39;a kadar 24 saat de\u011fil, belli bir s\u00fcre \u00e7al\u0131\u015facak. 14 saatle (sabah 07.00-ak\u015fam 21.00) ba\u015flayacak uygulama ile en ge\u00e7 30 Ocak&#39;ta 24 saat \u00e7al\u0131\u015fma sistemine ge\u00e7ilecek.<\/p>\n<p style=\"margin: 0px; text-align: justify;\"> <span style=\"font-weight: bold;\">TOPLAM UZUNLU\u011eU 14,6 K\u0130LOMETRE<\/span><\/p>\n<p style=\"margin: 0px; text-align: justify;\"> \u0130stanbul&#39;da ara\u00e7 trafi\u011finin yo\u011fun oldu\u011fu Kazl\u0131\u00e7e\u015fme-G\u00f6ztepe hatt\u0131nda hizmet verecek olan Avrasya T\u00fcneli, toplam 14,6 kilometrelik bir g\u00fczergah\u0131 kaps\u0131yor.<\/p>\n<p style=\"margin: 0px; text-align: justify;\"> <span style=\"font-weight: bold;\">EN DER\u0130N YER\u0130 DEN\u0130Z\u0130N 106 METRE ALTINDA<\/span><\/p>\n<p style=\"margin: 0px; text-align: justify;\"> Projenin 5,4 km&#39;lik k\u0131sm\u0131 deniz taban\u0131 alt\u0131na \u00f6zel bir teknolojiyle in\u015fa edilen iki katl\u0131 t\u00fcnelden ve di\u011fer metotlarla in\u015fa edilen ba\u011flant\u0131 t\u00fcnellerinden olu\u015fuyor. T\u00fcnelin en derin b\u00f6l\u00fcm\u00fc deniz seviyesinden 106 metre a\u015fa\u011f\u0131da bulunuyor.<\/p>\n<p style=\"margin: 0px; text-align: justify;\"> <span style=\"font-weight: bold;\">AZAM\u0130 HIZ 70 KM OLACAK<\/span><\/p>\n<p style=\"margin: 0px; text-align: justify;\"> G\u00fczergahta yolculuk s\u00fcresi 100 dakikadan 15 dakikaya kadar indi. Avrasya T\u00fcneli&#39;nde h\u0131z s\u0131n\u0131r\u0131 70 km olacak.<\/p>\n<p style=\"margin: 0px; text-align: justify;\"> <span style=\"font-weight: bold;\">HGS VE OGS \u0130LE GE\u00c7\u0130LEB\u0130LECEK<\/span><\/p>\n<p style=\"margin: 0px; text-align: justify;\"> T\u00fcnelin, iki gidi\u015f ve iki geli\u015f yolunda hem HGS hem OGS ile ge\u00e7i\u015f yap\u0131labilecek. Ayr\u0131ca bir nakit gi\u015fesi bulunmayacak, ara\u00e7taki yolcular i\u00e7in ayr\u0131ca \u00f6deme yap\u0131lmayacak.<\/p>\n<p style=\"margin: 0px; text-align: justify;\"> <span style=\"font-weight: bold;\">ARA\u00c7 GARANT\u0130S\u0130 NE KADAR?<\/span><\/p>\n<p style=\"margin: 0px; text-align: justify;\"> Ba\u015flang\u0131\u00e7ta 120 bin ile 130 bin arac\u0131n ge\u00e7i\u015fi bekleniyor. Devlet y\u00fcklenici firmaya g\u00fcnde 68 bin 500 ara\u00e7l\u0131k ge\u00e7i\u015fi garanti etti.<\/p>\n<p style=\"margin: 0px; text-align: justify;\"> <span style=\"font-weight: bold;\">60 B\u0130N METREKARE DEN\u0130Z DOLGUSU<\/span><\/p>\n<p style=\"margin: 0px; text-align: justify;\"> \u0130stanbul B\u00fcy\u00fck \u015eehir Belediyesi (\u0130BB) taraf\u0131ndan konuyla ilgili yap\u0131lan a\u00e7\u0131klamada b\u00f6lgeye 60 bin metrekare deniz dolgusu, 15 bin metre yaya yolu, uluslararas\u0131 standartlarda bisiklet yolu, 320 bin metrekare ye\u015fil alan, y\u00fcr\u00fcy\u00fc\u015f yollar\u0131, yap\u0131ld\u0131\u011f\u0131 belirtildi. Ayn\u0131 a\u00e7\u0131klamada yeni yollar\u0131n asfaltlanmas\u0131 i\u00e7in 70 bin ton asfalt d\u00f6k\u00fcld\u00fc\u011f\u00fc ayr\u0131ca 350 adet ayd\u0131nlatma dire\u011fi dikildi\u011fi a\u00e7\u0131kland\u0131.<\/p>\n<p style=\"margin: 0px; text-align: justify;\"> <span style=\"font-weight: bold;\">NE KADARA MAL OLDU, K\u0130M \u0130\u015eLETECEK?<\/span><\/p>\n<p style=\"margin: 0px; text-align: justify;\"> Avrasya T\u00fcneli, 1.2 milyar dolara mal oldu. Projeyi tamamlayan Avrasya T\u00fcneli \u0130\u015fletme \u0130n\u015faat ve Yat\u0131r\u0131m A\u015e (ATA\u015e), 2009 y\u0131l\u0131nda Avrasya T\u00fcneli\u2019ni ger\u00e7ekle\u015ftirmek \u00fczere kuruldu. T\u00fcrkiye\u2019den Yap\u0131 Merkezi ve G\u00fcney Kore\u2019den SK E&amp;C \u015firketleri, ATA\u015e\u2019\u0131n iki e\u015fit orta\u011f\u0131 konumunda. \u015eirket t\u00fcneli 24 y\u0131l i\u015fletecek.<\/p>\n<p style=\"margin: 0px; text-align: justify;\"> <span style=\"font-weight: bold;\">9 B\u00dcY\u00dcKL\u00dc\u011e\u00dcNDE DEPREME DAYANIKLI<\/span><\/p>\n<p style=\"margin: 0px; text-align: justify;\"> T\u00fcnel fay hatlar\u0131na yak\u0131nl\u0131\u011f\u0131 nedeniyle richter \u00f6l\u00e7e\u011fine g\u00f6re 9 b\u00fcy\u00fckl\u00fc\u011f\u00fcnde bir depreme dayanacak g\u00fc\u00e7te yap\u0131ld\u0131.<\/p>\n<p style=\"margin: 0px; text-align: justify;\"> <span style=\"font-weight: bold;\">24 SAAT \u0130ZLENECEK<\/span><\/p>\n<p style=\"margin: 0px; text-align: justify;\"> Avrasya T\u00fcneli&#39;nde her noktan\u0131n 7 g\u00fcn 24 saat izlendi\u011fi kapal\u0131 devre kamera sistemi, olay alg\u0131lama sistemleri, haberle\u015fme ve ihbar sistemleri yer alacak. Y\u00fcksek teknoloji altyap\u0131s\u0131yla t\u00fcnel i\u00e7inde h\u0131z kontrol\u00fc sa\u011flanacak.<\/p>\n","protected":false},"excerpt":{"rendered":"<p style=\"margin: 0px; text-align: justify;\"><span style=\"font-weight: bold;\">Kazl\u0131\u00e7e\u015fme-G\u00f6ztepe hatt\u0131nda hizmet verecek olan Avrasya T\u00fcneli, resmen a\u00e7\u0131ld\u0131. Avrasya T\u00fcneli\u2019nin hizmete girmesiyle Kazl\u0131\u00e7e\u015fme-G\u00f6ztepe aras\u0131ndaki mesafe 100 dakikadan 15 dakikaya d\u00fc\u015ft\u00fc.<\/span><\/p>\n","protected":false},"author":1,"featured_media":11289,"comment_status":"open","ping_status":"closed","sticky":false,"template":"","format":"standard","meta":{"inline_featured_image":false,"footnotes":""},"categories":[1],"tags":[],"acf":[],"yoast_head":"<!-- This site is optimized with the Yoast SEO plugin v21.5 - https:\/\/yoast.com\/wordpress\/plugins\/seo\/ -->\n<title>Avrasya T\u00fcneli A\u00e7\u0131ld\u0131 - Zeytinburnu Belediyesi<\/title>\n<meta name=\"robots\" content=\"index, follow, max-snippet:-1, max-image-preview:large, max-video-preview:-1\" \/>\n<link rel=\"canonical\" href=\"https:\/\/zeytinburnu.istanbul\/haberler\/avrasya-tuneli-acildi\/\" \/>\n<meta property=\"og:locale\" content=\"tr_TR\" \/>\n<meta property=\"og:type\" content=\"article\" \/>\n<meta property=\"og:title\" content=\"Avrasya T\u00fcneli A\u00e7\u0131ld\u0131 - Zeytinburnu Belediyesi\" \/>\n<meta property=\"og:description\" content=\"Kazl\u0131\u00e7e\u015fme-G\u00f6ztepe hatt\u0131nda hizmet verecek olan Avrasya T\u00fcneli, resmen a\u00e7\u0131ld\u0131. Avrasya T\u00fcneli\u2019nin hizmete girmesiyle Kazl\u0131\u00e7e\u015fme-G\u00f6ztepe aras\u0131ndaki mesafe 100 dakikadan 15 dakikaya d\u00fc\u015ft\u00fc.\" \/>\n<meta property=\"og:url\" content=\"https:\/\/zeytinburnu.istanbul\/haberler\/avrasya-tuneli-acildi\/\" \/>\n<meta property=\"og:site_name\" content=\"Zeytinburnu Belediyesi\" \/>\n<meta property=\"article:publisher\" content=\"https:\/\/web.facebook.com\/zeytinburnubld\/\" \/>\n<meta property=\"article:published_time\" content=\"2016-12-19T21:00:00+00:00\" \/>\n<meta property=\"article:modified_time\" content=\"2022-01-24T20:15:01+00:00\" \/>\n<meta property=\"og:image\" content=\"https:\/\/zeytinburnu.istanbul\/wp-content\/uploads\/2016\/12\/34b269f9.jpg\" \/>\n\t<meta property=\"og:image:width\" content=\"641\" \/>\n\t<meta property=\"og:image:height\" content=\"406\" \/>\n\t<meta property=\"og:image:type\" content=\"image\/jpeg\" \/>\n<meta name=\"author\" content=\"admin\" \/>\n<meta name=\"twitter:card\" content=\"summary_large_image\" \/>\n<meta name=\"twitter:creator\" content=\"@zeytinburnubld\" \/>\n<meta name=\"twitter:site\" content=\"@zeytinburnubld\" \/>\n<meta name=\"twitter:label1\" content=\"Yazan:\" \/>\n\t<meta name=\"twitter:data1\" content=\"admin\" \/>\n\t<meta name=\"twitter:label2\" content=\"Tahmini okuma s\u00fcresi\" \/>\n\t<meta name=\"twitter:data2\" content=\"3 dakika\" \/>\n<script type=\"application\/ld+json\" class=\"yoast-schema-graph\">{\"@context\":\"https:\/\/schema.org\",\"@graph\":[{\"@type\":\"WebPage\",\"@id\":\"https:\/\/zeytinburnu.istanbul\/haberler\/avrasya-tuneli-acildi\/\",\"url\":\"https:\/\/zeytinburnu.istanbul\/haberler\/avrasya-tuneli-acildi\/\",\"name\":\"Avrasya T\u00fcneli A\u00e7\u0131ld\u0131 - Zeytinburnu Belediyesi\",\"isPartOf\":{\"@id\":\"https:\/\/zeytinburnu.istanbul\/#website\"},\"datePublished\":\"2016-12-19T21:00:00+00:00\",\"dateModified\":\"2022-01-24T20:15:01+00:00\",\"author\":{\"@id\":\"https:\/\/zeytinburnu.istanbul\/#\/schema\/person\/5e01ce47dfbcecbbeea658b9b505b27d\"},\"breadcrumb\":{\"@id\":\"https:\/\/zeytinburnu.istanbul\/haberler\/avrasya-tuneli-acildi\/#breadcrumb\"},\"inLanguage\":\"tr\",\"potentialAction\":[{\"@type\":\"ReadAction\",\"target\":[\"https:\/\/zeytinburnu.istanbul\/haberler\/avrasya-tuneli-acildi\/\"]}]},{\"@type\":\"BreadcrumbList\",\"@id\":\"https:\/\/zeytinburnu.istanbul\/haberler\/avrasya-tuneli-acildi\/#breadcrumb\",\"itemListElement\":[{\"@type\":\"ListItem\",\"position\":1,\"name\":\"Anasayfa\",\"item\":\"https:\/\/zeytinburnu.istanbul\/\"},{\"@type\":\"ListItem\",\"position\":2,\"name\":\"Avrasya T\u00fcneli A\u00e7\u0131ld\u0131\"}]},{\"@type\":\"WebSite\",\"@id\":\"https:\/\/zeytinburnu.istanbul\/#website\",\"url\":\"https:\/\/zeytinburnu.istanbul\/\",\"name\":\"Zeytinburnu Belediyesi\",\"description\":\"\",\"potentialAction\":[{\"@type\":\"SearchAction\",\"target\":{\"@type\":\"EntryPoint\",\"urlTemplate\":\"https:\/\/zeytinburnu.istanbul\/?s={search_term_string}\"},\"query-input\":\"required name=search_term_string\"}],\"inLanguage\":\"tr\"},{\"@type\":\"Person\",\"@id\":\"https:\/\/zeytinburnu.istanbul\/#\/schema\/person\/5e01ce47dfbcecbbeea658b9b505b27d\",\"name\":\"admin\",\"image\":{\"@type\":\"ImageObject\",\"inLanguage\":\"tr\",\"@id\":\"https:\/\/zeytinburnu.istanbul\/#\/schema\/person\/image\/\",\"url\":\"https:\/\/secure.gravatar.com\/avatar\/13ea2ae01432bee3f1995a62bf2ab382?s=96&d=mm&r=g\",\"contentUrl\":\"https:\/\/secure.gravatar.com\/avatar\/13ea2ae01432bee3f1995a62bf2ab382?s=96&d=mm&r=g\",\"caption\":\"admin\"},\"sameAs\":[\"https:\/\/zeytinburnu.istanbul\"],\"url\":\"https:\/\/zeytinburnu.istanbul\/author\/pixelate\/\"}]}<\/script>\n<!-- \/ Yoast SEO plugin. -->","yoast_head_json":{"title":"Avrasya T\u00fcneli A\u00e7\u0131ld\u0131 - Zeytinburnu Belediyesi","robots":{"index":"index","follow":"follow","max-snippet":"max-snippet:-1","max-image-preview":"max-image-preview:large","max-video-preview":"max-video-preview:-1"},"canonical":"https:\/\/zeytinburnu.istanbul\/haberler\/avrasya-tuneli-acildi\/","og_locale":"tr_TR","og_type":"article","og_title":"Avrasya T\u00fcneli A\u00e7\u0131ld\u0131 - Zeytinburnu Belediyesi","og_description":"Kazl\u0131\u00e7e\u015fme-G\u00f6ztepe hatt\u0131nda hizmet verecek olan Avrasya T\u00fcneli, resmen a\u00e7\u0131ld\u0131. Avrasya T\u00fcneli\u2019nin hizmete girmesiyle Kazl\u0131\u00e7e\u015fme-G\u00f6ztepe aras\u0131ndaki mesafe 100 dakikadan 15 dakikaya d\u00fc\u015ft\u00fc.","og_url":"https:\/\/zeytinburnu.istanbul\/haberler\/avrasya-tuneli-acildi\/","og_site_name":"Zeytinburnu Belediyesi","article_publisher":"https:\/\/web.facebook.com\/zeytinburnubld\/","article_published_time":"2016-12-19T21:00:00+00:00","article_modified_time":"2022-01-24T20:15:01+00:00","og_image":[{"width":641,"height":406,"url":"https:\/\/zeytinburnu.istanbul\/wp-content\/uploads\/2016\/12\/34b269f9.jpg","type":"image\/jpeg"}],"author":"admin","twitter_card":"summary_large_image","twitter_creator":"@zeytinburnubld","twitter_site":"@zeytinburnubld","twitter_misc":{"Yazan:":"admin","Tahmini okuma s\u00fcresi":"3 dakika"},"schema":{"@context":"https:\/\/schema.org","@graph":[{"@type":"WebPage","@id":"https:\/\/zeytinburnu.istanbul\/haberler\/avrasya-tuneli-acildi\/","url":"https:\/\/zeytinburnu.istanbul\/haberler\/avrasya-tuneli-acildi\/","name":"Avrasya T\u00fcneli A\u00e7\u0131ld\u0131 - Zeytinburnu Belediyesi","isPartOf":{"@id":"https:\/\/zeytinburnu.istanbul\/#website"},"datePublished":"2016-12-19T21:00:00+00:00","dateModified":"2022-01-24T20:15:01+00:00","author":{"@id":"https:\/\/zeytinburnu.istanbul\/#\/schema\/person\/5e01ce47dfbcecbbeea658b9b505b27d"},"breadcrumb":{"@id":"https:\/\/zeytinburnu.istanbul\/haberler\/avrasya-tuneli-acildi\/#breadcrumb"},"inLanguage":"tr","potentialAction":[{"@type":"ReadAction","target":["https:\/\/zeytinburnu.istanbul\/haberler\/avrasya-tuneli-acildi\/"]}]},{"@type":"BreadcrumbList","@id":"https:\/\/zeytinburnu.istanbul\/haberler\/avrasya-tuneli-acildi\/#breadcrumb","itemListElement":[{"@type":"ListItem","position":1,"name":"Anasayfa","item":"https:\/\/zeytinburnu.istanbul\/"},{"@type":"ListItem","position":2,"name":"Avrasya T\u00fcneli A\u00e7\u0131ld\u0131"}]},{"@type":"WebSite","@id":"https:\/\/zeytinburnu.istanbul\/#website","url":"https:\/\/zeytinburnu.istanbul\/","name":"Zeytinburnu Belediyesi","description":"","potentialAction":[{"@type":"SearchAction","target":{"@type":"EntryPoint","urlTemplate":"https:\/\/zeytinburnu.istanbul\/?s={search_term_string}"},"query-input":"required name=search_term_string"}],"inLanguage":"tr"},{"@type":"Person","@id":"https:\/\/zeytinburnu.istanbul\/#\/schema\/person\/5e01ce47dfbcecbbeea658b9b505b27d","name":"admin","image":{"@type":"ImageObject","inLanguage":"tr","@id":"https:\/\/zeytinburnu.istanbul\/#\/schema\/person\/image\/","url":"https:\/\/secure.gravatar.com\/avatar\/13ea2ae01432bee3f1995a62bf2ab382?s=96&d=mm&r=g","contentUrl":"https:\/\/secure.gravatar.com\/avatar\/13ea2ae01432bee3f1995a62bf2ab382?s=96&d=mm&r=g","caption":"admin"},"sameAs":["https:\/\/zeytinburnu.istanbul"],"url":"https:\/\/zeytinburnu.istanbul\/author\/pixelate\/"}]}},"meta_data":{"image_details":{"thumbnail":{"url":"https:\/\/zeytinburnu.istanbul\/wp-content\/uploads\/2016\/12\/34b269f9.jpg"},"full":{"file":"2016\/12\/34b269f9.jpg","width":641,"height":406,"mime_type":"image\/jpeg","url":"https:\/\/zeytinburnu.istanbul\/wp-content\/uploads\/2016\/12\/34b269f9.jpg"}}},"_links":{"self":[{"href":"https:\/\/zeytinburnu.istanbul\/api\/wp\/v2\/posts\/11288"}],"collection":[{"href":"https:\/\/zeytinburnu.istanbul\/api\/wp\/v2\/posts"}],"about":[{"href":"https:\/\/zeytinburnu.istanbul\/api\/wp\/v2\/types\/post"}],"author":[{"embeddable":true,"href":"https:\/\/zeytinburnu.istanbul\/api\/wp\/v2\/users\/1"}],"replies":[{"embeddable":true,"href":"https:\/\/zeytinburnu.istanbul\/api\/wp\/v2\/comments?post=11288"}],"version-history":[{"count":3,"href":"https:\/\/zeytinburnu.istanbul\/api\/wp\/v2\/posts\/11288\/revisions"}],"predecessor-version":[{"id":19623,"href":"https:\/\/zeytinburnu.istanbul\/api\/wp\/v2\/posts\/11288\/revisions\/19623"}],"wp:featuredmedia":[{"embeddable":true,"href":"https:\/\/zeytinburnu.istanbul\/api\/wp\/v2\/media\/11289"}],"wp:attachment":[{"href":"https:\/\/zeytinburnu.istanbul\/api\/wp\/v2\/media?parent=11288"}],"wp:term":[{"taxonomy":"category","embeddable":true,"href":"https:\/\/zeytinburnu.istanbul\/api\/wp\/v2\/categories?post=11288"},{"taxonomy":"post_tag","embeddable":true,"href":"https:\/\/zeytinburnu.istanbul\/api\/wp\/v2\/tags?post=11288"}],"curies":[{"name":"wp","href":"https:\/\/api.w.org\/{rel}","templated":true}]}}