

{"id":11156,"date":"2016-10-03T00:00:00","date_gmt":"2016-10-02T21:00:00","guid":{"rendered":"https:\/\/2021.zeytinburnu.istanbul\/haberler\/turkiye-buz-hokeyi-tarihinde-bir-ilk-zeytinburnu-avrupa-grup-sampiyonu\/"},"modified":"2022-01-24T23:14:34","modified_gmt":"2022-01-24T20:14:34","slug":"turkiye-buz-hokeyi-tarihinde-bir-ilk-zeytinburnu-avrupa-grup-sampiyonu","status":"publish","type":"post","link":"https:\/\/zeytinburnu.istanbul\/haberler\/turkiye-buz-hokeyi-tarihinde-bir-ilk-zeytinburnu-avrupa-grup-sampiyonu\/","title":{"rendered":"T\u00fcrkiye Buz Hokeyi Tarihinde Bir \u0130lk: Zeytinburnu Avrupa Grup \u015eampiyonu!"},"content":{"rendered":"<p style=\"margin: 0px; text-align: justify;\">Zeytinburnu Belediyesi Buz Hokeyi Tak\u0131m\u0131, Bulgaristan\u2019\u0131n ba\u015fkenti Sofya\u2019da ger\u00e7ekle\u015ftirilen Avrupa Buz Hokeyi \u015eampiyon Kul\u00fcpler Kupas\u0131\u2019nda (IIHF Continental Cup) \u00fc\u00e7te \u00fc\u00e7 yaparak 9 puanla Avrupa Grup \u015eampiyonu oldu. T\u00fcrkiye Buz Hokeyi tarihinde bir ilke imza atan Zeytinburnu Belediyesi Buz Hokeyi Tak\u0131m\u0131, Avrupa Grup \u015eampiyonu olmay\u0131 ba\u015faran <span style=\"font-weight: bold;\">ilk T\u00fcrk tak\u0131m\u0131<\/span> oldu.<\/p>\n<p style=\"margin: 0px; text-align: justify;\"> \u0130lk ma\u00e7ta ev sahibi Sofya Irbis Skate\u2019i <span style=\"font-weight: bold;\">5-1<\/span>\u2019lik skorla ge\u00e7en Zeytinburnu Belediyesi Buz Hokeyi Tak\u0131m\u0131, ikinci ma\u00e7\u0131nda S\u0131rbistan\u2019\u0131n g\u00fc\u00e7l\u00fc ekiplerinden Partizan Belgrade ile kar\u015f\u0131la\u015ft\u0131. S\u0131rp ekibiyle yapt\u0131\u011f\u0131 m\u00fccadeleden <span style=\"font-weight: bold;\">8-3<\/span> galibiyetle ayr\u0131lan tak\u0131m, son ma\u00e7\u0131nda \u0130srail tak\u0131m\u0131 HC Bat Yam\u2019\u0131 da <span style=\"font-weight: bold;\">19-2<\/span> yenerek, <span style=\"font-weight: bold;\">9 puanla nama\u011flup<\/span> Avrupa A Grubu \u015eampiyonu oldu.<\/p>\n<p style=\"margin: 0px; text-align: justify;\"> <span style=\"font-weight: bold;\">\u0130SPANYA\u2019YA B\u0130LET ALDILAR<\/span><\/p>\n<p style=\"margin: 0px; text-align: justify;\"> Son iki senedir T\u00fcrkiye Buz Hokeyi S\u00fcper Lig \u015eampiyonlu\u011fu\u2019nu kimseye kapt\u0131rmayan Zeytinburnu Belediyesi Spor Kul\u00fcb\u00fc, ge\u00e7en sene grup ikincisi oldu\u011fu \u201cIIHF Continental Cup A Grubu Kupas\u0131\u2019nda bu kez liderli\u011fi g\u00f6\u011f\u00fcsledi ve T\u00fcrkiye Buz Hokeyi tarihinde bir ilki ger\u00e7ekle\u015ftirerek \u0130spanya\u2019daki ikinci turda m\u00fccadele etmeye hak kazand\u0131.<\/p>\n<p style=\"margin: 0px; text-align: justify;\"><span style=\"font-weight: bold;\">ATAT\u00dcRK HAVAL\u0130MANI\u2019NDA CO\u015eKULU KAR\u015eILAMA<\/span><\/p>\n<p style=\"margin: 0px; text-align: justify;\"> Zeytinburnu taraftar\u0131n\u0131n co\u015fkulu kar\u015f\u0131lamas\u0131yla <span style=\"font-weight: bold;\">bug\u00fcn saat 16.00\u2019da<\/span> Atat\u00fcrk Havaliman\u0131\u2019na ini\u015f yapacak olan Buz Hokeyi Tak\u0131m\u0131, \u0130spanya\u2019da ger\u00e7ekle\u015ftirilecek olan ikinci grup elemelerinde \u0130ngiltere\u2019den <span style=\"font-weight: bold;\">Nothingham Panthers<\/span>, \u0130spanya\u2019dan <span style=\"font-weight: bold;\">CH Jaca<\/span> ve Letonya\u2019dan <span style=\"font-weight: bold;\">Liepaja<\/span> tak\u0131mlar\u0131yla m\u00fccadele edecek.<\/p>\n<p style=\"margin: 0px; text-align: justify;\"> <span style=\"font-weight: bold;\">SOKAKLARDAN \u015eAMP\u0130YONLU\u011eA<\/span><\/p>\n<p style=\"margin: 0px; text-align: justify;\"> 6 y\u0131l \u00f6nce \u201cDo\u011faya Destek Sizden Buz Pateni Biletiniz Bizden\u201d slogan\u0131yla hikayesi ba\u015flayan Zeytinburnu Belediyesi SK Buz Hokeyi Tak\u0131m\u0131, geri d\u00f6n\u00fc\u015ft\u00fcr\u00fclebilir at\u0131klar\u0131 getiren vatanda\u015flara buz pistinde kayma f\u0131rsat\u0131n\u0131n tan\u0131nd\u0131\u011f\u0131 sosyal sorumluk projesinde hayat buldu. Zeytinburnu Belediye Ba\u015fkan\u0131 Murat Ayd\u0131n\u2019\u0131n, \u201cSorunlu \u00e7ocuklar i\u00e7in buz hokeyi tak\u0131m\u0131 kural\u0131m\u201d fikriyle temelleri at\u0131lan tak\u0131m, son iki y\u0131ld\u0131r T\u00fcrkiye Buz Hokeyi S\u00fcper Lig \u015eampiyonlu\u011fu\u2019nu kimseye b\u0131rakm\u0131yor.<\/p>\n","protected":false},"excerpt":{"rendered":"<p style=\"margin: 0px; text-align: justify;\"><span style=\"font-weight: bold;\">Bulgaristan\u2019\u0131n ba\u015fkenti Sofya\u2019da ger\u00e7ekle\u015ftirilen Avrupa Buz Hokeyi \u015eampiyonlar Ligi\u2019nde (IIHF Continental Cup) Zeytinburnu Belediyesi Buz Hokeyi Tak\u0131m\u0131, nama\u011flup Avrupa Grup \u015eampiyonu oldu. Tak\u0131m, bu ba\u015far\u0131s\u0131yla 35 y\u0131ll\u0131k T\u00fcrkiye Buz Hokeyi tarihinde bir ilke imza att\u0131.<\/span><\/p>\n","protected":false},"author":1,"featured_media":11157,"comment_status":"open","ping_status":"closed","sticky":false,"template":"","format":"standard","meta":{"inline_featured_image":false,"footnotes":""},"categories":[1],"tags":[],"acf":[],"yoast_head":"<!-- This site is optimized with the Yoast SEO plugin v21.5 - https:\/\/yoast.com\/wordpress\/plugins\/seo\/ -->\n<title>T\u00fcrkiye Buz Hokeyi Tarihinde Bir \u0130lk: Zeytinburnu Avrupa Grup \u015eampiyonu! - Zeytinburnu Belediyesi<\/title>\n<meta name=\"robots\" content=\"index, follow, max-snippet:-1, max-image-preview:large, max-video-preview:-1\" \/>\n<link rel=\"canonical\" href=\"https:\/\/zeytinburnu.istanbul\/haberler\/turkiye-buz-hokeyi-tarihinde-bir-ilk-zeytinburnu-avrupa-grup-sampiyonu\/\" \/>\n<meta property=\"og:locale\" content=\"tr_TR\" \/>\n<meta property=\"og:type\" content=\"article\" \/>\n<meta property=\"og:title\" content=\"T\u00fcrkiye Buz Hokeyi Tarihinde Bir \u0130lk: Zeytinburnu Avrupa Grup \u015eampiyonu! - Zeytinburnu Belediyesi\" \/>\n<meta property=\"og:description\" content=\"Bulgaristan\u2019\u0131n ba\u015fkenti Sofya\u2019da ger\u00e7ekle\u015ftirilen Avrupa Buz Hokeyi \u015eampiyonlar Ligi\u2019nde (IIHF Continental Cup) Zeytinburnu Belediyesi Buz Hokeyi Tak\u0131m\u0131, nama\u011flup Avrupa Grup \u015eampiyonu oldu. Tak\u0131m, bu ba\u015far\u0131s\u0131yla 35 y\u0131ll\u0131k T\u00fcrkiye Buz Hokeyi tarihinde bir ilke imza att\u0131.\" \/>\n<meta property=\"og:url\" content=\"https:\/\/zeytinburnu.istanbul\/haberler\/turkiye-buz-hokeyi-tarihinde-bir-ilk-zeytinburnu-avrupa-grup-sampiyonu\/\" \/>\n<meta property=\"og:site_name\" content=\"Zeytinburnu Belediyesi\" \/>\n<meta property=\"article:publisher\" content=\"https:\/\/web.facebook.com\/zeytinburnubld\/\" \/>\n<meta property=\"article:published_time\" content=\"2016-10-02T21:00:00+00:00\" \/>\n<meta property=\"article:modified_time\" content=\"2022-01-24T20:14:34+00:00\" \/>\n<meta property=\"og:image\" content=\"https:\/\/zeytinburnu.istanbul\/wp-content\/uploads\/2016\/10\/eeca36cc.jpg\" \/>\n\t<meta property=\"og:image:width\" content=\"640\" \/>\n\t<meta property=\"og:image:height\" content=\"360\" \/>\n\t<meta property=\"og:image:type\" content=\"image\/jpeg\" \/>\n<meta name=\"author\" content=\"admin\" \/>\n<meta name=\"twitter:card\" content=\"summary_large_image\" \/>\n<meta name=\"twitter:creator\" content=\"@zeytinburnubld\" \/>\n<meta name=\"twitter:site\" content=\"@zeytinburnubld\" \/>\n<meta name=\"twitter:label1\" content=\"Yazan:\" \/>\n\t<meta name=\"twitter:data1\" content=\"admin\" \/>\n\t<meta name=\"twitter:label2\" content=\"Tahmini okuma s\u00fcresi\" \/>\n\t<meta name=\"twitter:data2\" content=\"2 dakika\" \/>\n<script type=\"application\/ld+json\" class=\"yoast-schema-graph\">{\"@context\":\"https:\/\/schema.org\",\"@graph\":[{\"@type\":\"WebPage\",\"@id\":\"https:\/\/zeytinburnu.istanbul\/haberler\/turkiye-buz-hokeyi-tarihinde-bir-ilk-zeytinburnu-avrupa-grup-sampiyonu\/\",\"url\":\"https:\/\/zeytinburnu.istanbul\/haberler\/turkiye-buz-hokeyi-tarihinde-bir-ilk-zeytinburnu-avrupa-grup-sampiyonu\/\",\"name\":\"T\u00fcrkiye Buz Hokeyi Tarihinde Bir \u0130lk: Zeytinburnu Avrupa Grup \u015eampiyonu! - Zeytinburnu Belediyesi\",\"isPartOf\":{\"@id\":\"https:\/\/zeytinburnu.istanbul\/#website\"},\"datePublished\":\"2016-10-02T21:00:00+00:00\",\"dateModified\":\"2022-01-24T20:14:34+00:00\",\"author\":{\"@id\":\"https:\/\/zeytinburnu.istanbul\/#\/schema\/person\/5e01ce47dfbcecbbeea658b9b505b27d\"},\"breadcrumb\":{\"@id\":\"https:\/\/zeytinburnu.istanbul\/haberler\/turkiye-buz-hokeyi-tarihinde-bir-ilk-zeytinburnu-avrupa-grup-sampiyonu\/#breadcrumb\"},\"inLanguage\":\"tr\",\"potentialAction\":[{\"@type\":\"ReadAction\",\"target\":[\"https:\/\/zeytinburnu.istanbul\/haberler\/turkiye-buz-hokeyi-tarihinde-bir-ilk-zeytinburnu-avrupa-grup-sampiyonu\/\"]}]},{\"@type\":\"BreadcrumbList\",\"@id\":\"https:\/\/zeytinburnu.istanbul\/haberler\/turkiye-buz-hokeyi-tarihinde-bir-ilk-zeytinburnu-avrupa-grup-sampiyonu\/#breadcrumb\",\"itemListElement\":[{\"@type\":\"ListItem\",\"position\":1,\"name\":\"Anasayfa\",\"item\":\"https:\/\/zeytinburnu.istanbul\/\"},{\"@type\":\"ListItem\",\"position\":2,\"name\":\"T\u00fcrkiye Buz Hokeyi Tarihinde Bir \u0130lk: Zeytinburnu Avrupa Grup \u015eampiyonu!\"}]},{\"@type\":\"WebSite\",\"@id\":\"https:\/\/zeytinburnu.istanbul\/#website\",\"url\":\"https:\/\/zeytinburnu.istanbul\/\",\"name\":\"Zeytinburnu Belediyesi\",\"description\":\"\",\"potentialAction\":[{\"@type\":\"SearchAction\",\"target\":{\"@type\":\"EntryPoint\",\"urlTemplate\":\"https:\/\/zeytinburnu.istanbul\/?s={search_term_string}\"},\"query-input\":\"required name=search_term_string\"}],\"inLanguage\":\"tr\"},{\"@type\":\"Person\",\"@id\":\"https:\/\/zeytinburnu.istanbul\/#\/schema\/person\/5e01ce47dfbcecbbeea658b9b505b27d\",\"name\":\"admin\",\"image\":{\"@type\":\"ImageObject\",\"inLanguage\":\"tr\",\"@id\":\"https:\/\/zeytinburnu.istanbul\/#\/schema\/person\/image\/\",\"url\":\"https:\/\/secure.gravatar.com\/avatar\/13ea2ae01432bee3f1995a62bf2ab382?s=96&d=mm&r=g\",\"contentUrl\":\"https:\/\/secure.gravatar.com\/avatar\/13ea2ae01432bee3f1995a62bf2ab382?s=96&d=mm&r=g\",\"caption\":\"admin\"},\"sameAs\":[\"https:\/\/zeytinburnu.istanbul\"],\"url\":\"https:\/\/zeytinburnu.istanbul\/author\/pixelate\/\"}]}<\/script>\n<!-- \/ Yoast SEO plugin. -->","yoast_head_json":{"title":"T\u00fcrkiye Buz Hokeyi Tarihinde Bir \u0130lk: Zeytinburnu Avrupa Grup \u015eampiyonu! - Zeytinburnu Belediyesi","robots":{"index":"index","follow":"follow","max-snippet":"max-snippet:-1","max-image-preview":"max-image-preview:large","max-video-preview":"max-video-preview:-1"},"canonical":"https:\/\/zeytinburnu.istanbul\/haberler\/turkiye-buz-hokeyi-tarihinde-bir-ilk-zeytinburnu-avrupa-grup-sampiyonu\/","og_locale":"tr_TR","og_type":"article","og_title":"T\u00fcrkiye Buz Hokeyi Tarihinde Bir \u0130lk: Zeytinburnu Avrupa Grup \u015eampiyonu! - Zeytinburnu Belediyesi","og_description":"Bulgaristan\u2019\u0131n ba\u015fkenti Sofya\u2019da ger\u00e7ekle\u015ftirilen Avrupa Buz Hokeyi \u015eampiyonlar Ligi\u2019nde (IIHF Continental Cup) Zeytinburnu Belediyesi Buz Hokeyi Tak\u0131m\u0131, nama\u011flup Avrupa Grup \u015eampiyonu oldu. Tak\u0131m, bu ba\u015far\u0131s\u0131yla 35 y\u0131ll\u0131k T\u00fcrkiye Buz Hokeyi tarihinde bir ilke imza att\u0131.","og_url":"https:\/\/zeytinburnu.istanbul\/haberler\/turkiye-buz-hokeyi-tarihinde-bir-ilk-zeytinburnu-avrupa-grup-sampiyonu\/","og_site_name":"Zeytinburnu Belediyesi","article_publisher":"https:\/\/web.facebook.com\/zeytinburnubld\/","article_published_time":"2016-10-02T21:00:00+00:00","article_modified_time":"2022-01-24T20:14:34+00:00","og_image":[{"width":640,"height":360,"url":"https:\/\/zeytinburnu.istanbul\/wp-content\/uploads\/2016\/10\/eeca36cc.jpg","type":"image\/jpeg"}],"author":"admin","twitter_card":"summary_large_image","twitter_creator":"@zeytinburnubld","twitter_site":"@zeytinburnubld","twitter_misc":{"Yazan:":"admin","Tahmini okuma s\u00fcresi":"2 dakika"},"schema":{"@context":"https:\/\/schema.org","@graph":[{"@type":"WebPage","@id":"https:\/\/zeytinburnu.istanbul\/haberler\/turkiye-buz-hokeyi-tarihinde-bir-ilk-zeytinburnu-avrupa-grup-sampiyonu\/","url":"https:\/\/zeytinburnu.istanbul\/haberler\/turkiye-buz-hokeyi-tarihinde-bir-ilk-zeytinburnu-avrupa-grup-sampiyonu\/","name":"T\u00fcrkiye Buz Hokeyi Tarihinde Bir \u0130lk: Zeytinburnu Avrupa Grup \u015eampiyonu! - Zeytinburnu Belediyesi","isPartOf":{"@id":"https:\/\/zeytinburnu.istanbul\/#website"},"datePublished":"2016-10-02T21:00:00+00:00","dateModified":"2022-01-24T20:14:34+00:00","author":{"@id":"https:\/\/zeytinburnu.istanbul\/#\/schema\/person\/5e01ce47dfbcecbbeea658b9b505b27d"},"breadcrumb":{"@id":"https:\/\/zeytinburnu.istanbul\/haberler\/turkiye-buz-hokeyi-tarihinde-bir-ilk-zeytinburnu-avrupa-grup-sampiyonu\/#breadcrumb"},"inLanguage":"tr","potentialAction":[{"@type":"ReadAction","target":["https:\/\/zeytinburnu.istanbul\/haberler\/turkiye-buz-hokeyi-tarihinde-bir-ilk-zeytinburnu-avrupa-grup-sampiyonu\/"]}]},{"@type":"BreadcrumbList","@id":"https:\/\/zeytinburnu.istanbul\/haberler\/turkiye-buz-hokeyi-tarihinde-bir-ilk-zeytinburnu-avrupa-grup-sampiyonu\/#breadcrumb","itemListElement":[{"@type":"ListItem","position":1,"name":"Anasayfa","item":"https:\/\/zeytinburnu.istanbul\/"},{"@type":"ListItem","position":2,"name":"T\u00fcrkiye Buz Hokeyi Tarihinde Bir \u0130lk: Zeytinburnu Avrupa Grup \u015eampiyonu!"}]},{"@type":"WebSite","@id":"https:\/\/zeytinburnu.istanbul\/#website","url":"https:\/\/zeytinburnu.istanbul\/","name":"Zeytinburnu Belediyesi","description":"","potentialAction":[{"@type":"SearchAction","target":{"@type":"EntryPoint","urlTemplate":"https:\/\/zeytinburnu.istanbul\/?s={search_term_string}"},"query-input":"required name=search_term_string"}],"inLanguage":"tr"},{"@type":"Person","@id":"https:\/\/zeytinburnu.istanbul\/#\/schema\/person\/5e01ce47dfbcecbbeea658b9b505b27d","name":"admin","image":{"@type":"ImageObject","inLanguage":"tr","@id":"https:\/\/zeytinburnu.istanbul\/#\/schema\/person\/image\/","url":"https:\/\/secure.gravatar.com\/avatar\/13ea2ae01432bee3f1995a62bf2ab382?s=96&d=mm&r=g","contentUrl":"https:\/\/secure.gravatar.com\/avatar\/13ea2ae01432bee3f1995a62bf2ab382?s=96&d=mm&r=g","caption":"admin"},"sameAs":["https:\/\/zeytinburnu.istanbul"],"url":"https:\/\/zeytinburnu.istanbul\/author\/pixelate\/"}]}},"meta_data":{"image_details":{"thumbnail":{"url":"https:\/\/zeytinburnu.istanbul\/wp-content\/uploads\/2016\/10\/eeca36cc.jpg"},"full":{"file":"2016\/10\/eeca36cc.jpg","width":640,"height":360,"mime_type":"image\/jpeg","url":"https:\/\/zeytinburnu.istanbul\/wp-content\/uploads\/2016\/10\/eeca36cc.jpg"}}},"_links":{"self":[{"href":"https:\/\/zeytinburnu.istanbul\/api\/wp\/v2\/posts\/11156"}],"collection":[{"href":"https:\/\/zeytinburnu.istanbul\/api\/wp\/v2\/posts"}],"about":[{"href":"https:\/\/zeytinburnu.istanbul\/api\/wp\/v2\/types\/post"}],"author":[{"embeddable":true,"href":"https:\/\/zeytinburnu.istanbul\/api\/wp\/v2\/users\/1"}],"replies":[{"embeddable":true,"href":"https:\/\/zeytinburnu.istanbul\/api\/wp\/v2\/comments?post=11156"}],"version-history":[{"count":3,"href":"https:\/\/zeytinburnu.istanbul\/api\/wp\/v2\/posts\/11156\/revisions"}],"predecessor-version":[{"id":19557,"href":"https:\/\/zeytinburnu.istanbul\/api\/wp\/v2\/posts\/11156\/revisions\/19557"}],"wp:featuredmedia":[{"embeddable":true,"href":"https:\/\/zeytinburnu.istanbul\/api\/wp\/v2\/media\/11157"}],"wp:attachment":[{"href":"https:\/\/zeytinburnu.istanbul\/api\/wp\/v2\/media?parent=11156"}],"wp:term":[{"taxonomy":"category","embeddable":true,"href":"https:\/\/zeytinburnu.istanbul\/api\/wp\/v2\/categories?post=11156"},{"taxonomy":"post_tag","embeddable":true,"href":"https:\/\/zeytinburnu.istanbul\/api\/wp\/v2\/tags?post=11156"}],"curies":[{"name":"wp","href":"https:\/\/api.w.org\/{rel}","templated":true}]}}